{"id":1029,"date":"2021-03-30T16:09:00","date_gmt":"2021-03-30T16:09:00","guid":{"rendered":"https:\/\/cpka.pt\/bajattmontesalentejanos\/?p=1029"},"modified":"2021-04-03T16:12:38","modified_gmt":"2021-04-03T16:12:38","slug":"lino-carrapeta-inscrito-na-baja-tt","status":"publish","type":"post","link":"https:\/\/cpka.pt\/bajattmontesalentejanos\/2021\/03\/30\/lino-carrapeta-inscrito-na-baja-tt\/","title":{"rendered":"Lino Carrapeta inscrito na Baja TT"},"content":{"rendered":"\n<figure class=\"wp-block-image alignwide size-large\"><img loading=\"lazy\" decoding=\"async\" width=\"824\" height=\"540\" src=\"https:\/\/cpka.pt\/bajattmontesalentejanos\/wp-content\/uploads\/sites\/3\/2021\/04\/FB_IMG_1617466153837.jpg\" alt=\"\" class=\"wp-image-1030\" srcset=\"https:\/\/cpka.pt\/bajattmontesalentejanos\/wp-content\/uploads\/sites\/3\/2021\/04\/FB_IMG_1617466153837.jpg 824w, https:\/\/cpka.pt\/bajattmontesalentejanos\/wp-content\/uploads\/sites\/3\/2021\/04\/FB_IMG_1617466153837-300x197.jpg 300w, https:\/\/cpka.pt\/bajattmontesalentejanos\/wp-content\/uploads\/sites\/3\/2021\/04\/FB_IMG_1617466153837-768x503.jpg 768w\" sizes=\"auto, (max-width: 824px) 100vw, 824px\" \/><figcaption>Lino Carrapeta (Foto: D. R.) <\/figcaption><\/figure>\n\n\n\n<p>Tamb\u00e9m j\u00e1 est\u00e1 inscrita na Baja TT Montes Alentejanos, uma das duplas do Team Grupo Tanqueluz, Lino Carapeta e Rui Ant\u00f3nio, com o bonito e cada vez mais eficaz Land Rover Proto Bowler.<\/p>\n\n\n\n<p>De referir que esta equipa, \u00e9 sem d\u00favida uma das duplas mais carism\u00e1ticas, divertidas e antigas do Campeonato de Portugal de Todo o Terreno, onde sempre reina a boa disposi\u00e7\u00e3o, seja qual for o resultado final\u2026<\/p>\n\n\n\n<h1 class=\"wp-block-heading\"><\/h1>\n","protected":false},"excerpt":{"rendered":"<p>Tamb\u00e9m j\u00e1 est\u00e1 inscrita na Baja TT Montes Alentejanos, uma das duplas do Team Grupo Tanqueluz, Lino Carapeta e Rui Ant\u00f3nio, com o bonito e&hellip;<\/p>\n","protected":false},"author":1,"featured_media":1030,"comment_status":"open","ping_status":"open","sticky":false,"template":"","format":"standard","meta":{"advgb_blocks_editor_width":"","advgb_blocks_columns_visual_guide":"","ngg_post_thumbnail":0,"footnotes":""},"categories":[1],"tags":[],"class_list":["post-1029","post","type-post","status-publish","format-standard","has-post-thumbnail","hentry","category-news2021"],"gutentor_comment":0,"rise-blocks_total_comments":0,"rise-blocks_categories":[{"term_id":1,"name":"Not\u00edcias 2021","slug":"news2021","term_group":0,"term_taxonomy_id":1,"taxonomy":"category","description":"","parent":0,"count":196,"filter":"raw","cat_ID":1,"category_count":196,"category_description":"","cat_name":"Not\u00edcias 2021","category_nicename":"news2021","category_parent":0}],"rise-blocks_excerpt":"Tamb\u00e9m j\u00e1 est\u00e1 inscrita na Baja TT Montes Alentejanos, uma das duplas do Team Grupo Tanqueluz, Lino Carapeta e Rui Ant\u00f3nio, com o bonito e cada vez mais eficaz Land Rover Proto Bowler. De referir que esta equipa, \u00e9 sem d\u00favida uma das duplas mais carism\u00e1ticas, divertidas e antigas do Campeonato de Portugal de Todo o Terreno, onde sempre reina..","aioseo_notices":[],"author_meta":{"display_name":"admin","author_link":"https:\/\/cpka.pt\/bajattmontesalentejanos\/author\/admin\/"},"featured_img":"https:\/\/cpka.pt\/bajattmontesalentejanos\/wp-content\/uploads\/sites\/3\/2021\/04\/FB_IMG_1617466153837-300x197.jpg","coauthors":[],"tax_additional":{"categories":{"linked":["<a href=\"https:\/\/cpka.pt\/bajattmontesalentejanos\/category\/news2021\/\" class=\"advgb-post-tax-term\">Not\u00edcias 2021<\/a>"],"unlinked":["<span class=\"advgb-post-tax-term\">Not\u00edcias 2021<\/span>"]}},"comment_count":"0","relative_dates":{"created":"Posted 5 anos ago","modified":"Updated 5 anos ago"},"absolute_dates":{"created":"Posted on 30 de Mar\u00e7o, 2021","modified":"Updated on 3 de Abril, 2021"},"absolute_dates_time":{"created":"Posted on 30 de Mar\u00e7o, 2021 16:09","modified":"Updated on 3 de Abril, 2021 16:12"},"featured_img_caption":"","series_order":"","_links":{"self":[{"href":"https:\/\/cpka.pt\/bajattmontesalentejanos\/wp-json\/wp\/v2\/posts\/1029","targetHints":{"allow":["GET"]}}],"collection":[{"href":"https:\/\/cpka.pt\/bajattmontesalentejanos\/wp-json\/wp\/v2\/posts"}],"about":[{"href":"https:\/\/cpka.pt\/bajattmontesalentejanos\/wp-json\/wp\/v2\/types\/post"}],"author":[{"embeddable":true,"href":"https:\/\/cpka.pt\/bajattmontesalentejanos\/wp-json\/wp\/v2\/users\/1"}],"replies":[{"embeddable":true,"href":"https:\/\/cpka.pt\/bajattmontesalentejanos\/wp-json\/wp\/v2\/comments?post=1029"}],"version-history":[{"count":1,"href":"https:\/\/cpka.pt\/bajattmontesalentejanos\/wp-json\/wp\/v2\/posts\/1029\/revisions"}],"predecessor-version":[{"id":1031,"href":"https:\/\/cpka.pt\/bajattmontesalentejanos\/wp-json\/wp\/v2\/posts\/1029\/revisions\/1031"}],"wp:featuredmedia":[{"embeddable":true,"href":"https:\/\/cpka.pt\/bajattmontesalentejanos\/wp-json\/wp\/v2\/media\/1030"}],"wp:attachment":[{"href":"https:\/\/cpka.pt\/bajattmontesalentejanos\/wp-json\/wp\/v2\/media?parent=1029"}],"wp:term":[{"taxonomy":"category","embeddable":true,"href":"https:\/\/cpka.pt\/bajattmontesalentejanos\/wp-json\/wp\/v2\/categories?post=1029"},{"taxonomy":"post_tag","embeddable":true,"href":"https:\/\/cpka.pt\/bajattmontesalentejanos\/wp-json\/wp\/v2\/tags?post=1029"}],"curies":[{"name":"wp","href":"https:\/\/api.w.org\/{rel}","templated":true}]}}