{"id":1035,"date":"2021-04-01T16:24:00","date_gmt":"2021-04-01T16:24:00","guid":{"rendered":"https:\/\/cpka.pt\/bajattmontesalentejanos\/?p=1035"},"modified":"2021-04-03T16:27:42","modified_gmt":"2021-04-03T16:27:42","slug":"claudio-carrapeta-tambem-confirmou-inscricao-na-prova","status":"publish","type":"post","link":"https:\/\/cpka.pt\/bajattmontesalentejanos\/2021\/04\/01\/claudio-carrapeta-tambem-confirmou-inscricao-na-prova\/","title":{"rendered":"Cl\u00e1udio Carrapeta tamb\u00e9m confirmou inscri\u00e7\u00e3o na prova"},"content":{"rendered":"\n<figure class=\"wp-block-image alignwide size-large\"><img loading=\"lazy\" decoding=\"async\" width=\"839\" height=\"480\" src=\"https:\/\/cpka.pt\/bajattmontesalentejanos\/wp-content\/uploads\/sites\/3\/2021\/04\/FB_IMG_1617466803224.jpg\" alt=\"\" class=\"wp-image-1036\" srcset=\"https:\/\/cpka.pt\/bajattmontesalentejanos\/wp-content\/uploads\/sites\/3\/2021\/04\/FB_IMG_1617466803224.jpg 839w, https:\/\/cpka.pt\/bajattmontesalentejanos\/wp-content\/uploads\/sites\/3\/2021\/04\/FB_IMG_1617466803224-300x172.jpg 300w, https:\/\/cpka.pt\/bajattmontesalentejanos\/wp-content\/uploads\/sites\/3\/2021\/04\/FB_IMG_1617466803224-768x439.jpg 768w\" sizes=\"auto, (max-width: 839px) 100vw, 839px\" \/><figcaption>Cl\u00e1udio Carrapeta (Foto: D. R.) <\/figcaption><\/figure>\n\n\n\n<p>Cl\u00e1udio Carapeta e S\u00e9rgio Inoc\u00eancio, a segunda dupla do Team Grupo Tanqueluz, tamb\u00e9m j\u00e1 confirmou a sua participa\u00e7\u00e3o na Baja TT Montes Alentejanos, ao inscrever o Bowler Wildcat Proto\u2026 o outro \u201cAmarelinho\u201d da equipa, com que pretendem lutar por um lugar do p\u00f3dio do superdisputado, que vai ser este ano o Grupo T8.<\/p>\n\n\n\n<h1 class=\"wp-block-heading\"><\/h1>\n","protected":false},"excerpt":{"rendered":"<p>Cl\u00e1udio Carapeta e S\u00e9rgio Inoc\u00eancio, a segunda dupla do Team Grupo Tanqueluz, tamb\u00e9m j\u00e1 confirmou a sua participa\u00e7\u00e3o na Baja TT Montes Alentejanos, ao inscrever&hellip;<\/p>\n","protected":false},"author":1,"featured_media":1036,"comment_status":"open","ping_status":"open","sticky":false,"template":"","format":"standard","meta":{"advgb_blocks_editor_width":"","advgb_blocks_columns_visual_guide":"","ngg_post_thumbnail":0,"footnotes":""},"categories":[1],"tags":[16],"class_list":["post-1035","post","type-post","status-publish","format-standard","has-post-thumbnail","hentry","category-news2021","tag-auto"],"gutentor_comment":0,"rise-blocks_total_comments":0,"rise-blocks_categories":[{"term_id":1,"name":"Not\u00edcias 2021","slug":"news2021","term_group":0,"term_taxonomy_id":1,"taxonomy":"category","description":"","parent":0,"count":196,"filter":"raw","cat_ID":1,"category_count":196,"category_description":"","cat_name":"Not\u00edcias 2021","category_nicename":"news2021","category_parent":0}],"rise-blocks_excerpt":"Cl\u00e1udio Carapeta e S\u00e9rgio Inoc\u00eancio, a segunda dupla do Team Grupo Tanqueluz, tamb\u00e9m j\u00e1 confirmou a sua participa\u00e7\u00e3o na Baja TT Montes Alentejanos, ao inscrever o Bowler Wildcat Proto\u2026 o outro \u201cAmarelinho\u201d da equipa, com que pretendem lutar por um lugar do p\u00f3dio do superdisputado, que vai ser este ano o Grupo T8.","aioseo_notices":[],"author_meta":{"display_name":"admin","author_link":"https:\/\/cpka.pt\/bajattmontesalentejanos\/author\/admin\/"},"featured_img":"https:\/\/cpka.pt\/bajattmontesalentejanos\/wp-content\/uploads\/sites\/3\/2021\/04\/FB_IMG_1617466803224-300x172.jpg","coauthors":[],"tax_additional":{"categories":{"linked":["<a href=\"https:\/\/cpka.pt\/bajattmontesalentejanos\/category\/news2021\/\" class=\"advgb-post-tax-term\">Not\u00edcias 2021<\/a>"],"unlinked":["<span class=\"advgb-post-tax-term\">Not\u00edcias 2021<\/span>"]},"tags":{"linked":["<a href=\"https:\/\/cpka.pt\/bajattmontesalentejanos\/category\/news2021\/\" class=\"advgb-post-tax-term\">AUTO<\/a>"],"unlinked":["<span class=\"advgb-post-tax-term\">AUTO<\/span>"]}},"comment_count":"0","relative_dates":{"created":"Posted 5 anos ago","modified":"Updated 5 anos ago"},"absolute_dates":{"created":"Posted on 1 de Abril, 2021","modified":"Updated on 3 de Abril, 2021"},"absolute_dates_time":{"created":"Posted on 1 de Abril, 2021 16:24","modified":"Updated on 3 de Abril, 2021 16:27"},"featured_img_caption":"","series_order":"","_links":{"self":[{"href":"https:\/\/cpka.pt\/bajattmontesalentejanos\/wp-json\/wp\/v2\/posts\/1035","targetHints":{"allow":["GET"]}}],"collection":[{"href":"https:\/\/cpka.pt\/bajattmontesalentejanos\/wp-json\/wp\/v2\/posts"}],"about":[{"href":"https:\/\/cpka.pt\/bajattmontesalentejanos\/wp-json\/wp\/v2\/types\/post"}],"author":[{"embeddable":true,"href":"https:\/\/cpka.pt\/bajattmontesalentejanos\/wp-json\/wp\/v2\/users\/1"}],"replies":[{"embeddable":true,"href":"https:\/\/cpka.pt\/bajattmontesalentejanos\/wp-json\/wp\/v2\/comments?post=1035"}],"version-history":[{"count":1,"href":"https:\/\/cpka.pt\/bajattmontesalentejanos\/wp-json\/wp\/v2\/posts\/1035\/revisions"}],"predecessor-version":[{"id":1037,"href":"https:\/\/cpka.pt\/bajattmontesalentejanos\/wp-json\/wp\/v2\/posts\/1035\/revisions\/1037"}],"wp:featuredmedia":[{"embeddable":true,"href":"https:\/\/cpka.pt\/bajattmontesalentejanos\/wp-json\/wp\/v2\/media\/1036"}],"wp:attachment":[{"href":"https:\/\/cpka.pt\/bajattmontesalentejanos\/wp-json\/wp\/v2\/media?parent=1035"}],"wp:term":[{"taxonomy":"category","embeddable":true,"href":"https:\/\/cpka.pt\/bajattmontesalentejanos\/wp-json\/wp\/v2\/categories?post=1035"},{"taxonomy":"post_tag","embeddable":true,"href":"https:\/\/cpka.pt\/bajattmontesalentejanos\/wp-json\/wp\/v2\/tags?post=1035"}],"curies":[{"name":"wp","href":"https:\/\/api.w.org\/{rel}","templated":true}]}}