{"id":1044,"date":"2021-04-03T16:46:07","date_gmt":"2021-04-03T16:46:07","guid":{"rendered":"https:\/\/cpka.pt\/bajattmontesalentejanos\/?p=1044"},"modified":"2021-05-13T11:30:17","modified_gmt":"2021-05-13T11:30:17","slug":"os-eternos-esquecidos","status":"publish","type":"post","link":"https:\/\/cpka.pt\/bajattmontesalentejanos\/2021\/04\/03\/os-eternos-esquecidos\/","title":{"rendered":"Os eternos esquecidos\u2026"},"content":{"rendered":"\n<figure class=\"wp-block-image alignwide size-large\"><img loading=\"lazy\" decoding=\"async\" width=\"800\" height=\"600\" src=\"https:\/\/cpka.pt\/bajattmontesalentejanos\/wp-content\/uploads\/sites\/3\/2021\/04\/FB_IMG_1617467954154.jpg\" alt=\"\" class=\"wp-image-1045\" srcset=\"https:\/\/cpka.pt\/bajattmontesalentejanos\/wp-content\/uploads\/sites\/3\/2021\/04\/FB_IMG_1617467954154.jpg 800w, https:\/\/cpka.pt\/bajattmontesalentejanos\/wp-content\/uploads\/sites\/3\/2021\/04\/FB_IMG_1617467954154-300x225.jpg 300w, https:\/\/cpka.pt\/bajattmontesalentejanos\/wp-content\/uploads\/sites\/3\/2021\/04\/FB_IMG_1617467954154-768x576.jpg 768w\" sizes=\"auto, (max-width: 800px) 100vw, 800px\" \/><figcaption>Prepara\u00e7\u00e3o da Baja TT Montes Alentejanos (Foto: CPKA) <\/figcaption><\/figure>\n\n\n\n<p>Para que uma prova de Todo o Terreno se realize, s\u00e3o necess\u00e1rios muitos meses de trabalho, dedica\u00e7\u00e3o e preciosa boa vontade e colabora\u00e7\u00e3o dos propriet\u00e1rios dos Montes Alentejanos, por onde a nossa Baja passa.<\/p>\n\n\n\n<p>Sem a indispens\u00e1vel autoriza\u00e7\u00e3o destes propriet\u00e1rios, que na maioria das vezes s\u00e3o incomodados e prejudicados, com a passagem destes eventos nos seus terrenos, queremos agradecer a todos estes propriet\u00e1rios bem como ao Ant\u00f3nio Can\u00e1rio, que \u00e9 o nosso homem, que tem tamb\u00e9m a miss\u00e3o de contactar com estes\u2026 antes, durante e depois da Baja, para que tudo esteja autorizado e decorra da melhor forma e que os preju\u00edzos sejam minimizados\u2026 para que no ano a seguir nos deixem continuar a abrir as portadas das suas propriedades e todos os concorrentes possam usufruir das fant\u00e1sticas pistas dos Montes Alentejanos\u2026<\/p>\n\n\n\n<p>O CPKA est\u00e1 muito grato a todos, e em particular ao Ant\u00f3nio Can\u00e1rio.<\/p>\n\n\n\nngg_shortcode_0_placeholder\n","protected":false},"excerpt":{"rendered":"<p>Para que uma prova de Todo o Terreno se realize, s\u00e3o necess\u00e1rios muitos meses de trabalho, dedica\u00e7\u00e3o e preciosa boa vontade e colabora\u00e7\u00e3o dos propriet\u00e1rios&hellip;<\/p>\n","protected":false},"author":1,"featured_media":1046,"comment_status":"open","ping_status":"open","sticky":false,"template":"","format":"standard","meta":{"advgb_blocks_editor_width":"","advgb_blocks_columns_visual_guide":"","ngg_post_thumbnail":0,"footnotes":""},"categories":[1],"tags":[16,17,14],"class_list":["post-1044","post","type-post","status-publish","format-standard","has-post-thumbnail","hentry","category-news2021","tag-auto","tag-moto","tag-ssv"],"gutentor_comment":0,"rise-blocks_total_comments":0,"rise-blocks_categories":[{"term_id":1,"name":"Not\u00edcias 2021","slug":"news2021","term_group":0,"term_taxonomy_id":1,"taxonomy":"category","description":"","parent":0,"count":196,"filter":"raw","cat_ID":1,"category_count":196,"category_description":"","cat_name":"Not\u00edcias 2021","category_nicename":"news2021","category_parent":0}],"rise-blocks_excerpt":"Para que uma prova de Todo o Terreno se realize, s\u00e3o necess\u00e1rios muitos meses de trabalho, dedica\u00e7\u00e3o e preciosa boa vontade e colabora\u00e7\u00e3o dos propriet\u00e1rios dos Montes Alentejanos, por onde a nossa Baja passa. Sem a indispens\u00e1vel autoriza\u00e7\u00e3o destes propriet\u00e1rios, que na maioria das vezes s\u00e3o incomodados e prejudicados, com a passagem destes eventos nos seus terrenos, queremos agradecer a..","aioseo_notices":[],"author_meta":{"display_name":"admin","author_link":"https:\/\/cpka.pt\/bajattmontesalentejanos\/author\/admin\/"},"featured_img":"https:\/\/cpka.pt\/bajattmontesalentejanos\/wp-content\/uploads\/sites\/3\/2021\/04\/FB_IMG_1617467954154-1-e1618488221858-300x175.jpg","coauthors":[],"tax_additional":{"categories":{"linked":["<a href=\"https:\/\/cpka.pt\/bajattmontesalentejanos\/category\/news2021\/\" class=\"advgb-post-tax-term\">Not\u00edcias 2021<\/a>"],"unlinked":["<span class=\"advgb-post-tax-term\">Not\u00edcias 2021<\/span>"]},"tags":{"linked":["<a href=\"https:\/\/cpka.pt\/bajattmontesalentejanos\/category\/news2021\/\" class=\"advgb-post-tax-term\">AUTO<\/a>","<a href=\"https:\/\/cpka.pt\/bajattmontesalentejanos\/category\/news2021\/\" class=\"advgb-post-tax-term\">MOTO<\/a>","<a href=\"https:\/\/cpka.pt\/bajattmontesalentejanos\/category\/news2021\/\" class=\"advgb-post-tax-term\">SSV<\/a>"],"unlinked":["<span class=\"advgb-post-tax-term\">AUTO<\/span>","<span class=\"advgb-post-tax-term\">MOTO<\/span>","<span class=\"advgb-post-tax-term\">SSV<\/span>"]}},"comment_count":"0","relative_dates":{"created":"Posted 5 anos ago","modified":"Updated 5 anos ago"},"absolute_dates":{"created":"Posted on 3 de Abril, 2021","modified":"Updated on 13 de Maio, 2021"},"absolute_dates_time":{"created":"Posted on 3 de Abril, 2021 16:46","modified":"Updated on 13 de Maio, 2021 11:30"},"featured_img_caption":"","series_order":"","_links":{"self":[{"href":"https:\/\/cpka.pt\/bajattmontesalentejanos\/wp-json\/wp\/v2\/posts\/1044","targetHints":{"allow":["GET"]}}],"collection":[{"href":"https:\/\/cpka.pt\/bajattmontesalentejanos\/wp-json\/wp\/v2\/posts"}],"about":[{"href":"https:\/\/cpka.pt\/bajattmontesalentejanos\/wp-json\/wp\/v2\/types\/post"}],"author":[{"embeddable":true,"href":"https:\/\/cpka.pt\/bajattmontesalentejanos\/wp-json\/wp\/v2\/users\/1"}],"replies":[{"embeddable":true,"href":"https:\/\/cpka.pt\/bajattmontesalentejanos\/wp-json\/wp\/v2\/comments?post=1044"}],"version-history":[{"count":1,"href":"https:\/\/cpka.pt\/bajattmontesalentejanos\/wp-json\/wp\/v2\/posts\/1044\/revisions"}],"predecessor-version":[{"id":1051,"href":"https:\/\/cpka.pt\/bajattmontesalentejanos\/wp-json\/wp\/v2\/posts\/1044\/revisions\/1051"}],"wp:featuredmedia":[{"embeddable":true,"href":"https:\/\/cpka.pt\/bajattmontesalentejanos\/wp-json\/wp\/v2\/media\/1046"}],"wp:attachment":[{"href":"https:\/\/cpka.pt\/bajattmontesalentejanos\/wp-json\/wp\/v2\/media?parent=1044"}],"wp:term":[{"taxonomy":"category","embeddable":true,"href":"https:\/\/cpka.pt\/bajattmontesalentejanos\/wp-json\/wp\/v2\/categories?post=1044"},{"taxonomy":"post_tag","embeddable":true,"href":"https:\/\/cpka.pt\/bajattmontesalentejanos\/wp-json\/wp\/v2\/tags?post=1044"}],"curies":[{"name":"wp","href":"https:\/\/api.w.org\/{rel}","templated":true}]}}