{"id":164,"date":"2020-11-28T12:41:00","date_gmt":"2020-11-28T12:41:00","guid":{"rendered":"https:\/\/cpka.pt\/bajattmontesalentejanos\/?p=164"},"modified":"2020-12-14T13:38:14","modified_gmt":"2020-12-14T13:38:14","slug":"filipe-cameirinha-ramos-embaixador-da-baja-tt-montes-alentejanos","status":"publish","type":"post","link":"https:\/\/cpka.pt\/bajattmontesalentejanos\/2020\/11\/28\/filipe-cameirinha-ramos-embaixador-da-baja-tt-montes-alentejanos\/","title":{"rendered":"Filipe Cameirinha Ramos, Embaixador da Baja TT Montes Alentejanos"},"content":{"rendered":"\n<figure class=\"wp-block-image alignwide size-large\"><img loading=\"lazy\" decoding=\"async\" width=\"640\" height=\"455\" src=\"https:\/\/cpka.pt\/bajattmontesalentejanos\/wp-content\/uploads\/sites\/3\/2020\/12\/Filipe-Cameirinha-Ramos.jpg\" alt=\"\" class=\"wp-image-165\" srcset=\"https:\/\/cpka.pt\/bajattmontesalentejanos\/wp-content\/uploads\/sites\/3\/2020\/12\/Filipe-Cameirinha-Ramos.jpg 640w, https:\/\/cpka.pt\/bajattmontesalentejanos\/wp-content\/uploads\/sites\/3\/2020\/12\/Filipe-Cameirinha-Ramos-300x213.jpg 300w\" sizes=\"auto, (max-width: 640px) 100vw, 640px\" \/><figcaption>Filipe Cameirinha Ramos &#8211; Embaixador da Baja TT Montes Alentejanos<\/figcaption><\/figure>\n\n\n\n<p>Foi com prazer, por amor \u00e1 minha terra e pelo gosto do todo terreno que aceitei o convite do CPKA para ajudar a meter de p\u00e9 a Baja Vindimas do Alentejo ou futura Baja Montes Alentejanos.<\/p>\n\n\n\n<p>N\u00e3o foi f\u00e1cil, foi literalmente um caminho de pedras, mas com a ajuda de muitos, com o \u00e1rduo trabalho da dire\u00e7\u00e3o de prova e com os esfor\u00e7os que se juntaram de outras organiza\u00e7\u00f5es, fizemos sem sombra de d\u00favida uma grande prova!!!<\/p>\n\n\n\n<p>Esta corrida desde o in\u00edcio, que marcou uma posi\u00e7\u00e3o pela positiva quer pela comunica\u00e7\u00e3o, quer pela aten\u00e7\u00e3o aos pilotos, pela publicidade, no final, e at\u00e9 para uma primeira edi\u00e7\u00e3o onde era expect\u00e1vel que muita coisa corresse mal, foi um sucesso.<\/p>\n\n\n\n<p>Uma prova para os pilotos, para o p\u00fablico, para profissionais e para amadores&#8230; uma prova, que pelas suas caracter\u00edsticas de terreno, pelas infraestruturas que disp\u00f5e e pela imensid\u00e3o de espa\u00e7o, tem um potencial incr\u00edvel para o que quer que seja, que se queira fazer&#8230;<\/p>\n\n\n\n<p>O meu trabalho ficou feito, e tal como disse desde o primeiro dia, no pr\u00f3ximo ano estou do \u201coutro lado da trincheira\u201d como piloto, onde gosto de estar e com o sentido de dever cumprido.<\/p>\n\n\n\n<p>Agrade\u00e7o e aceito desde j\u00e1 o t\u00edtulo de Embaixador da prova e desejo do fundo do cora\u00e7\u00e3o a toda a equipa que tornem esta corrida cada vez melhor e mais importante, a bem do nosso desporto, do nosso pa\u00eds e da \u201cminha\u201d terra&#8230;<\/p>\n\n\n\n<p>Bem hajam<br><strong><em>Filipe Cameirinha Ramos<\/em><\/strong><\/p>\n","protected":false},"excerpt":{"rendered":"<p>Foi com prazer, por amor \u00e1 minha terra e pelo gosto do todo terreno que aceitei o convite do CPKA para ajudar a meter de&hellip;<\/p>\n","protected":false},"author":1,"featured_media":188,"comment_status":"closed","ping_status":"closed","sticky":false,"template":"","format":"standard","meta":{"advgb_blocks_editor_width":"","advgb_blocks_columns_visual_guide":"","ngg_post_thumbnail":0,"footnotes":""},"categories":[1],"tags":[],"class_list":["post-164","post","type-post","status-publish","format-standard","has-post-thumbnail","hentry","category-news2021"],"gutentor_comment":0,"rise-blocks_total_comments":0,"rise-blocks_categories":[{"term_id":1,"name":"Not\u00edcias 2021","slug":"news2021","term_group":0,"term_taxonomy_id":1,"taxonomy":"category","description":"","parent":0,"count":196,"filter":"raw","cat_ID":1,"category_count":196,"category_description":"","cat_name":"Not\u00edcias 2021","category_nicename":"news2021","category_parent":0}],"rise-blocks_excerpt":"Foi com prazer, por amor \u00e1 minha terra e pelo gosto do todo terreno que aceitei o convite do CPKA para ajudar a meter de p\u00e9 a Baja Vindimas do Alentejo ou futura Baja Montes Alentejanos. N\u00e3o foi f\u00e1cil, foi literalmente um caminho de pedras, mas com a ajuda de muitos, com o \u00e1rduo trabalho da dire\u00e7\u00e3o de prova e..","aioseo_notices":[],"author_meta":{"display_name":"admin","author_link":"https:\/\/cpka.pt\/bajattmontesalentejanos\/author\/admin\/"},"featured_img":"https:\/\/cpka.pt\/bajattmontesalentejanos\/wp-content\/uploads\/sites\/3\/2020\/11\/Filipe-Cameirinha-Ramos-960-px-300x180.jpg","coauthors":[],"tax_additional":{"categories":{"linked":["<a href=\"https:\/\/cpka.pt\/bajattmontesalentejanos\/category\/news2021\/\" class=\"advgb-post-tax-term\">Not\u00edcias 2021<\/a>"],"unlinked":["<span class=\"advgb-post-tax-term\">Not\u00edcias 2021<\/span>"]}},"comment_count":"0","relative_dates":{"created":"Posted 5 anos ago","modified":"Updated 5 anos ago"},"absolute_dates":{"created":"Posted on 28 de Novembro, 2020","modified":"Updated on 14 de Dezembro, 2020"},"absolute_dates_time":{"created":"Posted on 28 de Novembro, 2020 12:41","modified":"Updated on 14 de Dezembro, 2020 13:38"},"featured_img_caption":"","series_order":"","_links":{"self":[{"href":"https:\/\/cpka.pt\/bajattmontesalentejanos\/wp-json\/wp\/v2\/posts\/164","targetHints":{"allow":["GET"]}}],"collection":[{"href":"https:\/\/cpka.pt\/bajattmontesalentejanos\/wp-json\/wp\/v2\/posts"}],"about":[{"href":"https:\/\/cpka.pt\/bajattmontesalentejanos\/wp-json\/wp\/v2\/types\/post"}],"author":[{"embeddable":true,"href":"https:\/\/cpka.pt\/bajattmontesalentejanos\/wp-json\/wp\/v2\/users\/1"}],"replies":[{"embeddable":true,"href":"https:\/\/cpka.pt\/bajattmontesalentejanos\/wp-json\/wp\/v2\/comments?post=164"}],"version-history":[{"count":1,"href":"https:\/\/cpka.pt\/bajattmontesalentejanos\/wp-json\/wp\/v2\/posts\/164\/revisions"}],"predecessor-version":[{"id":166,"href":"https:\/\/cpka.pt\/bajattmontesalentejanos\/wp-json\/wp\/v2\/posts\/164\/revisions\/166"}],"wp:featuredmedia":[{"embeddable":true,"href":"https:\/\/cpka.pt\/bajattmontesalentejanos\/wp-json\/wp\/v2\/media\/188"}],"wp:attachment":[{"href":"https:\/\/cpka.pt\/bajattmontesalentejanos\/wp-json\/wp\/v2\/media?parent=164"}],"wp:term":[{"taxonomy":"category","embeddable":true,"href":"https:\/\/cpka.pt\/bajattmontesalentejanos\/wp-json\/wp\/v2\/categories?post=164"},{"taxonomy":"post_tag","embeddable":true,"href":"https:\/\/cpka.pt\/bajattmontesalentejanos\/wp-json\/wp\/v2\/tags?post=164"}],"curies":[{"name":"wp","href":"https:\/\/api.w.org\/{rel}","templated":true}]}}