{"id":172,"date":"2020-11-29T13:11:00","date_gmt":"2020-11-29T13:11:00","guid":{"rendered":"https:\/\/cpka.pt\/bajattmontesalentejanos\/?p=172"},"modified":"2020-12-14T13:37:40","modified_gmt":"2020-12-14T13:37:40","slug":"mensagem-de-jorge-paulo-colaco-rosa-presidente-do-municipio-de-mertola","status":"publish","type":"post","link":"https:\/\/cpka.pt\/bajattmontesalentejanos\/2020\/11\/29\/mensagem-de-jorge-paulo-colaco-rosa-presidente-do-municipio-de-mertola\/","title":{"rendered":"Mensagem de Jorge Paulo Cola\u00e7o Rosa, Presidente da C\u00e2mara Municipal de M\u00e9rtola"},"content":{"rendered":"\n<div class=\"wp-block-image\"><figure class=\"alignright size-large is-resized\"><img loading=\"lazy\" decoding=\"async\" src=\"https:\/\/cpka.pt\/bajattmontesalentejanos\/wp-content\/uploads\/sites\/3\/2020\/12\/Jorge-Rosa-1024x1024.jpg\" alt=\"\" class=\"wp-image-173\" width=\"283\" height=\"283\" srcset=\"https:\/\/cpka.pt\/bajattmontesalentejanos\/wp-content\/uploads\/sites\/3\/2020\/12\/Jorge-Rosa-1024x1024.jpg 1024w, https:\/\/cpka.pt\/bajattmontesalentejanos\/wp-content\/uploads\/sites\/3\/2020\/12\/Jorge-Rosa-300x300.jpg 300w, https:\/\/cpka.pt\/bajattmontesalentejanos\/wp-content\/uploads\/sites\/3\/2020\/12\/Jorge-Rosa-150x150.jpg 150w, https:\/\/cpka.pt\/bajattmontesalentejanos\/wp-content\/uploads\/sites\/3\/2020\/12\/Jorge-Rosa-768x767.jpg 768w, https:\/\/cpka.pt\/bajattmontesalentejanos\/wp-content\/uploads\/sites\/3\/2020\/12\/Jorge-Rosa-600x600.jpg 600w, https:\/\/cpka.pt\/bajattmontesalentejanos\/wp-content\/uploads\/sites\/3\/2020\/12\/Jorge-Rosa-1170x1169.jpg 1170w, https:\/\/cpka.pt\/bajattmontesalentejanos\/wp-content\/uploads\/sites\/3\/2020\/12\/Jorge-Rosa.jpg 1366w\" sizes=\"auto, (max-width: 283px) 100vw, 283px\" \/><figcaption>Jorge Rosa (Presidente da C\u00e2mara Municipal de M\u00e9rtola)<\/figcaption><\/figure><\/div>\n\n\n\n<p>Dirijo-me a todos\/as v\u00f3s com um sentimento de dever cumprido, pois foi com enorme alegria que testemunhei o regresso de uma grande competi\u00e7\u00e3o autom\u00f3vel \u00e0s estradas do nosso concelho. Sa\u00fado todos\/as aqueles\/as que tornaram este projeto real, ajudando a potenciar a nossa regi\u00e3o, promovendo a nossa riqueza patrimonial, hist\u00f3rica e gastron\u00f3mica, para al\u00e9m da forma como sabemos receber e retribuir a todos\/as que nos ajudam e que connosco querem organizar eventos desta grandeza.O concelho de M\u00e9rtola tem recebido, ao longo destes \u00faltimos anos, as principais marcas e pilotos de ralis do mundo, e o feedback que recebemos \u00e9 muito positivo, n\u00e3o s\u00f3 pela qualidade dos tro\u00e7os, mas tamb\u00e9m pela forma reservada que conseguimos proporcionar \u00e0s equipas e pilotos, de modo a obterem os resultados desejados.O Munic\u00edpio de M\u00e9rtola vem ao longo dos \u00faltimos anos, atrav\u00e9s de uma estrat\u00e9gia tur\u00edstica consolidada, promovendo a nossa riqueza natural e patrimonial, s\u00e3o v\u00e1rios os eventos que organizamos anualmente, quer sejam de natureza competitiva, quer sejam de natureza l\u00fadica. O nosso principal objetivo \u00e9 atrair mais visitantes ao nosso territ\u00f3rio, e criar mais e melhores condi\u00e7\u00f5es aos\/\u00e0s habitantes do nosso concelho, combatendo a desertifica\u00e7\u00e3o, com novas medidas e projetos de valoriza\u00e7\u00e3o do territ\u00f3rio.Despe\u00e7o-me de todos\/as com votos de um r\u00e1pido regresso \u00e0 normalidade que perdemos recentemente, devido ao Covid 19, e que possamos continuar a desenvolver o nosso territ\u00f3rio de forma empenhada e com parcerias que resultam em mais valias como a que fizemos com o CPKA, na organiza\u00e7\u00e3o do Baja TT Vindimas do Alentejo.<\/p>\n\n\n\n<p><strong><em>Texto: Jorge Paulo Cola\u00e7o Rosa (Presidente da C\u00e2mara Municipal de M\u00e9rtola)<\/em><\/strong><\/p>\n\n\n\n<figure class=\"wp-block-image alignwide size-large\"><img loading=\"lazy\" decoding=\"async\" width=\"720\" height=\"1024\" src=\"https:\/\/cpka.pt\/bajattmontesalentejanos\/wp-content\/uploads\/sites\/3\/2020\/12\/mertola-1-720x1024.jpg\" alt=\"\" class=\"wp-image-175\" srcset=\"https:\/\/cpka.pt\/bajattmontesalentejanos\/wp-content\/uploads\/sites\/3\/2020\/12\/mertola-1-720x1024.jpg 720w, https:\/\/cpka.pt\/bajattmontesalentejanos\/wp-content\/uploads\/sites\/3\/2020\/12\/mertola-1-211x300.jpg 211w, https:\/\/cpka.pt\/bajattmontesalentejanos\/wp-content\/uploads\/sites\/3\/2020\/12\/mertola-1-768x1093.jpg 768w, https:\/\/cpka.pt\/bajattmontesalentejanos\/wp-content\/uploads\/sites\/3\/2020\/12\/mertola-1-1079x1536.jpg 1079w, https:\/\/cpka.pt\/bajattmontesalentejanos\/wp-content\/uploads\/sites\/3\/2020\/12\/mertola-1-1170x1665.jpg 1170w, https:\/\/cpka.pt\/bajattmontesalentejanos\/wp-content\/uploads\/sites\/3\/2020\/12\/mertola-1.jpg 1258w\" sizes=\"auto, (max-width: 720px) 100vw, 720px\" \/><\/figure>\n","protected":false},"excerpt":{"rendered":"<p>Dirijo-me a todos\/as v\u00f3s com um sentimento de dever cumprido, pois foi com enorme alegria que testemunhei o regresso de uma grande competi\u00e7\u00e3o autom\u00f3vel \u00e0s&hellip;<\/p>\n","protected":false},"author":1,"featured_media":187,"comment_status":"closed","ping_status":"closed","sticky":false,"template":"","format":"standard","meta":{"advgb_blocks_editor_width":"","advgb_blocks_columns_visual_guide":"","ngg_post_thumbnail":0,"footnotes":""},"categories":[1],"tags":[16,17,15,14],"class_list":["post-172","post","type-post","status-publish","format-standard","has-post-thumbnail","hentry","category-news2021","tag-auto","tag-moto","tag-quad","tag-ssv"],"gutentor_comment":0,"rise-blocks_total_comments":0,"rise-blocks_categories":[{"term_id":1,"name":"Not\u00edcias 2021","slug":"news2021","term_group":0,"term_taxonomy_id":1,"taxonomy":"category","description":"","parent":0,"count":196,"filter":"raw","cat_ID":1,"category_count":196,"category_description":"","cat_name":"Not\u00edcias 2021","category_nicename":"news2021","category_parent":0}],"rise-blocks_excerpt":"Dirijo-me a todos\/as v\u00f3s com um sentimento de dever cumprido, pois foi com enorme alegria que testemunhei o regresso de uma grande competi\u00e7\u00e3o autom\u00f3vel \u00e0s estradas do nosso concelho. Sa\u00fado todos\/as aqueles\/as que tornaram este projeto real, ajudando a potenciar a nossa regi\u00e3o, promovendo a nossa riqueza patrimonial, hist\u00f3rica e gastron\u00f3mica, para al\u00e9m da forma como sabemos receber e retribuir..","aioseo_notices":[],"author_meta":{"display_name":"admin","author_link":"https:\/\/cpka.pt\/bajattmontesalentejanos\/author\/admin\/"},"featured_img":"https:\/\/cpka.pt\/bajattmontesalentejanos\/wp-content\/uploads\/sites\/3\/2020\/11\/Jorge-Rosa-960-px-300x179.jpg","coauthors":[],"tax_additional":{"categories":{"linked":["<a href=\"https:\/\/cpka.pt\/bajattmontesalentejanos\/category\/news2021\/\" class=\"advgb-post-tax-term\">Not\u00edcias 2021<\/a>"],"unlinked":["<span class=\"advgb-post-tax-term\">Not\u00edcias 2021<\/span>"]},"tags":{"linked":["<a href=\"https:\/\/cpka.pt\/bajattmontesalentejanos\/category\/news2021\/\" class=\"advgb-post-tax-term\">AUTO<\/a>","<a href=\"https:\/\/cpka.pt\/bajattmontesalentejanos\/category\/news2021\/\" class=\"advgb-post-tax-term\">MOTO<\/a>","<a href=\"https:\/\/cpka.pt\/bajattmontesalentejanos\/category\/news2021\/\" class=\"advgb-post-tax-term\">QUAD<\/a>","<a href=\"https:\/\/cpka.pt\/bajattmontesalentejanos\/category\/news2021\/\" class=\"advgb-post-tax-term\">SSV<\/a>"],"unlinked":["<span class=\"advgb-post-tax-term\">AUTO<\/span>","<span class=\"advgb-post-tax-term\">MOTO<\/span>","<span class=\"advgb-post-tax-term\">QUAD<\/span>","<span class=\"advgb-post-tax-term\">SSV<\/span>"]}},"comment_count":"0","relative_dates":{"created":"Posted 5 anos ago","modified":"Updated 5 anos ago"},"absolute_dates":{"created":"Posted on 29 de Novembro, 2020","modified":"Updated on 14 de Dezembro, 2020"},"absolute_dates_time":{"created":"Posted on 29 de Novembro, 2020 13:11","modified":"Updated on 14 de Dezembro, 2020 13:37"},"featured_img_caption":"","series_order":"","_links":{"self":[{"href":"https:\/\/cpka.pt\/bajattmontesalentejanos\/wp-json\/wp\/v2\/posts\/172","targetHints":{"allow":["GET"]}}],"collection":[{"href":"https:\/\/cpka.pt\/bajattmontesalentejanos\/wp-json\/wp\/v2\/posts"}],"about":[{"href":"https:\/\/cpka.pt\/bajattmontesalentejanos\/wp-json\/wp\/v2\/types\/post"}],"author":[{"embeddable":true,"href":"https:\/\/cpka.pt\/bajattmontesalentejanos\/wp-json\/wp\/v2\/users\/1"}],"replies":[{"embeddable":true,"href":"https:\/\/cpka.pt\/bajattmontesalentejanos\/wp-json\/wp\/v2\/comments?post=172"}],"version-history":[{"count":3,"href":"https:\/\/cpka.pt\/bajattmontesalentejanos\/wp-json\/wp\/v2\/posts\/172\/revisions"}],"predecessor-version":[{"id":181,"href":"https:\/\/cpka.pt\/bajattmontesalentejanos\/wp-json\/wp\/v2\/posts\/172\/revisions\/181"}],"wp:featuredmedia":[{"embeddable":true,"href":"https:\/\/cpka.pt\/bajattmontesalentejanos\/wp-json\/wp\/v2\/media\/187"}],"wp:attachment":[{"href":"https:\/\/cpka.pt\/bajattmontesalentejanos\/wp-json\/wp\/v2\/media?parent=172"}],"wp:term":[{"taxonomy":"category","embeddable":true,"href":"https:\/\/cpka.pt\/bajattmontesalentejanos\/wp-json\/wp\/v2\/categories?post=172"},{"taxonomy":"post_tag","embeddable":true,"href":"https:\/\/cpka.pt\/bajattmontesalentejanos\/wp-json\/wp\/v2\/tags?post=172"}],"curies":[{"name":"wp","href":"https:\/\/api.w.org\/{rel}","templated":true}]}}