{"id":1754,"date":"2022-02-20T18:21:00","date_gmt":"2022-02-20T18:21:00","guid":{"rendered":"https:\/\/cpka.pt\/bajattmontesalentejanos\/?p=1754"},"modified":"2022-02-20T18:42:47","modified_gmt":"2022-02-20T18:42:47","slug":"joao-ferreira-em-mini-vence-a-baja-tt-montes-alentejanos","status":"publish","type":"post","link":"https:\/\/cpka.pt\/bajattmontesalentejanos\/2022\/02\/20\/joao-ferreira-em-mini-vence-a-baja-tt-montes-alentejanos\/","title":{"rendered":"Jo\u00e3o Ferreira em Mini vence a Baja TT Montes Alentejanos"},"content":{"rendered":"\n<p>Jo\u00e3o Ferreira navegado por David Monteiro, aos comandos de um Mini John Cooper Works Rally, foi o grande vencedor da Baja TT Montes Alentejanos, jornada de abertura do Campeonato de Portugal de Todo-o-Terreno, numa competi\u00e7\u00e3o onde foi acompanhado no p\u00f3dio pelo piloto brasileiro Christian Baumgart e pelo campe\u00e3o nacional Tiago Reis, ambos em Toyota.<\/p>\n\n\n\n<p>\u201cO balan\u00e7o \u00e9 muito positivo. Estre\u00e1mos um carro novo nesta corrida, no meio destes \u2018tubar\u00f5es\u2019 todos e come\u00e7\u00e1mos por conseguir no pr\u00f3logo fazer logo um segundo lugar. No setor da tarde ganh\u00e1mos, hoje volt\u00e1mos a ganhar. O Tiago estava a andar muito bem, mas penso que houve algum problema que o atrasou. O andamento foi bom. O carro \u00e9 \u00f3timo. Hoje and\u00e1mos melhor que ontem, pelo menos n\u00e3o cometi muitos erros e dai tamb\u00e9m o resultado ser bastante melhor. Pelo feedback que tenho do David o Roadbook tamb\u00e9m est\u00e1 muito bem feito e os tro\u00e7os s\u00e3o espetaculares, muito semelhantes \u00e0 prova que fizemos h\u00e1 dois anos. Estamos muito surpreendidos e contentes com o resultado\u201d, revelou o jovem no final da Baja TT Montes Alentejanos.<\/p>\n\n\n\n<p>A contas com v\u00e1rios furos e com uma penaliza\u00e7\u00e3o de um minuto, o Campe\u00e3o Nacional Tiago Reis ficou em terceiro lugar, a 35s do brasileiro Christian Baumgart que viu o irm\u00e3o Marcus terminar em quatro lugar, tamb\u00e9m em Toyota, ambas preparadas e assistidas pela equipa de Tiago Reis.<\/p>\n\n\n\n<p>Alejandro Martins, num Mini John Cooper Works Rally, encerrou o Top 5 com 32s de vantagem para Nuno Madeira em Ford Ranger. Jo\u00e3o Dias em Can-Am terminou em 7\u00ba lugar e venceu a Classe T3.<\/p>\n\n\n\n<p>Os restantes vencedores foram\u00a0Fernando Barreiros (Isuzu) em T2<strong>,\u00a0<\/strong>Filipe Cardoso (Can-Am)na classe T4 e entre os T8 triunfouNuno Tordo (Nissan Navara).<\/p>\n\n\n\n<figure class=\"wp-block-image size-large\"><img loading=\"lazy\" decoding=\"async\" width=\"1024\" height=\"682\" src=\"https:\/\/cpka.pt\/bajattmontesalentejanos\/wp-content\/uploads\/sites\/3\/2022\/02\/540_Joao-Ferreira_Baja-TT-Montes-Alentejanos-2022-1-1024x682.jpg\" alt=\"\" class=\"wp-image-1755\" srcset=\"https:\/\/cpka.pt\/bajattmontesalentejanos\/wp-content\/uploads\/sites\/3\/2022\/02\/540_Joao-Ferreira_Baja-TT-Montes-Alentejanos-2022-1-1024x682.jpg 1024w, https:\/\/cpka.pt\/bajattmontesalentejanos\/wp-content\/uploads\/sites\/3\/2022\/02\/540_Joao-Ferreira_Baja-TT-Montes-Alentejanos-2022-1-300x200.jpg 300w, https:\/\/cpka.pt\/bajattmontesalentejanos\/wp-content\/uploads\/sites\/3\/2022\/02\/540_Joao-Ferreira_Baja-TT-Montes-Alentejanos-2022-1-768x512.jpg 768w, https:\/\/cpka.pt\/bajattmontesalentejanos\/wp-content\/uploads\/sites\/3\/2022\/02\/540_Joao-Ferreira_Baja-TT-Montes-Alentejanos-2022-1-1200x800.jpg 1200w, https:\/\/cpka.pt\/bajattmontesalentejanos\/wp-content\/uploads\/sites\/3\/2022\/02\/540_Joao-Ferreira_Baja-TT-Montes-Alentejanos-2022-1-1170x780.jpg 1170w, https:\/\/cpka.pt\/bajattmontesalentejanos\/wp-content\/uploads\/sites\/3\/2022\/02\/540_Joao-Ferreira_Baja-TT-Montes-Alentejanos-2022-1.jpg 1280w\" sizes=\"auto, (max-width: 1024px) 100vw, 1024px\" \/><\/figure>\n","protected":false},"excerpt":{"rendered":"<p>Jo\u00e3o Ferreira navegado por David Monteiro, aos comandos de um Mini John Cooper Works Rally, foi o grande vencedor da Baja TT Montes Alentejanos, jornada&hellip;<\/p>\n","protected":false},"author":2,"featured_media":1755,"comment_status":"open","ping_status":"open","sticky":false,"template":"","format":"standard","meta":{"advgb_blocks_editor_width":"","advgb_blocks_columns_visual_guide":"","ngg_post_thumbnail":0,"footnotes":""},"categories":[22,1],"tags":[16],"class_list":["post-1754","post","type-post","status-publish","format-standard","has-post-thumbnail","hentry","category-news","category-news2021","tag-auto"],"gutentor_comment":0,"rise-blocks_total_comments":0,"rise-blocks_categories":[{"term_id":22,"name":"Not\u00edcias","slug":"news","term_group":0,"term_taxonomy_id":22,"taxonomy":"category","description":"","parent":0,"count":136,"filter":"raw","cat_ID":22,"category_count":136,"category_description":"","cat_name":"Not\u00edcias","category_nicename":"news","category_parent":0},{"term_id":1,"name":"Not\u00edcias 2021","slug":"news2021","term_group":0,"term_taxonomy_id":1,"taxonomy":"category","description":"","parent":0,"count":196,"filter":"raw","cat_ID":1,"category_count":196,"category_description":"","cat_name":"Not\u00edcias 2021","category_nicename":"news2021","category_parent":0}],"rise-blocks_excerpt":"Jo\u00e3o Ferreira navegado por David Monteiro, aos comandos de um Mini John Cooper Works Rally, foi o grande vencedor da Baja TT Montes Alentejanos, jornada de abertura do Campeonato de Portugal de Todo-o-Terreno, numa competi\u00e7\u00e3o onde foi acompanhado no p\u00f3dio pelo piloto brasileiro Christian Baumgart e pelo campe\u00e3o nacional Tiago Reis, ambos em Toyota. \u201cO balan\u00e7o \u00e9 muito positivo. Estre\u00e1mos..","aioseo_notices":[],"author_meta":{"display_name":"cpka","author_link":"https:\/\/cpka.pt\/bajattmontesalentejanos\/author\/cpka\/"},"featured_img":"https:\/\/cpka.pt\/bajattmontesalentejanos\/wp-content\/uploads\/sites\/3\/2022\/02\/540_Joao-Ferreira_Baja-TT-Montes-Alentejanos-2022-1-300x200.jpg","coauthors":[],"tax_additional":{"categories":{"linked":["<a href=\"https:\/\/cpka.pt\/bajattmontesalentejanos\/category\/news\/\" class=\"advgb-post-tax-term\">Not\u00edcias<\/a>","<a href=\"https:\/\/cpka.pt\/bajattmontesalentejanos\/category\/news2021\/\" class=\"advgb-post-tax-term\">Not\u00edcias 2021<\/a>"],"unlinked":["<span class=\"advgb-post-tax-term\">Not\u00edcias<\/span>","<span class=\"advgb-post-tax-term\">Not\u00edcias 2021<\/span>"]},"tags":{"linked":["<a href=\"https:\/\/cpka.pt\/bajattmontesalentejanos\/category\/news2021\/\" class=\"advgb-post-tax-term\">AUTO<\/a>"],"unlinked":["<span class=\"advgb-post-tax-term\">AUTO<\/span>"]}},"comment_count":"0","relative_dates":{"created":"Posted 4 anos ago","modified":"Updated 4 anos ago"},"absolute_dates":{"created":"Posted on 20 de Fevereiro, 2022","modified":"Updated on 20 de Fevereiro, 2022"},"absolute_dates_time":{"created":"Posted on 20 de Fevereiro, 2022 18:21","modified":"Updated on 20 de Fevereiro, 2022 18:42"},"featured_img_caption":"","series_order":"","_links":{"self":[{"href":"https:\/\/cpka.pt\/bajattmontesalentejanos\/wp-json\/wp\/v2\/posts\/1754","targetHints":{"allow":["GET"]}}],"collection":[{"href":"https:\/\/cpka.pt\/bajattmontesalentejanos\/wp-json\/wp\/v2\/posts"}],"about":[{"href":"https:\/\/cpka.pt\/bajattmontesalentejanos\/wp-json\/wp\/v2\/types\/post"}],"author":[{"embeddable":true,"href":"https:\/\/cpka.pt\/bajattmontesalentejanos\/wp-json\/wp\/v2\/users\/2"}],"replies":[{"embeddable":true,"href":"https:\/\/cpka.pt\/bajattmontesalentejanos\/wp-json\/wp\/v2\/comments?post=1754"}],"version-history":[{"count":1,"href":"https:\/\/cpka.pt\/bajattmontesalentejanos\/wp-json\/wp\/v2\/posts\/1754\/revisions"}],"predecessor-version":[{"id":1756,"href":"https:\/\/cpka.pt\/bajattmontesalentejanos\/wp-json\/wp\/v2\/posts\/1754\/revisions\/1756"}],"wp:featuredmedia":[{"embeddable":true,"href":"https:\/\/cpka.pt\/bajattmontesalentejanos\/wp-json\/wp\/v2\/media\/1755"}],"wp:attachment":[{"href":"https:\/\/cpka.pt\/bajattmontesalentejanos\/wp-json\/wp\/v2\/media?parent=1754"}],"wp:term":[{"taxonomy":"category","embeddable":true,"href":"https:\/\/cpka.pt\/bajattmontesalentejanos\/wp-json\/wp\/v2\/categories?post=1754"},{"taxonomy":"post_tag","embeddable":true,"href":"https:\/\/cpka.pt\/bajattmontesalentejanos\/wp-json\/wp\/v2\/tags?post=1754"}],"curies":[{"name":"wp","href":"https:\/\/api.w.org\/{rel}","templated":true}]}}