{"id":200,"date":"2020-12-01T14:09:00","date_gmt":"2020-12-01T14:09:00","guid":{"rendered":"https:\/\/cpka.pt\/bajattmontesalentejanos\/?p=200"},"modified":"2020-12-14T14:12:35","modified_gmt":"2020-12-14T14:12:35","slug":"nelson-brito-presidente-da-camara-municipal-de-aljustrel","status":"publish","type":"post","link":"https:\/\/cpka.pt\/bajattmontesalentejanos\/2020\/12\/01\/nelson-brito-presidente-da-camara-municipal-de-aljustrel\/","title":{"rendered":"Nelson Brito, Presidente da C\u00e2mara Municipal de Aljustrel"},"content":{"rendered":"\n<div class=\"wp-block-image\"><figure class=\"alignright size-large is-resized\"><img loading=\"lazy\" decoding=\"async\" src=\"https:\/\/cpka.pt\/bajattmontesalentejanos\/wp-content\/uploads\/sites\/3\/2020\/12\/Nelson-Brito.jpg\" alt=\"\" class=\"wp-image-201\" width=\"343\" height=\"283\" srcset=\"https:\/\/cpka.pt\/bajattmontesalentejanos\/wp-content\/uploads\/sites\/3\/2020\/12\/Nelson-Brito.jpg 720w, https:\/\/cpka.pt\/bajattmontesalentejanos\/wp-content\/uploads\/sites\/3\/2020\/12\/Nelson-Brito-300x248.jpg 300w\" sizes=\"auto, (max-width: 343px) 100vw, 343px\" \/><figcaption>Nelson Brito &#8211; Presidente da C\u00e2mara Municipal de Aljustrel<\/figcaption><\/figure><\/div>\n\n\n\n<p>A regi\u00e3o Alentejo, j\u00e1 se sabe, \u00e9 f\u00e9rtil em potencialidades e, como tal, prop\u00edcia ao aparecimento de oportunidades, importando, assim, que se reflitam a\u00e7\u00f5es e estrat\u00e9gias no que concerne aos principais temas de desenvolvimento. \u00c9 por isso, tamb\u00e9m, que importa olhar e, sobretudo, contribuir para a interpreta\u00e7\u00e3o dos novos sinais e sinergias que v\u00e3o surgindo e que emergem de diversos atores, desde entidades p\u00fablicas a privadas, e de parcerias que abonam a favor do progresso deste territ\u00f3rio. \u00c9 com especial agrado que o Munic\u00edpio de Aljustrel constata a exist\u00eancia de iniciativas que atraem gente para a regi\u00e3o, que a ajudam a promover e potenciar e que, sobretudo, a enchem ainda mais de vida. \u00c9 o caso do Baja TT Vindimas do Alentejo. Uma iniciativa que mostra as paisagens, que sai por esses campos fora, rompendo a plan\u00edcie, mas que deixa tamb\u00e9m atividades e mais-valias em aldeias, vilas e cidades, contribuindo para o chegar de campeonatos desportivos, por vezes, mais distantes de alguns habitantes, chegando assim a todos, mas tamb\u00e9m alertando para a import\u00e2ncia da preserva\u00e7\u00e3o deste territ\u00f3rio, com caracter\u00edsticas \u00fanicas e com excelentes condi\u00e7\u00f5es para a pr\u00e1tica da modalidade de Todo o Terreno (TT). Aljustrel est\u00e1 sempre dispon\u00edvel para acolher todos os que possam ajudar a desenvolver este concelho. E porque este \u00e9 um munic\u00edpio que sabe receber, acolher e mostrar o que tem de melhor, \u00e9 com especial contentamento que vimos este territ\u00f3rio ser atravessado por este evento, que deixou marcas, acreditando que os seus participantes, tamb\u00e9m tenham levado muitas e boas recorda\u00e7\u00f5es desta terra e das suas gentes. Renovamos o compromisso e a disponibilidade de no futuro continuarmos a colaborar, dentro das nossas possibilidades, para ajudar a desenvolver iniciativas que tenham como finalidade a promo\u00e7\u00e3o do que melhor fazemos e produzimos. Somos detentores de uma heran\u00e7a da qual n\u00e3o abdicamos, desta especificidade \u00fanica, de sermos um concelho rural, mas ligado \u00e0 atividade mineira, desta paisagem marcada por estes dois fatores, e desta maneira de ser e de estar, da nossa cultura e identidade, mas que estamos sempre dispon\u00edveis para partilhar com quem nos queira visitar.<\/p>\n\n\n\n<p><strong><em>Texto: Nelson Brito (Presidente da C\u00e2mara Municipal de Aljustrel<\/em><\/strong>)<\/p>\n\n\n\n<figure class=\"wp-block-image alignwide size-large\"><img loading=\"lazy\" decoding=\"async\" width=\"724\" height=\"1024\" src=\"https:\/\/cpka.pt\/bajattmontesalentejanos\/wp-content\/uploads\/sites\/3\/2020\/12\/Ajustrel-724x1024.jpg\" alt=\"\" class=\"wp-image-202\" srcset=\"https:\/\/cpka.pt\/bajattmontesalentejanos\/wp-content\/uploads\/sites\/3\/2020\/12\/Ajustrel-724x1024.jpg 724w, https:\/\/cpka.pt\/bajattmontesalentejanos\/wp-content\/uploads\/sites\/3\/2020\/12\/Ajustrel-212x300.jpg 212w, https:\/\/cpka.pt\/bajattmontesalentejanos\/wp-content\/uploads\/sites\/3\/2020\/12\/Ajustrel-768x1086.jpg 768w, https:\/\/cpka.pt\/bajattmontesalentejanos\/wp-content\/uploads\/sites\/3\/2020\/12\/Ajustrel-1086x1536.jpg 1086w, https:\/\/cpka.pt\/bajattmontesalentejanos\/wp-content\/uploads\/sites\/3\/2020\/12\/Ajustrel-1170x1655.jpg 1170w, https:\/\/cpka.pt\/bajattmontesalentejanos\/wp-content\/uploads\/sites\/3\/2020\/12\/Ajustrel.jpg 1240w\" sizes=\"auto, (max-width: 724px) 100vw, 724px\" \/><\/figure>\n","protected":false},"excerpt":{"rendered":"<p>A regi\u00e3o Alentejo, j\u00e1 se sabe, \u00e9 f\u00e9rtil em potencialidades e, como tal, prop\u00edcia ao aparecimento de oportunidades, importando, assim, que se reflitam a\u00e7\u00f5es e&hellip;<\/p>\n","protected":false},"author":1,"featured_media":203,"comment_status":"closed","ping_status":"closed","sticky":false,"template":"","format":"standard","meta":{"advgb_blocks_editor_width":"","advgb_blocks_columns_visual_guide":"","ngg_post_thumbnail":0,"footnotes":""},"categories":[1],"tags":[16,17,15,14],"class_list":["post-200","post","type-post","status-publish","format-standard","has-post-thumbnail","hentry","category-news2021","tag-auto","tag-moto","tag-quad","tag-ssv"],"gutentor_comment":0,"rise-blocks_total_comments":0,"rise-blocks_categories":[{"term_id":1,"name":"Not\u00edcias 2021","slug":"news2021","term_group":0,"term_taxonomy_id":1,"taxonomy":"category","description":"","parent":0,"count":196,"filter":"raw","cat_ID":1,"category_count":196,"category_description":"","cat_name":"Not\u00edcias 2021","category_nicename":"news2021","category_parent":0}],"rise-blocks_excerpt":"A regi\u00e3o Alentejo, j\u00e1 se sabe, \u00e9 f\u00e9rtil em potencialidades e, como tal, prop\u00edcia ao aparecimento de oportunidades, importando, assim, que se reflitam a\u00e7\u00f5es e estrat\u00e9gias no que concerne aos principais temas de desenvolvimento. \u00c9 por isso, tamb\u00e9m, que importa olhar e, sobretudo, contribuir para a interpreta\u00e7\u00e3o dos novos sinais e sinergias que v\u00e3o surgindo e que emergem de diversos..","aioseo_notices":[],"author_meta":{"display_name":"admin","author_link":"https:\/\/cpka.pt\/bajattmontesalentejanos\/author\/admin\/"},"featured_img":"https:\/\/cpka.pt\/bajattmontesalentejanos\/wp-content\/uploads\/sites\/3\/2020\/12\/Nelson-Brito-960-px-300x179.jpg","coauthors":[],"tax_additional":{"categories":{"linked":["<a href=\"https:\/\/cpka.pt\/bajattmontesalentejanos\/category\/news2021\/\" class=\"advgb-post-tax-term\">Not\u00edcias 2021<\/a>"],"unlinked":["<span class=\"advgb-post-tax-term\">Not\u00edcias 2021<\/span>"]},"tags":{"linked":["<a href=\"https:\/\/cpka.pt\/bajattmontesalentejanos\/category\/news2021\/\" class=\"advgb-post-tax-term\">AUTO<\/a>","<a href=\"https:\/\/cpka.pt\/bajattmontesalentejanos\/category\/news2021\/\" class=\"advgb-post-tax-term\">MOTO<\/a>","<a href=\"https:\/\/cpka.pt\/bajattmontesalentejanos\/category\/news2021\/\" class=\"advgb-post-tax-term\">QUAD<\/a>","<a href=\"https:\/\/cpka.pt\/bajattmontesalentejanos\/category\/news2021\/\" class=\"advgb-post-tax-term\">SSV<\/a>"],"unlinked":["<span class=\"advgb-post-tax-term\">AUTO<\/span>","<span class=\"advgb-post-tax-term\">MOTO<\/span>","<span class=\"advgb-post-tax-term\">QUAD<\/span>","<span class=\"advgb-post-tax-term\">SSV<\/span>"]}},"comment_count":"0","relative_dates":{"created":"Posted 5 anos ago","modified":"Updated 5 anos ago"},"absolute_dates":{"created":"Posted on 1 de Dezembro, 2020","modified":"Updated on 14 de Dezembro, 2020"},"absolute_dates_time":{"created":"Posted on 1 de Dezembro, 2020 14:09","modified":"Updated on 14 de Dezembro, 2020 14:12"},"featured_img_caption":"","series_order":"","_links":{"self":[{"href":"https:\/\/cpka.pt\/bajattmontesalentejanos\/wp-json\/wp\/v2\/posts\/200","targetHints":{"allow":["GET"]}}],"collection":[{"href":"https:\/\/cpka.pt\/bajattmontesalentejanos\/wp-json\/wp\/v2\/posts"}],"about":[{"href":"https:\/\/cpka.pt\/bajattmontesalentejanos\/wp-json\/wp\/v2\/types\/post"}],"author":[{"embeddable":true,"href":"https:\/\/cpka.pt\/bajattmontesalentejanos\/wp-json\/wp\/v2\/users\/1"}],"replies":[{"embeddable":true,"href":"https:\/\/cpka.pt\/bajattmontesalentejanos\/wp-json\/wp\/v2\/comments?post=200"}],"version-history":[{"count":1,"href":"https:\/\/cpka.pt\/bajattmontesalentejanos\/wp-json\/wp\/v2\/posts\/200\/revisions"}],"predecessor-version":[{"id":204,"href":"https:\/\/cpka.pt\/bajattmontesalentejanos\/wp-json\/wp\/v2\/posts\/200\/revisions\/204"}],"wp:featuredmedia":[{"embeddable":true,"href":"https:\/\/cpka.pt\/bajattmontesalentejanos\/wp-json\/wp\/v2\/media\/203"}],"wp:attachment":[{"href":"https:\/\/cpka.pt\/bajattmontesalentejanos\/wp-json\/wp\/v2\/media?parent=200"}],"wp:term":[{"taxonomy":"category","embeddable":true,"href":"https:\/\/cpka.pt\/bajattmontesalentejanos\/wp-json\/wp\/v2\/categories?post=200"},{"taxonomy":"post_tag","embeddable":true,"href":"https:\/\/cpka.pt\/bajattmontesalentejanos\/wp-json\/wp\/v2\/tags?post=200"}],"curies":[{"name":"wp","href":"https:\/\/api.w.org\/{rel}","templated":true}]}}