{"id":205,"date":"2020-12-02T14:13:00","date_gmt":"2020-12-02T14:13:00","guid":{"rendered":"https:\/\/cpka.pt\/bajattmontesalentejanos\/?p=205"},"modified":"2020-12-14T14:16:53","modified_gmt":"2020-12-14T14:16:53","slug":"mensagem-de-paulo-arsenio-presidente-do-municipio-de-beja","status":"publish","type":"post","link":"https:\/\/cpka.pt\/bajattmontesalentejanos\/2020\/12\/02\/mensagem-de-paulo-arsenio-presidente-do-municipio-de-beja\/","title":{"rendered":"Mensagem de Paulo Ars\u00e9nio, Presidente do Munic\u00edpio de Beja"},"content":{"rendered":"\n<div class=\"wp-block-image\"><figure class=\"alignright size-large is-resized\"><img loading=\"lazy\" decoding=\"async\" src=\"https:\/\/cpka.pt\/bajattmontesalentejanos\/wp-content\/uploads\/sites\/3\/2020\/12\/Paulo-Arsenio-1014x1024.jpg\" alt=\"\" class=\"wp-image-206\" width=\"342\" height=\"345\" srcset=\"https:\/\/cpka.pt\/bajattmontesalentejanos\/wp-content\/uploads\/sites\/3\/2020\/12\/Paulo-Arsenio-1014x1024.jpg 1014w, https:\/\/cpka.pt\/bajattmontesalentejanos\/wp-content\/uploads\/sites\/3\/2020\/12\/Paulo-Arsenio-297x300.jpg 297w, https:\/\/cpka.pt\/bajattmontesalentejanos\/wp-content\/uploads\/sites\/3\/2020\/12\/Paulo-Arsenio-150x150.jpg 150w, https:\/\/cpka.pt\/bajattmontesalentejanos\/wp-content\/uploads\/sites\/3\/2020\/12\/Paulo-Arsenio-768x775.jpg 768w, https:\/\/cpka.pt\/bajattmontesalentejanos\/wp-content\/uploads\/sites\/3\/2020\/12\/Paulo-Arsenio.jpg 1132w\" sizes=\"auto, (max-width: 342px) 100vw, 342px\" \/><figcaption>Paulo Ars\u00e9nio &#8211; Presidente do Munic\u00edpio de Beja<\/figcaption><\/figure><\/div>\n\n\n\n<p>H\u00e1 muitos anos que n\u00f3s n\u00e3o t\u00ednhamos uma prova com estas caracter\u00edsticas em Beja. Mas, entendemos que temos boas condi\u00e7\u00f5es, quer log\u00edsticas quer em rela\u00e7\u00e3o \u00e0 competi\u00e7\u00e3o, para acolher com muita qualidade provas como a Baja Vindimas do Alentejo, que aqui tivemos no in\u00edcio de fevereiro, e que no pr\u00f3ximo ano vai voltar a ser a Baja Montes Alentejanos.\u00c9 com grande alegria, que dizemos que os ralis est\u00e3o de volta a Beja e ao concelho de Beja e esperamos, que seja para ficar por muitos e bons anos.Foi uma alegria ver as nossas pequenas aldeias e os percursos cheios de gente e, de facto, temos tamb\u00e9m o feedback positivo dos pilotos, que gostaram muito de fazer a prova. Portanto est\u00e3o lan\u00e7adas as bases para que no futuro tenhamos aqui uma prova muito boa e agrad\u00e1vel. Temos excelentes condi\u00e7\u00f5es log\u00edsticas para receber uma prova desta natureza e julgo que Beja merecia uma competi\u00e7\u00e3o desta envergadura, com esta dimens\u00e3o, com esta qualidade de organiza\u00e7\u00e3o e com estes fant\u00e1sticos pilotos, pois estiveram presentes dos melhores ao n\u00edvel nacional e n\u00e3o s\u00f3. A resposta est\u00e1 aqui neste Parque de Feiras e Exposi\u00e7\u00f5es que \u00e9 uma condi\u00e7\u00e3o que Beja tem. Mas, para al\u00e9m do Parque, temos percursos absolutamente excecionais, quer do ponto de vista de velocidade quer do ponto de vista da t\u00e9cnica que os pilotos t\u00eam de utilizar e, portanto, temos aqui os dois ingredientes absolutamente decisivos para que esta prova se fa\u00e7a. Infelizmente por motivos que ultrapassaram a C\u00e2mara Municipal de Beja, a Baja n\u00e3o pode ser realizada em setembro de ano passado\u2026 teve quer ser em fevereiro deste ano e, talvez tenha sido melhor. Alguns erros, que se teriam cometido nessa altura foram-se ultrapassando at\u00e9 fevereiro e, portanto, quem sabe se esta prova n\u00e3o fica como abertura dos calend\u00e1rios nacionais em termos dos Campeonatos de Todo o Terreno, nas suas diferentes vertentes, para ser uma das provas mais fant\u00e1sticas do Campeonato Nacional e com certeza que trabalharemos para isso.<\/p>\n\n\n\n<p><strong><em>Texto: Paulo Ars\u00e9nio (Presidente do Munic\u00edpio de Beja)<\/em><\/strong><\/p>\n","protected":false},"excerpt":{"rendered":"<p>H\u00e1 muitos anos que n\u00f3s n\u00e3o t\u00ednhamos uma prova com estas caracter\u00edsticas em Beja. Mas, entendemos que temos boas condi\u00e7\u00f5es, quer log\u00edsticas quer em rela\u00e7\u00e3o&hellip;<\/p>\n","protected":false},"author":1,"featured_media":207,"comment_status":"closed","ping_status":"closed","sticky":false,"template":"","format":"standard","meta":{"advgb_blocks_editor_width":"","advgb_blocks_columns_visual_guide":"","ngg_post_thumbnail":0,"footnotes":""},"categories":[1],"tags":[16,17,15,14],"class_list":["post-205","post","type-post","status-publish","format-standard","has-post-thumbnail","hentry","category-news2021","tag-auto","tag-moto","tag-quad","tag-ssv"],"gutentor_comment":0,"rise-blocks_total_comments":0,"rise-blocks_categories":[{"term_id":1,"name":"Not\u00edcias 2021","slug":"news2021","term_group":0,"term_taxonomy_id":1,"taxonomy":"category","description":"","parent":0,"count":196,"filter":"raw","cat_ID":1,"category_count":196,"category_description":"","cat_name":"Not\u00edcias 2021","category_nicename":"news2021","category_parent":0}],"rise-blocks_excerpt":"H\u00e1 muitos anos que n\u00f3s n\u00e3o t\u00ednhamos uma prova com estas caracter\u00edsticas em Beja. Mas, entendemos que temos boas condi\u00e7\u00f5es, quer log\u00edsticas quer em rela\u00e7\u00e3o \u00e0 competi\u00e7\u00e3o, para acolher com muita qualidade provas como a Baja Vindimas do Alentejo, que aqui tivemos no in\u00edcio de fevereiro, e que no pr\u00f3ximo ano vai voltar a ser a Baja Montes Alentejanos.\u00c9 com..","aioseo_notices":[],"author_meta":{"display_name":"admin","author_link":"https:\/\/cpka.pt\/bajattmontesalentejanos\/author\/admin\/"},"featured_img":"https:\/\/cpka.pt\/bajattmontesalentejanos\/wp-content\/uploads\/sites\/3\/2020\/12\/Paulo-Arsenio-960-px-300x179.jpg","coauthors":[],"tax_additional":{"categories":{"linked":["<a href=\"https:\/\/cpka.pt\/bajattmontesalentejanos\/category\/news2021\/\" class=\"advgb-post-tax-term\">Not\u00edcias 2021<\/a>"],"unlinked":["<span class=\"advgb-post-tax-term\">Not\u00edcias 2021<\/span>"]},"tags":{"linked":["<a href=\"https:\/\/cpka.pt\/bajattmontesalentejanos\/category\/news2021\/\" class=\"advgb-post-tax-term\">AUTO<\/a>","<a href=\"https:\/\/cpka.pt\/bajattmontesalentejanos\/category\/news2021\/\" class=\"advgb-post-tax-term\">MOTO<\/a>","<a href=\"https:\/\/cpka.pt\/bajattmontesalentejanos\/category\/news2021\/\" class=\"advgb-post-tax-term\">QUAD<\/a>","<a href=\"https:\/\/cpka.pt\/bajattmontesalentejanos\/category\/news2021\/\" class=\"advgb-post-tax-term\">SSV<\/a>"],"unlinked":["<span class=\"advgb-post-tax-term\">AUTO<\/span>","<span class=\"advgb-post-tax-term\">MOTO<\/span>","<span class=\"advgb-post-tax-term\">QUAD<\/span>","<span class=\"advgb-post-tax-term\">SSV<\/span>"]}},"comment_count":"0","relative_dates":{"created":"Posted 5 anos ago","modified":"Updated 5 anos ago"},"absolute_dates":{"created":"Posted on 2 de Dezembro, 2020","modified":"Updated on 14 de Dezembro, 2020"},"absolute_dates_time":{"created":"Posted on 2 de Dezembro, 2020 14:13","modified":"Updated on 14 de Dezembro, 2020 14:16"},"featured_img_caption":"","series_order":"","_links":{"self":[{"href":"https:\/\/cpka.pt\/bajattmontesalentejanos\/wp-json\/wp\/v2\/posts\/205","targetHints":{"allow":["GET"]}}],"collection":[{"href":"https:\/\/cpka.pt\/bajattmontesalentejanos\/wp-json\/wp\/v2\/posts"}],"about":[{"href":"https:\/\/cpka.pt\/bajattmontesalentejanos\/wp-json\/wp\/v2\/types\/post"}],"author":[{"embeddable":true,"href":"https:\/\/cpka.pt\/bajattmontesalentejanos\/wp-json\/wp\/v2\/users\/1"}],"replies":[{"embeddable":true,"href":"https:\/\/cpka.pt\/bajattmontesalentejanos\/wp-json\/wp\/v2\/comments?post=205"}],"version-history":[{"count":1,"href":"https:\/\/cpka.pt\/bajattmontesalentejanos\/wp-json\/wp\/v2\/posts\/205\/revisions"}],"predecessor-version":[{"id":208,"href":"https:\/\/cpka.pt\/bajattmontesalentejanos\/wp-json\/wp\/v2\/posts\/205\/revisions\/208"}],"wp:featuredmedia":[{"embeddable":true,"href":"https:\/\/cpka.pt\/bajattmontesalentejanos\/wp-json\/wp\/v2\/media\/207"}],"wp:attachment":[{"href":"https:\/\/cpka.pt\/bajattmontesalentejanos\/wp-json\/wp\/v2\/media?parent=205"}],"wp:term":[{"taxonomy":"category","embeddable":true,"href":"https:\/\/cpka.pt\/bajattmontesalentejanos\/wp-json\/wp\/v2\/categories?post=205"},{"taxonomy":"post_tag","embeddable":true,"href":"https:\/\/cpka.pt\/bajattmontesalentejanos\/wp-json\/wp\/v2\/tags?post=205"}],"curies":[{"name":"wp","href":"https:\/\/api.w.org\/{rel}","templated":true}]}}