{"id":209,"date":"2020-12-03T14:17:00","date_gmt":"2020-12-03T14:17:00","guid":{"rendered":"https:\/\/cpka.pt\/bajattmontesalentejanos\/?p=209"},"modified":"2021-05-13T11:28:22","modified_gmt":"2021-05-13T11:28:22","slug":"mensagem-de-jose-rita-presidente-da-comissao-de-tt-fmp","status":"publish","type":"post","link":"https:\/\/cpka.pt\/bajattmontesalentejanos\/2020\/12\/03\/mensagem-de-jose-rita-presidente-da-comissao-de-tt-fmp\/","title":{"rendered":"Mensagem de Jos\u00e9 Rita, Presidente da Comiss\u00e3o de TT | FMP"},"content":{"rendered":"\n<div class=\"wp-block-image\"><figure class=\"alignright size-large is-resized\"><img loading=\"lazy\" decoding=\"async\" src=\"https:\/\/cpka.pt\/bajattmontesalentejanos\/wp-content\/uploads\/sites\/3\/2020\/12\/Jose-Rita.jpg\" alt=\"\" class=\"wp-image-212\" width=\"401\" height=\"401\" srcset=\"https:\/\/cpka.pt\/bajattmontesalentejanos\/wp-content\/uploads\/sites\/3\/2020\/12\/Jose-Rita.jpg 779w, https:\/\/cpka.pt\/bajattmontesalentejanos\/wp-content\/uploads\/sites\/3\/2020\/12\/Jose-Rita-300x300.jpg 300w, https:\/\/cpka.pt\/bajattmontesalentejanos\/wp-content\/uploads\/sites\/3\/2020\/12\/Jose-Rita-150x150.jpg 150w, https:\/\/cpka.pt\/bajattmontesalentejanos\/wp-content\/uploads\/sites\/3\/2020\/12\/Jose-Rita-768x768.jpg 768w, https:\/\/cpka.pt\/bajattmontesalentejanos\/wp-content\/uploads\/sites\/3\/2020\/12\/Jose-Rita-600x600.jpg 600w\" sizes=\"auto, (max-width: 401px) 100vw, 401px\" \/><figcaption>Jos\u00e9 Rita (Presidente da Comiss\u00e3o de TT | FMP)<\/figcaption><\/figure><\/div>\n\n\n\n<p>Realizou-se no in\u00edcio de fevereiro a Baja TT Vindimas do Alentejo, prova a contar para a Ta\u00e7a de Portugal da FMP.<\/p>\n\n\n\n<p>Como \u00e9 do conhecimento geral, esta prova deveria ter-se realizado em 2019, mas foi adiada devido a condicionalismos da prote\u00e7\u00e3o civil, que levou esta a ter decretado um estado de alerta para aquela regi\u00e3o, motivado pelas altas temperaturas que se faziam sentir naquela altura.<\/p>\n\n\n\n<p>A equipa do CPKA sob a orienta\u00e7\u00e3o do Humberto Silva, com o apoio da Camara de Beja, com a colabora\u00e7\u00e3o de alguns clubes, e do homem da terra, o Filipe Cameirinha, perante todas as adversidades que tiveram, montaram uma prova interessante, tendo sido bastante apreciada por todos. Esta regi\u00e3o tem excelentes condi\u00e7\u00f5es para a pr\u00e1tica de TT, sendo atrativa pela diversidade de terreno em rela\u00e7\u00e3o a outras provas do campeonato.<\/p>\n\n\n\n<p>Aproveito esta ocasi\u00e3o para dar os parab\u00e9ns a todos os que colaboraram neste evento, esperando pela realiza\u00e7\u00e3o da 2\u00ba edi\u00e7\u00e3o da Baja, pois esta merece por m\u00e9rito pr\u00f3prio, ter lugar no panorama do TT Nacional.<\/p>\n\n\n\n<p>Sauda\u00e7\u00f5es desportivas,<\/p>\n\n\n\n<p><strong><em>Jos\u00e9 Rita (Presidente da Comiss\u00e3o de TT | FMP)<\/em><\/strong><\/p>\n","protected":false},"excerpt":{"rendered":"<p>Realizou-se no in\u00edcio de fevereiro a Baja TT Vindimas do Alentejo, prova a contar para a Ta\u00e7a de Portugal da FMP. Como \u00e9 do conhecimento&hellip;<\/p>\n","protected":false},"author":1,"featured_media":213,"comment_status":"closed","ping_status":"closed","sticky":false,"template":"","format":"standard","meta":{"advgb_blocks_editor_width":"","advgb_blocks_columns_visual_guide":"","ngg_post_thumbnail":0,"footnotes":""},"categories":[1],"tags":[17,15,14],"class_list":["post-209","post","type-post","status-publish","format-standard","has-post-thumbnail","hentry","category-news2021","tag-moto","tag-quad","tag-ssv"],"gutentor_comment":0,"rise-blocks_total_comments":0,"rise-blocks_categories":[{"term_id":1,"name":"Not\u00edcias 2021","slug":"news2021","term_group":0,"term_taxonomy_id":1,"taxonomy":"category","description":"","parent":0,"count":196,"filter":"raw","cat_ID":1,"category_count":196,"category_description":"","cat_name":"Not\u00edcias 2021","category_nicename":"news2021","category_parent":0}],"rise-blocks_excerpt":"Realizou-se no in\u00edcio de fevereiro a Baja TT Vindimas do Alentejo, prova a contar para a Ta\u00e7a de Portugal da FMP. Como \u00e9 do conhecimento geral, esta prova deveria ter-se realizado em 2019, mas foi adiada devido a condicionalismos da prote\u00e7\u00e3o civil, que levou esta a ter decretado um estado de alerta para aquela regi\u00e3o, motivado pelas altas temperaturas que..","aioseo_notices":[],"author_meta":{"display_name":"admin","author_link":"https:\/\/cpka.pt\/bajattmontesalentejanos\/author\/admin\/"},"featured_img":"https:\/\/cpka.pt\/bajattmontesalentejanos\/wp-content\/uploads\/sites\/3\/2020\/12\/Jose-Rita-960px-300x179.jpg","coauthors":[],"tax_additional":{"categories":{"linked":["<a href=\"https:\/\/cpka.pt\/bajattmontesalentejanos\/category\/news2021\/\" class=\"advgb-post-tax-term\">Not\u00edcias 2021<\/a>"],"unlinked":["<span class=\"advgb-post-tax-term\">Not\u00edcias 2021<\/span>"]},"tags":{"linked":["<a href=\"https:\/\/cpka.pt\/bajattmontesalentejanos\/category\/news2021\/\" class=\"advgb-post-tax-term\">MOTO<\/a>","<a href=\"https:\/\/cpka.pt\/bajattmontesalentejanos\/category\/news2021\/\" class=\"advgb-post-tax-term\">QUAD<\/a>","<a href=\"https:\/\/cpka.pt\/bajattmontesalentejanos\/category\/news2021\/\" class=\"advgb-post-tax-term\">SSV<\/a>"],"unlinked":["<span class=\"advgb-post-tax-term\">MOTO<\/span>","<span class=\"advgb-post-tax-term\">QUAD<\/span>","<span class=\"advgb-post-tax-term\">SSV<\/span>"]}},"comment_count":"0","relative_dates":{"created":"Posted 5 anos ago","modified":"Updated 5 anos ago"},"absolute_dates":{"created":"Posted on 3 de Dezembro, 2020","modified":"Updated on 13 de Maio, 2021"},"absolute_dates_time":{"created":"Posted on 3 de Dezembro, 2020 14:17","modified":"Updated on 13 de Maio, 2021 11:28"},"featured_img_caption":"","series_order":"","_links":{"self":[{"href":"https:\/\/cpka.pt\/bajattmontesalentejanos\/wp-json\/wp\/v2\/posts\/209","targetHints":{"allow":["GET"]}}],"collection":[{"href":"https:\/\/cpka.pt\/bajattmontesalentejanos\/wp-json\/wp\/v2\/posts"}],"about":[{"href":"https:\/\/cpka.pt\/bajattmontesalentejanos\/wp-json\/wp\/v2\/types\/post"}],"author":[{"embeddable":true,"href":"https:\/\/cpka.pt\/bajattmontesalentejanos\/wp-json\/wp\/v2\/users\/1"}],"replies":[{"embeddable":true,"href":"https:\/\/cpka.pt\/bajattmontesalentejanos\/wp-json\/wp\/v2\/comments?post=209"}],"version-history":[{"count":1,"href":"https:\/\/cpka.pt\/bajattmontesalentejanos\/wp-json\/wp\/v2\/posts\/209\/revisions"}],"predecessor-version":[{"id":214,"href":"https:\/\/cpka.pt\/bajattmontesalentejanos\/wp-json\/wp\/v2\/posts\/209\/revisions\/214"}],"wp:featuredmedia":[{"embeddable":true,"href":"https:\/\/cpka.pt\/bajattmontesalentejanos\/wp-json\/wp\/v2\/media\/213"}],"wp:attachment":[{"href":"https:\/\/cpka.pt\/bajattmontesalentejanos\/wp-json\/wp\/v2\/media?parent=209"}],"wp:term":[{"taxonomy":"category","embeddable":true,"href":"https:\/\/cpka.pt\/bajattmontesalentejanos\/wp-json\/wp\/v2\/categories?post=209"},{"taxonomy":"post_tag","embeddable":true,"href":"https:\/\/cpka.pt\/bajattmontesalentejanos\/wp-json\/wp\/v2\/tags?post=209"}],"curies":[{"name":"wp","href":"https:\/\/api.w.org\/{rel}","templated":true}]}}