{"id":2134,"date":"2023-11-23T11:47:32","date_gmt":"2023-11-23T11:47:32","guid":{"rendered":"https:\/\/cpka.pt\/bajattmontesalentejanos\/?p=2134"},"modified":"2023-11-23T14:26:00","modified_gmt":"2023-11-23T14:26:00","slug":"camioes-do-grupo-t5-novidade-no-esc-online-baja-tt-montes-alentejanos-2024","status":"publish","type":"post","link":"https:\/\/cpka.pt\/bajattmontesalentejanos\/2023\/11\/23\/camioes-do-grupo-t5-novidade-no-esc-online-baja-tt-montes-alentejanos-2024\/","title":{"rendered":"Cami\u00f5es s\u00e3o a grande novidade da Esc Online | Baja TT Montes Alentejanos 2024"},"content":{"rendered":"<div class=\"wp-block-image\">\n<figure class=\"aligncenter size-large\"><img loading=\"lazy\" decoding=\"async\" width=\"1024\" height=\"724\" src=\"https:\/\/cpka.pt\/bajattmontesalentejanos\/wp-content\/uploads\/sites\/3\/2023\/11\/404387592_856341956290423_4323683120024368697_n-1024x724.jpg\" alt=\"\" class=\"wp-image-2135\" srcset=\"https:\/\/cpka.pt\/bajattmontesalentejanos\/wp-content\/uploads\/sites\/3\/2023\/11\/404387592_856341956290423_4323683120024368697_n-1024x724.jpg 1024w, https:\/\/cpka.pt\/bajattmontesalentejanos\/wp-content\/uploads\/sites\/3\/2023\/11\/404387592_856341956290423_4323683120024368697_n-300x212.jpg 300w, https:\/\/cpka.pt\/bajattmontesalentejanos\/wp-content\/uploads\/sites\/3\/2023\/11\/404387592_856341956290423_4323683120024368697_n-768x543.jpg 768w, https:\/\/cpka.pt\/bajattmontesalentejanos\/wp-content\/uploads\/sites\/3\/2023\/11\/404387592_856341956290423_4323683120024368697_n-1536x1086.jpg 1536w, https:\/\/cpka.pt\/bajattmontesalentejanos\/wp-content\/uploads\/sites\/3\/2023\/11\/404387592_856341956290423_4323683120024368697_n.jpg 1600w\" sizes=\"auto, (max-width: 1024px) 100vw, 1024px\" \/><\/figure><\/div>\n\n\n<p>A participa\u00e7\u00e3o in\u00e9dita de cami\u00f5es na ESC Online | Baja TT Montes Alentejanos 2024 \u00e9 a grande novidade apresentada pelo CPKA &#8211; Clube de Promo\u00e7\u00e3o de Karting e Automobilismo para a competi\u00e7\u00e3o que ter\u00e1 lugar nos primeiros dias de mar\u00e7o de 2024 e que ser\u00e1 a prova de abertura do Campeonato de Portugal Todo-o-Terreno e do Campeonato Nacional de Todo-o-Terreno.<\/p>\n\n\n\n<p>Beja volta a receber um grande evento de todo-o-terreno. Uma competi\u00e7\u00e3o disputada sob a \u00e9gide das federa\u00e7\u00f5es nacionais FPAK e FMP aberta a Auto, Moto, Quad e SSV e agora pela primeira vez em Portugal aberta \u00e0 participa\u00e7\u00e3o de Cami\u00f5es do Grupo T5.<\/p>\n\n\n\n<p>Para Humberto Vairinhos \u201ca sexta edi\u00e7\u00e3o da ESC Online | Baja TT Montes Alentejanos ser\u00e1 inovadora e muito competitiva. Temos pistas fant\u00e1sticas e \u00fanicas em Portugal que os pilotos muito apreciam. Os regulamentos anteriores j\u00e1 faziam men\u00e7\u00e3o \u00e0 possibilidade de a prova ser aberta aos cami\u00f5es, mas agora a participa\u00e7\u00e3o destas m\u00e1quinas fant\u00e1sticas vai mesmo concretizar-se. Estamos a contar ter equipas portuguesas e estrangeiras\u201d, salienta o Presidente do CPKA.<\/p>\n\n\n\n<p>Est\u00e1 lan\u00e7ado o mote para a realiza\u00e7\u00e3o de mais uma grande edi\u00e7\u00e3o desta prova alentejana que promete levar ao Baixo Alentejo todas as emo\u00e7\u00f5es e adrenalina do todo-o-terreno.<\/p>\n\n\n\n<p>Veja o v\u00eddeo de promo\u00e7\u00e3o da prova: <\/p>\n\n\n\n<figure class=\"wp-block-embed is-type-video is-provider-youtube wp-block-embed-youtube wp-embed-aspect-16-9 wp-has-aspect-ratio\"><div class=\"wp-block-embed__wrapper\">\n<iframe loading=\"lazy\" title=\"Promo -  Esc Online  Baja TT Montes Alentejanos 2024\" width=\"843\" height=\"474\" src=\"https:\/\/www.youtube.com\/embed\/gh7bzZyXYKE?feature=oembed\" frameborder=\"0\" allow=\"accelerometer; autoplay; clipboard-write; encrypted-media; gyroscope; picture-in-picture; web-share\" referrerpolicy=\"strict-origin-when-cross-origin\" allowfullscreen><\/iframe>\n<\/div><\/figure>\n","protected":false},"excerpt":{"rendered":"<p>A participa\u00e7\u00e3o in\u00e9dita de cami\u00f5es na ESC Online | Baja TT Montes Alentejanos 2024 \u00e9 a grande novidade apresentada pelo CPKA &#8211; Clube de Promo\u00e7\u00e3o&hellip;<\/p>\n","protected":false},"author":1,"featured_media":2135,"comment_status":"closed","ping_status":"closed","sticky":false,"template":"","format":"standard","meta":{"advgb_blocks_editor_width":"","advgb_blocks_columns_visual_guide":"","ngg_post_thumbnail":0,"footnotes":""},"categories":[22],"tags":[28,16,31,17,15,14],"class_list":["post-2134","post","type-post","status-publish","format-standard","has-post-thumbnail","hentry","category-news","tag-28","tag-auto","tag-camioes","tag-moto","tag-quad","tag-ssv"],"gutentor_comment":0,"rise-blocks_total_comments":0,"rise-blocks_categories":[{"term_id":22,"name":"Not\u00edcias","slug":"news","term_group":0,"term_taxonomy_id":22,"taxonomy":"category","description":"","parent":0,"count":136,"filter":"raw","cat_ID":22,"category_count":136,"category_description":"","cat_name":"Not\u00edcias","category_nicename":"news","category_parent":0}],"rise-blocks_excerpt":"A participa\u00e7\u00e3o in\u00e9dita de cami\u00f5es na ESC Online | Baja TT Montes Alentejanos 2024 \u00e9 a grande novidade apresentada pelo CPKA &#8211; Clube de Promo\u00e7\u00e3o de Karting e Automobilismo para a competi\u00e7\u00e3o que ter\u00e1 lugar nos primeiros dias de mar\u00e7o de 2024 e que ser\u00e1 a prova de abertura do Campeonato de Portugal Todo-o-Terreno e do Campeonato Nacional de Todo-o-Terreno...","aioseo_notices":[],"author_meta":{"display_name":"admin","author_link":"https:\/\/cpka.pt\/bajattmontesalentejanos\/author\/admin\/"},"featured_img":"https:\/\/cpka.pt\/bajattmontesalentejanos\/wp-content\/uploads\/sites\/3\/2023\/11\/404387592_856341956290423_4323683120024368697_n-300x212.jpg","coauthors":[],"tax_additional":{"categories":{"linked":["<a href=\"https:\/\/cpka.pt\/bajattmontesalentejanos\/category\/news\/\" class=\"advgb-post-tax-term\">Not\u00edcias<\/a>"],"unlinked":["<span class=\"advgb-post-tax-term\">Not\u00edcias<\/span>"]},"tags":{"linked":["<a href=\"https:\/\/cpka.pt\/bajattmontesalentejanos\/category\/news\/\" class=\"advgb-post-tax-term\">2023<\/a>","<a href=\"https:\/\/cpka.pt\/bajattmontesalentejanos\/category\/news\/\" class=\"advgb-post-tax-term\">AUTO<\/a>","<a href=\"https:\/\/cpka.pt\/bajattmontesalentejanos\/category\/news\/\" class=\"advgb-post-tax-term\">Cami\u00f5es<\/a>","<a href=\"https:\/\/cpka.pt\/bajattmontesalentejanos\/category\/news\/\" class=\"advgb-post-tax-term\">MOTO<\/a>","<a href=\"https:\/\/cpka.pt\/bajattmontesalentejanos\/category\/news\/\" class=\"advgb-post-tax-term\">QUAD<\/a>","<a href=\"https:\/\/cpka.pt\/bajattmontesalentejanos\/category\/news\/\" class=\"advgb-post-tax-term\">SSV<\/a>"],"unlinked":["<span class=\"advgb-post-tax-term\">2023<\/span>","<span class=\"advgb-post-tax-term\">AUTO<\/span>","<span class=\"advgb-post-tax-term\">Cami\u00f5es<\/span>","<span class=\"advgb-post-tax-term\">MOTO<\/span>","<span class=\"advgb-post-tax-term\">QUAD<\/span>","<span class=\"advgb-post-tax-term\">SSV<\/span>"]}},"comment_count":"0","relative_dates":{"created":"Posted 2 anos ago","modified":"Updated 2 anos ago"},"absolute_dates":{"created":"Posted on 23 de Novembro, 2023","modified":"Updated on 23 de Novembro, 2023"},"absolute_dates_time":{"created":"Posted on 23 de Novembro, 2023 11:47","modified":"Updated on 23 de Novembro, 2023 14:26"},"featured_img_caption":"","series_order":"","_links":{"self":[{"href":"https:\/\/cpka.pt\/bajattmontesalentejanos\/wp-json\/wp\/v2\/posts\/2134","targetHints":{"allow":["GET"]}}],"collection":[{"href":"https:\/\/cpka.pt\/bajattmontesalentejanos\/wp-json\/wp\/v2\/posts"}],"about":[{"href":"https:\/\/cpka.pt\/bajattmontesalentejanos\/wp-json\/wp\/v2\/types\/post"}],"author":[{"embeddable":true,"href":"https:\/\/cpka.pt\/bajattmontesalentejanos\/wp-json\/wp\/v2\/users\/1"}],"replies":[{"embeddable":true,"href":"https:\/\/cpka.pt\/bajattmontesalentejanos\/wp-json\/wp\/v2\/comments?post=2134"}],"version-history":[{"count":2,"href":"https:\/\/cpka.pt\/bajattmontesalentejanos\/wp-json\/wp\/v2\/posts\/2134\/revisions"}],"predecessor-version":[{"id":2138,"href":"https:\/\/cpka.pt\/bajattmontesalentejanos\/wp-json\/wp\/v2\/posts\/2134\/revisions\/2138"}],"wp:featuredmedia":[{"embeddable":true,"href":"https:\/\/cpka.pt\/bajattmontesalentejanos\/wp-json\/wp\/v2\/media\/2135"}],"wp:attachment":[{"href":"https:\/\/cpka.pt\/bajattmontesalentejanos\/wp-json\/wp\/v2\/media?parent=2134"}],"wp:term":[{"taxonomy":"category","embeddable":true,"href":"https:\/\/cpka.pt\/bajattmontesalentejanos\/wp-json\/wp\/v2\/categories?post=2134"},{"taxonomy":"post_tag","embeddable":true,"href":"https:\/\/cpka.pt\/bajattmontesalentejanos\/wp-json\/wp\/v2\/tags?post=2134"}],"curies":[{"name":"wp","href":"https:\/\/api.w.org\/{rel}","templated":true}]}}