{"id":215,"date":"2020-12-04T14:28:00","date_gmt":"2020-12-04T14:28:00","guid":{"rendered":"https:\/\/cpka.pt\/bajattmontesalentejanos\/?p=215"},"modified":"2021-05-13T11:28:26","modified_gmt":"2021-05-13T11:28:26","slug":"mensagem-de-armando-fidalgo-diretor-da-fpak-todo-o-terreno","status":"publish","type":"post","link":"https:\/\/cpka.pt\/bajattmontesalentejanos\/2020\/12\/04\/mensagem-de-armando-fidalgo-diretor-da-fpak-todo-o-terreno\/","title":{"rendered":"Mensagem de Armando Fidalgo Diretor da FPAK &#8211; Todo o Terreno"},"content":{"rendered":"\n<div class=\"wp-block-image\"><figure class=\"alignright size-large is-resized\"><img loading=\"lazy\" decoding=\"async\" src=\"https:\/\/cpka.pt\/bajattmontesalentejanos\/wp-content\/uploads\/sites\/3\/2020\/12\/Armando-Fidalgo-1024x600.jpg\" alt=\"\" class=\"wp-image-216\" width=\"423\" height=\"248\" srcset=\"https:\/\/cpka.pt\/bajattmontesalentejanos\/wp-content\/uploads\/sites\/3\/2020\/12\/Armando-Fidalgo-1024x600.jpg 1024w, https:\/\/cpka.pt\/bajattmontesalentejanos\/wp-content\/uploads\/sites\/3\/2020\/12\/Armando-Fidalgo-300x176.jpg 300w, https:\/\/cpka.pt\/bajattmontesalentejanos\/wp-content\/uploads\/sites\/3\/2020\/12\/Armando-Fidalgo-768x450.jpg 768w, https:\/\/cpka.pt\/bajattmontesalentejanos\/wp-content\/uploads\/sites\/3\/2020\/12\/Armando-Fidalgo-1536x899.jpg 1536w, https:\/\/cpka.pt\/bajattmontesalentejanos\/wp-content\/uploads\/sites\/3\/2020\/12\/Armando-Fidalgo-1170x685.jpg 1170w, https:\/\/cpka.pt\/bajattmontesalentejanos\/wp-content\/uploads\/sites\/3\/2020\/12\/Armando-Fidalgo.jpg 1590w\" sizes=\"auto, (max-width: 423px) 100vw, 423px\" \/><figcaption>Armando Fidalgo, Diretor da FPAK &#8211; Todo o Terreno<\/figcaption><\/figure><\/div>\n\n\n\n<p> Gostei muito do que vi na Baja Vindimas do Alentejo e do empenho, que o nosso associado colocou na organiza\u00e7\u00e3o. Correu tudo muit\u00edssimo bem!Foi uma prova do agrado de toda a gente e estamos todos de parab\u00e9ns desde o Clube organizador, ao brilhante vencedor da corrida e o desporto motorizado de uma forma geral\u2026<\/p>\n\n\n\n<p><strong><em>Texto: Armando Fidalgo (Diretor da FPAK &#8211; Todo o Terreno)<\/em><\/strong><\/p>\n","protected":false},"excerpt":{"rendered":"<p>Gostei muito do que vi na Baja Vindimas do Alentejo e do empenho, que o nosso associado colocou na organiza\u00e7\u00e3o. Correu tudo muit\u00edssimo bem!Foi uma&hellip;<\/p>\n","protected":false},"author":1,"featured_media":217,"comment_status":"closed","ping_status":"closed","sticky":false,"template":"","format":"standard","meta":{"advgb_blocks_editor_width":"","advgb_blocks_columns_visual_guide":"","ngg_post_thumbnail":0,"footnotes":""},"categories":[1],"tags":[],"class_list":["post-215","post","type-post","status-publish","format-standard","has-post-thumbnail","hentry","category-news2021"],"gutentor_comment":0,"rise-blocks_total_comments":0,"rise-blocks_categories":[{"term_id":1,"name":"Not\u00edcias 2021","slug":"news2021","term_group":0,"term_taxonomy_id":1,"taxonomy":"category","description":"","parent":0,"count":196,"filter":"raw","cat_ID":1,"category_count":196,"category_description":"","cat_name":"Not\u00edcias 2021","category_nicename":"news2021","category_parent":0}],"rise-blocks_excerpt":"Gostei muito do que vi na Baja Vindimas do Alentejo e do empenho, que o nosso associado colocou na organiza\u00e7\u00e3o. Correu tudo muit\u00edssimo bem!Foi uma prova do agrado de toda a gente e estamos todos de parab\u00e9ns desde o Clube organizador, ao brilhante vencedor da corrida e o desporto motorizado de uma forma geral\u2026 Texto: Armando Fidalgo (Diretor da FPAK..","aioseo_notices":[],"author_meta":{"display_name":"admin","author_link":"https:\/\/cpka.pt\/bajattmontesalentejanos\/author\/admin\/"},"featured_img":"https:\/\/cpka.pt\/bajattmontesalentejanos\/wp-content\/uploads\/sites\/3\/2020\/12\/Armando-Fidalgo-lk-300x179.jpg","coauthors":[],"tax_additional":{"categories":{"linked":["<a href=\"https:\/\/cpka.pt\/bajattmontesalentejanos\/category\/news2021\/\" class=\"advgb-post-tax-term\">Not\u00edcias 2021<\/a>"],"unlinked":["<span class=\"advgb-post-tax-term\">Not\u00edcias 2021<\/span>"]}},"comment_count":"0","relative_dates":{"created":"Posted 5 anos ago","modified":"Updated 5 anos ago"},"absolute_dates":{"created":"Posted on 4 de Dezembro, 2020","modified":"Updated on 13 de Maio, 2021"},"absolute_dates_time":{"created":"Posted on 4 de Dezembro, 2020 14:28","modified":"Updated on 13 de Maio, 2021 11:28"},"featured_img_caption":"","series_order":"","_links":{"self":[{"href":"https:\/\/cpka.pt\/bajattmontesalentejanos\/wp-json\/wp\/v2\/posts\/215","targetHints":{"allow":["GET"]}}],"collection":[{"href":"https:\/\/cpka.pt\/bajattmontesalentejanos\/wp-json\/wp\/v2\/posts"}],"about":[{"href":"https:\/\/cpka.pt\/bajattmontesalentejanos\/wp-json\/wp\/v2\/types\/post"}],"author":[{"embeddable":true,"href":"https:\/\/cpka.pt\/bajattmontesalentejanos\/wp-json\/wp\/v2\/users\/1"}],"replies":[{"embeddable":true,"href":"https:\/\/cpka.pt\/bajattmontesalentejanos\/wp-json\/wp\/v2\/comments?post=215"}],"version-history":[{"count":1,"href":"https:\/\/cpka.pt\/bajattmontesalentejanos\/wp-json\/wp\/v2\/posts\/215\/revisions"}],"predecessor-version":[{"id":218,"href":"https:\/\/cpka.pt\/bajattmontesalentejanos\/wp-json\/wp\/v2\/posts\/215\/revisions\/218"}],"wp:featuredmedia":[{"embeddable":true,"href":"https:\/\/cpka.pt\/bajattmontesalentejanos\/wp-json\/wp\/v2\/media\/217"}],"wp:attachment":[{"href":"https:\/\/cpka.pt\/bajattmontesalentejanos\/wp-json\/wp\/v2\/media?parent=215"}],"wp:term":[{"taxonomy":"category","embeddable":true,"href":"https:\/\/cpka.pt\/bajattmontesalentejanos\/wp-json\/wp\/v2\/categories?post=215"},{"taxonomy":"post_tag","embeddable":true,"href":"https:\/\/cpka.pt\/bajattmontesalentejanos\/wp-json\/wp\/v2\/tags?post=215"}],"curies":[{"name":"wp","href":"https:\/\/api.w.org\/{rel}","templated":true}]}}