{"id":219,"date":"2020-12-05T14:35:00","date_gmt":"2020-12-05T14:35:00","guid":{"rendered":"https:\/\/cpka.pt\/bajattmontesalentejanos\/?p=219"},"modified":"2021-05-13T11:28:33","modified_gmt":"2021-05-13T11:28:33","slug":"carlos-medinas-diretor-de-prova-auto","status":"publish","type":"post","link":"https:\/\/cpka.pt\/bajattmontesalentejanos\/2020\/12\/05\/carlos-medinas-diretor-de-prova-auto\/","title":{"rendered":"Carlos Medinas, Diretor de Prova | Auto"},"content":{"rendered":"\n<div class=\"wp-block-image\"><figure class=\"alignright size-large is-resized\"><img loading=\"lazy\" decoding=\"async\" src=\"https:\/\/cpka.pt\/bajattmontesalentejanos\/wp-content\/uploads\/sites\/3\/2020\/12\/Carlos-Medinas-1019x1024.jpg\" alt=\"\" class=\"wp-image-220\" width=\"355\" height=\"356\" srcset=\"https:\/\/cpka.pt\/bajattmontesalentejanos\/wp-content\/uploads\/sites\/3\/2020\/12\/Carlos-Medinas-1019x1024.jpg 1019w, https:\/\/cpka.pt\/bajattmontesalentejanos\/wp-content\/uploads\/sites\/3\/2020\/12\/Carlos-Medinas-298x300.jpg 298w, https:\/\/cpka.pt\/bajattmontesalentejanos\/wp-content\/uploads\/sites\/3\/2020\/12\/Carlos-Medinas-150x150.jpg 150w, https:\/\/cpka.pt\/bajattmontesalentejanos\/wp-content\/uploads\/sites\/3\/2020\/12\/Carlos-Medinas-768x772.jpg 768w, https:\/\/cpka.pt\/bajattmontesalentejanos\/wp-content\/uploads\/sites\/3\/2020\/12\/Carlos-Medinas-1528x1536.jpg 1528w, https:\/\/cpka.pt\/bajattmontesalentejanos\/wp-content\/uploads\/sites\/3\/2020\/12\/Carlos-Medinas-600x600.jpg 600w, https:\/\/cpka.pt\/bajattmontesalentejanos\/wp-content\/uploads\/sites\/3\/2020\/12\/Carlos-Medinas-1170x1176.jpg 1170w, https:\/\/cpka.pt\/bajattmontesalentejanos\/wp-content\/uploads\/sites\/3\/2020\/12\/Carlos-Medinas.jpg 1536w\" sizes=\"auto, (max-width: 355px) 100vw, 355px\" \/><figcaption>Carlos Medinas Diretor de Prova | Auto<\/figcaption><\/figure><\/div>\n\n\n\n<p>Para a SAR Motorismo e para mim em particular, foi uma honra podermos ajudar a renascer esta prova m\u00edtica do TT nacional, a Baja TT de Beja &#8211; Montes Alentejanos, e voltar a coloc\u00e1-la no Campeonato de Portugal.<\/p>\n\n\n\n<p>Uma prova com tradi\u00e7\u00e3o, muito querida pelos concorrentes no passado e que a par de Portalegre e Reguengos eram tidas como &#8220;de participa\u00e7\u00e3o obrigat\u00f3ria&#8221; pelos pilotos e acompanhamento massivo por parte dos media e do p\u00fablico amante do TT.<\/p>\n\n\n\n<p>Encar\u00e1mos esse desafio, que nos foi proposto pelo CPKA e a sua equipa como uma miss\u00e3o e com a seriedade e o profissionalismo, que nos \u00e9 reconhecido por toda a fam\u00edlia do TT, nomeadamente concorrentes, equipas e respons\u00e1veis das federa\u00e7\u00f5es.<\/p>\n\n\n\n<p>Em 2020, com o empenho de todos e ultrapassando algumas contrariedades que foram surgindo, conseguimos ajudar, juntamente com outros parceiros, entidades e pessoas, realizar uma prova que foi do agrado de toda a gente, o que faz elevar a fasquia para a edi\u00e7\u00e3o de 2021.Desta forma, j\u00e1 estamos a trabalhar na edi\u00e7\u00e3o de 2021, a realizar no in\u00edcio do m\u00eas de mar\u00e7o, no sentido e n\u00e3o defraudar as expetativas e realizar uma prova, que se paute pela verdade desportiva e no final possa ser do agrado de todos os intervenientes.<\/p>\n\n\n\n<p><strong><em>Texto: Carlos Medinas Diretor de Prova | Auto<\/em><\/strong><\/p>\n","protected":false},"excerpt":{"rendered":"<p>Para a SAR Motorismo e para mim em particular, foi uma honra podermos ajudar a renascer esta prova m\u00edtica do TT nacional, a Baja TT&hellip;<\/p>\n","protected":false},"author":1,"featured_media":221,"comment_status":"closed","ping_status":"closed","sticky":false,"template":"","format":"standard","meta":{"advgb_blocks_editor_width":"","advgb_blocks_columns_visual_guide":"","ngg_post_thumbnail":0,"footnotes":""},"categories":[1],"tags":[16],"class_list":["post-219","post","type-post","status-publish","format-standard","has-post-thumbnail","hentry","category-news2021","tag-auto"],"gutentor_comment":0,"rise-blocks_total_comments":0,"rise-blocks_categories":[{"term_id":1,"name":"Not\u00edcias 2021","slug":"news2021","term_group":0,"term_taxonomy_id":1,"taxonomy":"category","description":"","parent":0,"count":196,"filter":"raw","cat_ID":1,"category_count":196,"category_description":"","cat_name":"Not\u00edcias 2021","category_nicename":"news2021","category_parent":0}],"rise-blocks_excerpt":"Para a SAR Motorismo e para mim em particular, foi uma honra podermos ajudar a renascer esta prova m\u00edtica do TT nacional, a Baja TT de Beja &#8211; Montes Alentejanos, e voltar a coloc\u00e1-la no Campeonato de Portugal. Uma prova com tradi\u00e7\u00e3o, muito querida pelos concorrentes no passado e que a par de Portalegre e Reguengos eram tidas como &#8220;de..","aioseo_notices":[],"author_meta":{"display_name":"admin","author_link":"https:\/\/cpka.pt\/bajattmontesalentejanos\/author\/admin\/"},"featured_img":"https:\/\/cpka.pt\/bajattmontesalentejanos\/wp-content\/uploads\/sites\/3\/2020\/12\/Carlos-Medinas-lk-300x179.jpg","coauthors":[],"tax_additional":{"categories":{"linked":["<a href=\"https:\/\/cpka.pt\/bajattmontesalentejanos\/category\/news2021\/\" class=\"advgb-post-tax-term\">Not\u00edcias 2021<\/a>"],"unlinked":["<span class=\"advgb-post-tax-term\">Not\u00edcias 2021<\/span>"]},"tags":{"linked":["<a href=\"https:\/\/cpka.pt\/bajattmontesalentejanos\/category\/news2021\/\" class=\"advgb-post-tax-term\">AUTO<\/a>"],"unlinked":["<span class=\"advgb-post-tax-term\">AUTO<\/span>"]}},"comment_count":"0","relative_dates":{"created":"Posted 5 anos ago","modified":"Updated 5 anos ago"},"absolute_dates":{"created":"Posted on 5 de Dezembro, 2020","modified":"Updated on 13 de Maio, 2021"},"absolute_dates_time":{"created":"Posted on 5 de Dezembro, 2020 14:35","modified":"Updated on 13 de Maio, 2021 11:28"},"featured_img_caption":"","series_order":"","_links":{"self":[{"href":"https:\/\/cpka.pt\/bajattmontesalentejanos\/wp-json\/wp\/v2\/posts\/219","targetHints":{"allow":["GET"]}}],"collection":[{"href":"https:\/\/cpka.pt\/bajattmontesalentejanos\/wp-json\/wp\/v2\/posts"}],"about":[{"href":"https:\/\/cpka.pt\/bajattmontesalentejanos\/wp-json\/wp\/v2\/types\/post"}],"author":[{"embeddable":true,"href":"https:\/\/cpka.pt\/bajattmontesalentejanos\/wp-json\/wp\/v2\/users\/1"}],"replies":[{"embeddable":true,"href":"https:\/\/cpka.pt\/bajattmontesalentejanos\/wp-json\/wp\/v2\/comments?post=219"}],"version-history":[{"count":1,"href":"https:\/\/cpka.pt\/bajattmontesalentejanos\/wp-json\/wp\/v2\/posts\/219\/revisions"}],"predecessor-version":[{"id":222,"href":"https:\/\/cpka.pt\/bajattmontesalentejanos\/wp-json\/wp\/v2\/posts\/219\/revisions\/222"}],"wp:featuredmedia":[{"embeddable":true,"href":"https:\/\/cpka.pt\/bajattmontesalentejanos\/wp-json\/wp\/v2\/media\/221"}],"wp:attachment":[{"href":"https:\/\/cpka.pt\/bajattmontesalentejanos\/wp-json\/wp\/v2\/media?parent=219"}],"wp:term":[{"taxonomy":"category","embeddable":true,"href":"https:\/\/cpka.pt\/bajattmontesalentejanos\/wp-json\/wp\/v2\/categories?post=219"},{"taxonomy":"post_tag","embeddable":true,"href":"https:\/\/cpka.pt\/bajattmontesalentejanos\/wp-json\/wp\/v2\/tags?post=219"}],"curies":[{"name":"wp","href":"https:\/\/api.w.org\/{rel}","templated":true}]}}