{"id":2227,"date":"2024-01-05T12:08:48","date_gmt":"2024-01-05T12:08:48","guid":{"rendered":"https:\/\/cpka.pt\/bajattmontesalentejanos\/?p=2227"},"modified":"2024-01-05T12:08:55","modified_gmt":"2024-01-05T12:08:55","slug":"miguel-casaca-e-joao-luz-ja-estao-inscritos-na-edicao-2024","status":"publish","type":"post","link":"https:\/\/cpka.pt\/bajattmontesalentejanos\/2024\/01\/05\/miguel-casaca-e-joao-luz-ja-estao-inscritos-na-edicao-2024\/","title":{"rendered":"Miguel Casaca e Jo\u00e3o Luz j\u00e1 est\u00e3o inscritos na edi\u00e7\u00e3o 2024"},"content":{"rendered":"\n<figure class=\"wp-block-image size-large\"><img loading=\"lazy\" decoding=\"async\" width=\"1024\" height=\"682\" src=\"https:\/\/cpka.pt\/bajattmontesalentejanos\/wp-content\/uploads\/sites\/3\/2024\/01\/Miguel-Casaca-1024x682.jpg\" alt=\"\" class=\"wp-image-2228\" srcset=\"https:\/\/cpka.pt\/bajattmontesalentejanos\/wp-content\/uploads\/sites\/3\/2024\/01\/Miguel-Casaca-1024x682.jpg 1024w, https:\/\/cpka.pt\/bajattmontesalentejanos\/wp-content\/uploads\/sites\/3\/2024\/01\/Miguel-Casaca-300x200.jpg 300w, https:\/\/cpka.pt\/bajattmontesalentejanos\/wp-content\/uploads\/sites\/3\/2024\/01\/Miguel-Casaca-768x512.jpg 768w, https:\/\/cpka.pt\/bajattmontesalentejanos\/wp-content\/uploads\/sites\/3\/2024\/01\/Miguel-Casaca-1200x800.jpg 1200w, https:\/\/cpka.pt\/bajattmontesalentejanos\/wp-content\/uploads\/sites\/3\/2024\/01\/Miguel-Casaca.jpg 1280w\" sizes=\"auto, (max-width: 1024px) 100vw, 1024px\" \/><\/figure>\n\n\n\n<p>Miguel Casaca e Jo\u00e3o Luz, que s\u00e3o uma das duplas mais carism\u00e1ticas do Campeonato de Portugal de Todo-o-Terreno AM|48, j\u00e1 inscreveram a Volkswagen Amarok do Grupo T1 na Esc Online Baja TT Montes Alentejanos.<\/p>\n","protected":false},"excerpt":{"rendered":"<p>Miguel Casaca e Jo\u00e3o Luz, que s\u00e3o uma das duplas mais carism\u00e1ticas do Campeonato de Portugal de Todo-o-Terreno AM|48, j\u00e1 inscreveram a Volkswagen Amarok do&hellip;<\/p>\n","protected":false},"author":1,"featured_media":2228,"comment_status":"closed","ping_status":"closed","sticky":false,"template":"","format":"standard","meta":{"advgb_blocks_editor_width":"","advgb_blocks_columns_visual_guide":"","ngg_post_thumbnail":0,"footnotes":""},"categories":[22],"tags":[32,33],"class_list":["post-2227","post","type-post","status-publish","format-standard","has-post-thumbnail","hentry","category-news","tag-32","tag-baja-tt-montes-alentejanos-2024"],"gutentor_comment":0,"rise-blocks_total_comments":0,"rise-blocks_categories":[{"term_id":22,"name":"Not\u00edcias","slug":"news","term_group":0,"term_taxonomy_id":22,"taxonomy":"category","description":"","parent":0,"count":136,"filter":"raw","cat_ID":22,"category_count":136,"category_description":"","cat_name":"Not\u00edcias","category_nicename":"news","category_parent":0}],"rise-blocks_excerpt":"Miguel Casaca e Jo\u00e3o Luz, que s\u00e3o uma das duplas mais carism\u00e1ticas do Campeonato de Portugal de Todo-o-Terreno AM|48, j\u00e1 inscreveram a Volkswagen Amarok do Grupo T1 na Esc Online Baja TT Montes Alentejanos.","aioseo_notices":[],"author_meta":{"display_name":"admin","author_link":"https:\/\/cpka.pt\/bajattmontesalentejanos\/author\/admin\/"},"featured_img":"https:\/\/cpka.pt\/bajattmontesalentejanos\/wp-content\/uploads\/sites\/3\/2024\/01\/Miguel-Casaca-300x200.jpg","coauthors":[],"tax_additional":{"categories":{"linked":["<a href=\"https:\/\/cpka.pt\/bajattmontesalentejanos\/category\/news\/\" class=\"advgb-post-tax-term\">Not\u00edcias<\/a>"],"unlinked":["<span class=\"advgb-post-tax-term\">Not\u00edcias<\/span>"]},"tags":{"linked":["<a href=\"https:\/\/cpka.pt\/bajattmontesalentejanos\/category\/news\/\" class=\"advgb-post-tax-term\">2024<\/a>","<a href=\"https:\/\/cpka.pt\/bajattmontesalentejanos\/category\/news\/\" class=\"advgb-post-tax-term\">BAJA TT MONTES ALENTEJANOS 2024<\/a>"],"unlinked":["<span class=\"advgb-post-tax-term\">2024<\/span>","<span class=\"advgb-post-tax-term\">BAJA TT MONTES ALENTEJANOS 2024<\/span>"]}},"comment_count":"0","relative_dates":{"created":"Posted 2 anos ago","modified":"Updated 2 anos ago"},"absolute_dates":{"created":"Posted on 5 de Janeiro, 2024","modified":"Updated on 5 de Janeiro, 2024"},"absolute_dates_time":{"created":"Posted on 5 de Janeiro, 2024 12:08","modified":"Updated on 5 de Janeiro, 2024 12:08"},"featured_img_caption":"","series_order":"","_links":{"self":[{"href":"https:\/\/cpka.pt\/bajattmontesalentejanos\/wp-json\/wp\/v2\/posts\/2227","targetHints":{"allow":["GET"]}}],"collection":[{"href":"https:\/\/cpka.pt\/bajattmontesalentejanos\/wp-json\/wp\/v2\/posts"}],"about":[{"href":"https:\/\/cpka.pt\/bajattmontesalentejanos\/wp-json\/wp\/v2\/types\/post"}],"author":[{"embeddable":true,"href":"https:\/\/cpka.pt\/bajattmontesalentejanos\/wp-json\/wp\/v2\/users\/1"}],"replies":[{"embeddable":true,"href":"https:\/\/cpka.pt\/bajattmontesalentejanos\/wp-json\/wp\/v2\/comments?post=2227"}],"version-history":[{"count":1,"href":"https:\/\/cpka.pt\/bajattmontesalentejanos\/wp-json\/wp\/v2\/posts\/2227\/revisions"}],"predecessor-version":[{"id":2229,"href":"https:\/\/cpka.pt\/bajattmontesalentejanos\/wp-json\/wp\/v2\/posts\/2227\/revisions\/2229"}],"wp:featuredmedia":[{"embeddable":true,"href":"https:\/\/cpka.pt\/bajattmontesalentejanos\/wp-json\/wp\/v2\/media\/2228"}],"wp:attachment":[{"href":"https:\/\/cpka.pt\/bajattmontesalentejanos\/wp-json\/wp\/v2\/media?parent=2227"}],"wp:term":[{"taxonomy":"category","embeddable":true,"href":"https:\/\/cpka.pt\/bajattmontesalentejanos\/wp-json\/wp\/v2\/categories?post=2227"},{"taxonomy":"post_tag","embeddable":true,"href":"https:\/\/cpka.pt\/bajattmontesalentejanos\/wp-json\/wp\/v2\/tags?post=2227"}],"curies":[{"name":"wp","href":"https:\/\/api.w.org\/{rel}","templated":true}]}}