{"id":223,"date":"2020-12-06T14:35:00","date_gmt":"2020-12-06T14:35:00","guid":{"rendered":"https:\/\/cpka.pt\/bajattmontesalentejanos\/?p=223"},"modified":"2021-05-13T11:28:37","modified_gmt":"2021-05-13T11:28:37","slug":"joaquim-branco-diretor-de-prova-moto-quaq-ssv","status":"publish","type":"post","link":"https:\/\/cpka.pt\/bajattmontesalentejanos\/2020\/12\/06\/joaquim-branco-diretor-de-prova-moto-quaq-ssv\/","title":{"rendered":"Joaquim Branco, Diretor de Prova MOTO | QUAQ |SSV"},"content":{"rendered":"\n<div class=\"wp-block-image\"><figure class=\"alignright size-large is-resized\"><img loading=\"lazy\" decoding=\"async\" src=\"https:\/\/cpka.pt\/bajattmontesalentejanos\/wp-content\/uploads\/sites\/3\/2020\/12\/Joaquim-Branco-1024x975.jpg\" alt=\"\" class=\"wp-image-224\" width=\"401\" height=\"382\" srcset=\"https:\/\/cpka.pt\/bajattmontesalentejanos\/wp-content\/uploads\/sites\/3\/2020\/12\/Joaquim-Branco-1024x975.jpg 1024w, https:\/\/cpka.pt\/bajattmontesalentejanos\/wp-content\/uploads\/sites\/3\/2020\/12\/Joaquim-Branco-300x286.jpg 300w, https:\/\/cpka.pt\/bajattmontesalentejanos\/wp-content\/uploads\/sites\/3\/2020\/12\/Joaquim-Branco-768x731.jpg 768w, https:\/\/cpka.pt\/bajattmontesalentejanos\/wp-content\/uploads\/sites\/3\/2020\/12\/Joaquim-Branco-1536x1463.jpg 1536w, https:\/\/cpka.pt\/bajattmontesalentejanos\/wp-content\/uploads\/sites\/3\/2020\/12\/Joaquim-Branco-1170x1114.jpg 1170w, https:\/\/cpka.pt\/bajattmontesalentejanos\/wp-content\/uploads\/sites\/3\/2020\/12\/Joaquim-Branco.jpg 2048w\" sizes=\"auto, (max-width: 401px) 100vw, 401px\" \/><figcaption>Joaquim Branco (Diretor de Prova MOTO | QUAQ | SSV)<\/figcaption><\/figure><\/div>\n\n\n\n<p>Foi com enorme satisfa\u00e7\u00e3o, que aceitei o convite pelo CPKA na pessoa de Humberto Vairinhos para ser diretor de prova moto\/ssv\/quad.<\/p>\n\n\n\n<p>Participei assim no renascer de uma das provas mais queridas dos pilotos TT.<\/p>\n\n\n\n<p>Espero, que ap\u00f3s o \u00eaxito que foi, e depois do amargo de boca inicial em que tivemos de adiar esta festa do TT devido a quest\u00f5es alheias \u00e0 organiza\u00e7\u00e3o, desejo que os pr\u00f3ximos anos sejam sempre bem-sucedidos.<\/p>\n\n\n\n<p>Para o pr\u00f3ximo ano estarei envolvido de novo na organiza\u00e7\u00e3o desta fant\u00e1stica prova na qualidade de diretor adjunto deixando o cargo de diretor para o meu Amigo M\u00e1rcio Santos. (n\u00e3o necessita apresenta\u00e7\u00e3o)Deixo aqui um agradecimento a todas as pessoas, organiza\u00e7\u00f5es e clubes, que estiveram envolvidas nesta prova em particular aos meus Amigos, que fazem parte como eu do Pedrinha Motor Clube.<\/p>\n\n\n\n<p>Cumprimentos TT<\/p>\n\n\n\n<p><em><strong>Texto: Joaquim Branco, Diretor de Prova MOTO | QUAQ |SSV<\/strong><\/em><\/p>\n","protected":false},"excerpt":{"rendered":"<p>Foi com enorme satisfa\u00e7\u00e3o, que aceitei o convite pelo CPKA na pessoa de Humberto Vairinhos para ser diretor de prova moto\/ssv\/quad. Participei assim no renascer&hellip;<\/p>\n","protected":false},"author":1,"featured_media":225,"comment_status":"closed","ping_status":"closed","sticky":false,"template":"","format":"standard","meta":{"advgb_blocks_editor_width":"","advgb_blocks_columns_visual_guide":"","ngg_post_thumbnail":0,"footnotes":""},"categories":[1],"tags":[],"class_list":["post-223","post","type-post","status-publish","format-standard","has-post-thumbnail","hentry","category-news2021"],"gutentor_comment":0,"rise-blocks_total_comments":0,"rise-blocks_categories":[{"term_id":1,"name":"Not\u00edcias 2021","slug":"news2021","term_group":0,"term_taxonomy_id":1,"taxonomy":"category","description":"","parent":0,"count":196,"filter":"raw","cat_ID":1,"category_count":196,"category_description":"","cat_name":"Not\u00edcias 2021","category_nicename":"news2021","category_parent":0}],"rise-blocks_excerpt":"Foi com enorme satisfa\u00e7\u00e3o, que aceitei o convite pelo CPKA na pessoa de Humberto Vairinhos para ser diretor de prova moto\/ssv\/quad. Participei assim no renascer de uma das provas mais queridas dos pilotos TT. Espero, que ap\u00f3s o \u00eaxito que foi, e depois do amargo de boca inicial em que tivemos de adiar esta festa do TT devido a quest\u00f5es..","aioseo_notices":[],"author_meta":{"display_name":"admin","author_link":"https:\/\/cpka.pt\/bajattmontesalentejanos\/author\/admin\/"},"featured_img":"https:\/\/cpka.pt\/bajattmontesalentejanos\/wp-content\/uploads\/sites\/3\/2020\/12\/Joaquim-Branco-lk-300x179.jpg","coauthors":[],"tax_additional":{"categories":{"linked":["<a href=\"https:\/\/cpka.pt\/bajattmontesalentejanos\/category\/news2021\/\" class=\"advgb-post-tax-term\">Not\u00edcias 2021<\/a>"],"unlinked":["<span class=\"advgb-post-tax-term\">Not\u00edcias 2021<\/span>"]}},"comment_count":"0","relative_dates":{"created":"Posted 5 anos ago","modified":"Updated 5 anos ago"},"absolute_dates":{"created":"Posted on 6 de Dezembro, 2020","modified":"Updated on 13 de Maio, 2021"},"absolute_dates_time":{"created":"Posted on 6 de Dezembro, 2020 14:35","modified":"Updated on 13 de Maio, 2021 11:28"},"featured_img_caption":"","series_order":"","_links":{"self":[{"href":"https:\/\/cpka.pt\/bajattmontesalentejanos\/wp-json\/wp\/v2\/posts\/223","targetHints":{"allow":["GET"]}}],"collection":[{"href":"https:\/\/cpka.pt\/bajattmontesalentejanos\/wp-json\/wp\/v2\/posts"}],"about":[{"href":"https:\/\/cpka.pt\/bajattmontesalentejanos\/wp-json\/wp\/v2\/types\/post"}],"author":[{"embeddable":true,"href":"https:\/\/cpka.pt\/bajattmontesalentejanos\/wp-json\/wp\/v2\/users\/1"}],"replies":[{"embeddable":true,"href":"https:\/\/cpka.pt\/bajattmontesalentejanos\/wp-json\/wp\/v2\/comments?post=223"}],"version-history":[{"count":1,"href":"https:\/\/cpka.pt\/bajattmontesalentejanos\/wp-json\/wp\/v2\/posts\/223\/revisions"}],"predecessor-version":[{"id":226,"href":"https:\/\/cpka.pt\/bajattmontesalentejanos\/wp-json\/wp\/v2\/posts\/223\/revisions\/226"}],"wp:featuredmedia":[{"embeddable":true,"href":"https:\/\/cpka.pt\/bajattmontesalentejanos\/wp-json\/wp\/v2\/media\/225"}],"wp:attachment":[{"href":"https:\/\/cpka.pt\/bajattmontesalentejanos\/wp-json\/wp\/v2\/media?parent=223"}],"wp:term":[{"taxonomy":"category","embeddable":true,"href":"https:\/\/cpka.pt\/bajattmontesalentejanos\/wp-json\/wp\/v2\/categories?post=223"},{"taxonomy":"post_tag","embeddable":true,"href":"https:\/\/cpka.pt\/bajattmontesalentejanos\/wp-json\/wp\/v2\/tags?post=223"}],"curies":[{"name":"wp","href":"https:\/\/api.w.org\/{rel}","templated":true}]}}