{"id":228,"date":"2020-12-07T15:34:00","date_gmt":"2020-12-07T15:34:00","guid":{"rendered":"https:\/\/cpka.pt\/bajattmontesalentejanos\/?p=228"},"modified":"2020-12-14T15:35:39","modified_gmt":"2020-12-14T15:35:39","slug":"mensagem-do-de-henrique-lourenco-da-transgrua-patrocinador-e-concorrente","status":"publish","type":"post","link":"https:\/\/cpka.pt\/bajattmontesalentejanos\/2020\/12\/07\/mensagem-do-de-henrique-lourenco-da-transgrua-patrocinador-e-concorrente\/","title":{"rendered":"Mensagem de Henrique Louren\u00e7o da Transgrua, Patrocinador e concorrente"},"content":{"rendered":"\n<figure class=\"wp-block-image alignwide size-large\"><img loading=\"lazy\" decoding=\"async\" width=\"1024\" height=\"599\" src=\"https:\/\/cpka.pt\/bajattmontesalentejanos\/wp-content\/uploads\/sites\/3\/2020\/12\/henrique-lourenco-na-baja-tt-vindimas-do-alentejo-2020-1024x599.jpg\" alt=\"\" class=\"wp-image-229\" srcset=\"https:\/\/cpka.pt\/bajattmontesalentejanos\/wp-content\/uploads\/sites\/3\/2020\/12\/henrique-lourenco-na-baja-tt-vindimas-do-alentejo-2020-1024x599.jpg 1024w, https:\/\/cpka.pt\/bajattmontesalentejanos\/wp-content\/uploads\/sites\/3\/2020\/12\/henrique-lourenco-na-baja-tt-vindimas-do-alentejo-2020-300x175.jpg 300w, https:\/\/cpka.pt\/bajattmontesalentejanos\/wp-content\/uploads\/sites\/3\/2020\/12\/henrique-lourenco-na-baja-tt-vindimas-do-alentejo-2020-768x449.jpg 768w, https:\/\/cpka.pt\/bajattmontesalentejanos\/wp-content\/uploads\/sites\/3\/2020\/12\/henrique-lourenco-na-baja-tt-vindimas-do-alentejo-2020-1536x898.jpg 1536w, https:\/\/cpka.pt\/bajattmontesalentejanos\/wp-content\/uploads\/sites\/3\/2020\/12\/henrique-lourenco-na-baja-tt-vindimas-do-alentejo-2020-1170x684.jpg 1170w, https:\/\/cpka.pt\/bajattmontesalentejanos\/wp-content\/uploads\/sites\/3\/2020\/12\/henrique-lourenco-na-baja-tt-vindimas-do-alentejo-2020.jpg 1733w\" sizes=\"auto, (max-width: 1024px) 100vw, 1024px\" \/><figcaption>Henrique Louren\u00e7o na Baja TT Vindimas do Alentejo (Foto: D.R.)<\/figcaption><\/figure>\n\n\n\n<p>Inicialmente pensei participar na Baja TT Vindimas do Alentejo, apenas como como concorrente. Entretanto o Humberto, amigo de longa data, pediu-me apoio para poder avan\u00e7ar com a corrida. Como amante do desporto autom\u00f3vel e particularmente do todo-o-terreno decidi ajudar o Humberto para que ele pudesse organizar a prova.<\/p>\n\n\n\n<p>Acabei tamb\u00e9m por participar na Baja como concorrente. Foi uma prova com pistas muito boas cujo tra\u00e7ado foi muito do meu agrado. Fazer esta Baja como patrocinador e como concorrente e ainda para mais em fam\u00edlia, pois fiz a prova ao lado meu filho, foi uma experi\u00eancia muito agrad\u00e1vel. Gostei muito da organiza\u00e7\u00e3o e uma vez que foi a primeira edi\u00e7\u00e3o da competi\u00e7\u00e3o, achei que organiza\u00e7\u00e3o esteve muito bem e est\u00e3o de parab\u00e9ns pela excelente prova que montaram.<\/p>\n\n\n\n<p>Penso, que esta \u00e9 uma corrida que tem tudo para correr bem e para ter continuidade no nosso campeonato. Beja \u00e9 uma zona do pa\u00eds onde n\u00e3o h\u00e1 outras situa\u00e7\u00f5es competitivas e as condi\u00e7\u00f5es para a pr\u00e1tica do todo-o-terreno s\u00e3o bastante propicias para fazer uma boa corrida.<\/p>\n\n\n\n<p><strong><em>Texto: Henrique Louren\u00e7o (Transgrua)<\/em><\/strong><\/p>\n","protected":false},"excerpt":{"rendered":"<p>Inicialmente pensei participar na Baja TT Vindimas do Alentejo, apenas como como concorrente. Entretanto o Humberto, amigo de longa data, pediu-me apoio para poder avan\u00e7ar&hellip;<\/p>\n","protected":false},"author":1,"featured_media":230,"comment_status":"closed","ping_status":"closed","sticky":false,"template":"","format":"standard","meta":{"advgb_blocks_editor_width":"","advgb_blocks_columns_visual_guide":"","ngg_post_thumbnail":0,"footnotes":""},"categories":[1],"tags":[16],"class_list":["post-228","post","type-post","status-publish","format-standard","has-post-thumbnail","hentry","category-news2021","tag-auto"],"gutentor_comment":0,"rise-blocks_total_comments":0,"rise-blocks_categories":[{"term_id":1,"name":"Not\u00edcias 2021","slug":"news2021","term_group":0,"term_taxonomy_id":1,"taxonomy":"category","description":"","parent":0,"count":196,"filter":"raw","cat_ID":1,"category_count":196,"category_description":"","cat_name":"Not\u00edcias 2021","category_nicename":"news2021","category_parent":0}],"rise-blocks_excerpt":"Inicialmente pensei participar na Baja TT Vindimas do Alentejo, apenas como como concorrente. Entretanto o Humberto, amigo de longa data, pediu-me apoio para poder avan\u00e7ar com a corrida. Como amante do desporto autom\u00f3vel e particularmente do todo-o-terreno decidi ajudar o Humberto para que ele pudesse organizar a prova. Acabei tamb\u00e9m por participar na Baja como concorrente. Foi uma prova com..","aioseo_notices":[],"author_meta":{"display_name":"admin","author_link":"https:\/\/cpka.pt\/bajattmontesalentejanos\/author\/admin\/"},"featured_img":"https:\/\/cpka.pt\/bajattmontesalentejanos\/wp-content\/uploads\/sites\/3\/2020\/12\/henrique-lourenco-300x179.jpg","coauthors":[],"tax_additional":{"categories":{"linked":["<a href=\"https:\/\/cpka.pt\/bajattmontesalentejanos\/category\/news2021\/\" class=\"advgb-post-tax-term\">Not\u00edcias 2021<\/a>"],"unlinked":["<span class=\"advgb-post-tax-term\">Not\u00edcias 2021<\/span>"]},"tags":{"linked":["<a href=\"https:\/\/cpka.pt\/bajattmontesalentejanos\/category\/news2021\/\" class=\"advgb-post-tax-term\">AUTO<\/a>"],"unlinked":["<span class=\"advgb-post-tax-term\">AUTO<\/span>"]}},"comment_count":"0","relative_dates":{"created":"Posted 5 anos ago","modified":"Updated 5 anos ago"},"absolute_dates":{"created":"Posted on 7 de Dezembro, 2020","modified":"Updated on 14 de Dezembro, 2020"},"absolute_dates_time":{"created":"Posted on 7 de Dezembro, 2020 15:34","modified":"Updated on 14 de Dezembro, 2020 15:35"},"featured_img_caption":"","series_order":"","_links":{"self":[{"href":"https:\/\/cpka.pt\/bajattmontesalentejanos\/wp-json\/wp\/v2\/posts\/228","targetHints":{"allow":["GET"]}}],"collection":[{"href":"https:\/\/cpka.pt\/bajattmontesalentejanos\/wp-json\/wp\/v2\/posts"}],"about":[{"href":"https:\/\/cpka.pt\/bajattmontesalentejanos\/wp-json\/wp\/v2\/types\/post"}],"author":[{"embeddable":true,"href":"https:\/\/cpka.pt\/bajattmontesalentejanos\/wp-json\/wp\/v2\/users\/1"}],"replies":[{"embeddable":true,"href":"https:\/\/cpka.pt\/bajattmontesalentejanos\/wp-json\/wp\/v2\/comments?post=228"}],"version-history":[{"count":2,"href":"https:\/\/cpka.pt\/bajattmontesalentejanos\/wp-json\/wp\/v2\/posts\/228\/revisions"}],"predecessor-version":[{"id":232,"href":"https:\/\/cpka.pt\/bajattmontesalentejanos\/wp-json\/wp\/v2\/posts\/228\/revisions\/232"}],"wp:featuredmedia":[{"embeddable":true,"href":"https:\/\/cpka.pt\/bajattmontesalentejanos\/wp-json\/wp\/v2\/media\/230"}],"wp:attachment":[{"href":"https:\/\/cpka.pt\/bajattmontesalentejanos\/wp-json\/wp\/v2\/media?parent=228"}],"wp:term":[{"taxonomy":"category","embeddable":true,"href":"https:\/\/cpka.pt\/bajattmontesalentejanos\/wp-json\/wp\/v2\/categories?post=228"},{"taxonomy":"post_tag","embeddable":true,"href":"https:\/\/cpka.pt\/bajattmontesalentejanos\/wp-json\/wp\/v2\/tags?post=228"}],"curies":[{"name":"wp","href":"https:\/\/api.w.org\/{rel}","templated":true}]}}