{"id":233,"date":"2020-12-08T15:37:00","date_gmt":"2020-12-08T15:37:00","guid":{"rendered":"https:\/\/cpka.pt\/bajattmontesalentejanos\/?p=233"},"modified":"2020-12-14T15:41:53","modified_gmt":"2020-12-14T15:41:53","slug":"nuno-corvo-da-argasclim-patrocinador-e-concorrente","status":"publish","type":"post","link":"https:\/\/cpka.pt\/bajattmontesalentejanos\/2020\/12\/08\/nuno-corvo-da-argasclim-patrocinador-e-concorrente\/","title":{"rendered":"Nuno Corvo da Argasclim, Patrocinador e Concorrente"},"content":{"rendered":"\n<figure class=\"wp-block-image alignwide size-large\"><img loading=\"lazy\" decoding=\"async\" width=\"1024\" height=\"613\" src=\"https:\/\/cpka.pt\/bajattmontesalentejanos\/wp-content\/uploads\/sites\/3\/2020\/12\/nuno-corvo-Baja-TT-vindimas-do-Alentejo-foto-AIFA-1024x613.jpg\" alt=\"\" class=\"wp-image-234\" srcset=\"https:\/\/cpka.pt\/bajattmontesalentejanos\/wp-content\/uploads\/sites\/3\/2020\/12\/nuno-corvo-Baja-TT-vindimas-do-Alentejo-foto-AIFA-1024x613.jpg 1024w, https:\/\/cpka.pt\/bajattmontesalentejanos\/wp-content\/uploads\/sites\/3\/2020\/12\/nuno-corvo-Baja-TT-vindimas-do-Alentejo-foto-AIFA-300x180.jpg 300w, https:\/\/cpka.pt\/bajattmontesalentejanos\/wp-content\/uploads\/sites\/3\/2020\/12\/nuno-corvo-Baja-TT-vindimas-do-Alentejo-foto-AIFA-768x460.jpg 768w, https:\/\/cpka.pt\/bajattmontesalentejanos\/wp-content\/uploads\/sites\/3\/2020\/12\/nuno-corvo-Baja-TT-vindimas-do-Alentejo-foto-AIFA-1170x700.jpg 1170w, https:\/\/cpka.pt\/bajattmontesalentejanos\/wp-content\/uploads\/sites\/3\/2020\/12\/nuno-corvo-Baja-TT-vindimas-do-Alentejo-foto-AIFA.jpg 1200w\" sizes=\"auto, (max-width: 1024px) 100vw, 1024px\" \/><figcaption>Nuno Corvo na Baja TT Vindimas do Alentejo (Foto: AIFA)<\/figcaption><\/figure>\n\n\n\n<p>Sendo a Baja TT Vindimas do Alentejo uma das bajas do Calend\u00e1rio de provas, que comp\u00f5em o Campeonato de Portugal de Todo-o-terreno 2020 e tendo a zona onde a prova se desenrola tido j\u00e1 no passado, um sucesso assinal\u00e1vel pela qualidade das pistas que utiliza no seu tra\u00e7ado, e considerando ainda a qualidade organizativa dos elementos respons\u00e1veis pela prova, a ArgasClim que tamb\u00e9m marca presen\u00e7a com uma equipa no Campeonato de Portugal de Todo-o-Terreno, n\u00e3o quis deixar de se associar a mais um sucesso desportivo, e desta forma contribuir para que as gentes de Beja e dos concelhos adjacentes, pilotos e demais comitiva que acompanham o Todo-o-Terreno, pudesse voltar a usufruir de um conv\u00edvio salutar entre todos os agentes envolvidos, e perpetuar \u2013 assim espero \u2013 a realiza\u00e7\u00e3o desta prova nos anos vindouros, contribuindo tamb\u00e9m indireta e modestamente para o desenvolvimento do PIB desta regi\u00e3o, na qual tenho tamb\u00e9m as minhas ra\u00edzes.<\/p>\n\n\n\n<p><strong><em>Texto: Nuno Corvo da Argasclim, Patrocinador e Concorrente<\/em><\/strong><\/p>\n","protected":false},"excerpt":{"rendered":"<p>Sendo a Baja TT Vindimas do Alentejo uma das bajas do Calend\u00e1rio de provas, que comp\u00f5em o Campeonato de Portugal de Todo-o-terreno 2020 e tendo&hellip;<\/p>\n","protected":false},"author":1,"featured_media":234,"comment_status":"closed","ping_status":"closed","sticky":false,"template":"","format":"standard","meta":{"advgb_blocks_editor_width":"","advgb_blocks_columns_visual_guide":"","ngg_post_thumbnail":0,"footnotes":""},"categories":[1],"tags":[16],"class_list":["post-233","post","type-post","status-publish","format-standard","has-post-thumbnail","hentry","category-news2021","tag-auto"],"gutentor_comment":0,"rise-blocks_total_comments":0,"rise-blocks_categories":[{"term_id":1,"name":"Not\u00edcias 2021","slug":"news2021","term_group":0,"term_taxonomy_id":1,"taxonomy":"category","description":"","parent":0,"count":196,"filter":"raw","cat_ID":1,"category_count":196,"category_description":"","cat_name":"Not\u00edcias 2021","category_nicename":"news2021","category_parent":0}],"rise-blocks_excerpt":"Sendo a Baja TT Vindimas do Alentejo uma das bajas do Calend\u00e1rio de provas, que comp\u00f5em o Campeonato de Portugal de Todo-o-terreno 2020 e tendo a zona onde a prova se desenrola tido j\u00e1 no passado, um sucesso assinal\u00e1vel pela qualidade das pistas que utiliza no seu tra\u00e7ado, e considerando ainda a qualidade organizativa dos elementos respons\u00e1veis pela prova, a..","aioseo_notices":[],"author_meta":{"display_name":"admin","author_link":"https:\/\/cpka.pt\/bajattmontesalentejanos\/author\/admin\/"},"featured_img":"https:\/\/cpka.pt\/bajattmontesalentejanos\/wp-content\/uploads\/sites\/3\/2020\/12\/nuno-corvo-Baja-TT-vindimas-do-Alentejo-foto-AIFA-300x180.jpg","coauthors":[],"tax_additional":{"categories":{"linked":["<a href=\"https:\/\/cpka.pt\/bajattmontesalentejanos\/category\/news2021\/\" class=\"advgb-post-tax-term\">Not\u00edcias 2021<\/a>"],"unlinked":["<span class=\"advgb-post-tax-term\">Not\u00edcias 2021<\/span>"]},"tags":{"linked":["<a href=\"https:\/\/cpka.pt\/bajattmontesalentejanos\/category\/news2021\/\" class=\"advgb-post-tax-term\">AUTO<\/a>"],"unlinked":["<span class=\"advgb-post-tax-term\">AUTO<\/span>"]}},"comment_count":"0","relative_dates":{"created":"Posted 5 anos ago","modified":"Updated 5 anos ago"},"absolute_dates":{"created":"Posted on 8 de Dezembro, 2020","modified":"Updated on 14 de Dezembro, 2020"},"absolute_dates_time":{"created":"Posted on 8 de Dezembro, 2020 15:37","modified":"Updated on 14 de Dezembro, 2020 15:41"},"featured_img_caption":"Nuno Corvo na Baja TT Vindimas do Alentejo (Foto: AIFA)","series_order":"","_links":{"self":[{"href":"https:\/\/cpka.pt\/bajattmontesalentejanos\/wp-json\/wp\/v2\/posts\/233","targetHints":{"allow":["GET"]}}],"collection":[{"href":"https:\/\/cpka.pt\/bajattmontesalentejanos\/wp-json\/wp\/v2\/posts"}],"about":[{"href":"https:\/\/cpka.pt\/bajattmontesalentejanos\/wp-json\/wp\/v2\/types\/post"}],"author":[{"embeddable":true,"href":"https:\/\/cpka.pt\/bajattmontesalentejanos\/wp-json\/wp\/v2\/users\/1"}],"replies":[{"embeddable":true,"href":"https:\/\/cpka.pt\/bajattmontesalentejanos\/wp-json\/wp\/v2\/comments?post=233"}],"version-history":[{"count":1,"href":"https:\/\/cpka.pt\/bajattmontesalentejanos\/wp-json\/wp\/v2\/posts\/233\/revisions"}],"predecessor-version":[{"id":235,"href":"https:\/\/cpka.pt\/bajattmontesalentejanos\/wp-json\/wp\/v2\/posts\/233\/revisions\/235"}],"wp:featuredmedia":[{"embeddable":true,"href":"https:\/\/cpka.pt\/bajattmontesalentejanos\/wp-json\/wp\/v2\/media\/234"}],"wp:attachment":[{"href":"https:\/\/cpka.pt\/bajattmontesalentejanos\/wp-json\/wp\/v2\/media?parent=233"}],"wp:term":[{"taxonomy":"category","embeddable":true,"href":"https:\/\/cpka.pt\/bajattmontesalentejanos\/wp-json\/wp\/v2\/categories?post=233"},{"taxonomy":"post_tag","embeddable":true,"href":"https:\/\/cpka.pt\/bajattmontesalentejanos\/wp-json\/wp\/v2\/tags?post=233"}],"curies":[{"name":"wp","href":"https:\/\/api.w.org\/{rel}","templated":true}]}}