{"id":236,"date":"2020-12-09T15:42:00","date_gmt":"2020-12-09T15:42:00","guid":{"rendered":"https:\/\/cpka.pt\/bajattmontesalentejanos\/?p=236"},"modified":"2020-12-14T15:45:55","modified_gmt":"2020-12-14T15:45:55","slug":"mensagem-de-francisco-mateus-presidente-da-direcao-da-cvra-vinhos-do-alentejo","status":"publish","type":"post","link":"https:\/\/cpka.pt\/bajattmontesalentejanos\/2020\/12\/09\/mensagem-de-francisco-mateus-presidente-da-direcao-da-cvra-vinhos-do-alentejo\/","title":{"rendered":"Mensagem de Francisco Mateus, Presidente da Dire\u00e7\u00e3o da CVRA &#8211; Vinhos do Alentejo"},"content":{"rendered":"\n<div class=\"wp-block-image\"><figure class=\"alignright size-large is-resized\"><img loading=\"lazy\" decoding=\"async\" src=\"https:\/\/cpka.pt\/bajattmontesalentejanos\/wp-content\/uploads\/sites\/3\/2020\/12\/Francisco-Mateus.jpg\" alt=\"\" class=\"wp-image-237\" width=\"443\" height=\"265\" srcset=\"https:\/\/cpka.pt\/bajattmontesalentejanos\/wp-content\/uploads\/sites\/3\/2020\/12\/Francisco-Mateus.jpg 748w, https:\/\/cpka.pt\/bajattmontesalentejanos\/wp-content\/uploads\/sites\/3\/2020\/12\/Francisco-Mateus-300x179.jpg 300w\" sizes=\"auto, (max-width: 443px) 100vw, 443px\" \/><figcaption><strong><em>Francisco Mateus (Presidente da Dire\u00e7\u00e3o da Comiss\u00e3o Vitivin\u00edcola Regional Alentejana (CVRA)) &#8211; Vinhos do Alentejo<\/em><\/strong><\/figcaption><\/figure><\/div>\n\n\n\n<p>A Baja TT Vindimas do Alentejo voltou a trazer o Todo-o-Terreno ao Baixo Alentejo, movimentando muitas pessoas, que tamb\u00e9m tiveram a oportunidade de aproveitar a hospitalidade da regi\u00e3o e a oferta de enoturismos.<\/p>\n\n\n\n<p>O enoturismo do Alentejo tem conquistado refer\u00eancias internacionais ano ap\u00f3s ano e iniciativas como a Baja demonstram que h\u00e1 potencial para realizar provas que tamb\u00e9m enaltecem a regi\u00e3o.<\/p>\n\n\n\n<p><strong><em>Texto: Francisco Mateus (Presidente da Dire\u00e7\u00e3o da Comiss\u00e3o Vitivin\u00edcola Regional Alentejana (CVRA)) &#8211; Vinhos do Alentejo<\/em><\/strong><\/p>\n","protected":false},"excerpt":{"rendered":"<p>A Baja TT Vindimas do Alentejo voltou a trazer o Todo-o-Terreno ao Baixo Alentejo, movimentando muitas pessoas, que tamb\u00e9m tiveram a oportunidade de aproveitar a&hellip;<\/p>\n","protected":false},"author":1,"featured_media":237,"comment_status":"closed","ping_status":"closed","sticky":false,"template":"","format":"standard","meta":{"advgb_blocks_editor_width":"","advgb_blocks_columns_visual_guide":"","ngg_post_thumbnail":0,"footnotes":""},"categories":[1],"tags":[16,17,15,14],"class_list":["post-236","post","type-post","status-publish","format-standard","has-post-thumbnail","hentry","category-news2021","tag-auto","tag-moto","tag-quad","tag-ssv"],"gutentor_comment":0,"rise-blocks_total_comments":0,"rise-blocks_categories":[{"term_id":1,"name":"Not\u00edcias 2021","slug":"news2021","term_group":0,"term_taxonomy_id":1,"taxonomy":"category","description":"","parent":0,"count":196,"filter":"raw","cat_ID":1,"category_count":196,"category_description":"","cat_name":"Not\u00edcias 2021","category_nicename":"news2021","category_parent":0}],"rise-blocks_excerpt":"A Baja TT Vindimas do Alentejo voltou a trazer o Todo-o-Terreno ao Baixo Alentejo, movimentando muitas pessoas, que tamb\u00e9m tiveram a oportunidade de aproveitar a hospitalidade da regi\u00e3o e a oferta de enoturismos. O enoturismo do Alentejo tem conquistado refer\u00eancias internacionais ano ap\u00f3s ano e iniciativas como a Baja demonstram que h\u00e1 potencial para realizar provas que tamb\u00e9m enaltecem a..","aioseo_notices":[],"author_meta":{"display_name":"admin","author_link":"https:\/\/cpka.pt\/bajattmontesalentejanos\/author\/admin\/"},"featured_img":"https:\/\/cpka.pt\/bajattmontesalentejanos\/wp-content\/uploads\/sites\/3\/2020\/12\/Francisco-Mateus-300x179.jpg","coauthors":[],"tax_additional":{"categories":{"linked":["<a href=\"https:\/\/cpka.pt\/bajattmontesalentejanos\/category\/news2021\/\" class=\"advgb-post-tax-term\">Not\u00edcias 2021<\/a>"],"unlinked":["<span class=\"advgb-post-tax-term\">Not\u00edcias 2021<\/span>"]},"tags":{"linked":["<a href=\"https:\/\/cpka.pt\/bajattmontesalentejanos\/category\/news2021\/\" class=\"advgb-post-tax-term\">AUTO<\/a>","<a href=\"https:\/\/cpka.pt\/bajattmontesalentejanos\/category\/news2021\/\" class=\"advgb-post-tax-term\">MOTO<\/a>","<a href=\"https:\/\/cpka.pt\/bajattmontesalentejanos\/category\/news2021\/\" class=\"advgb-post-tax-term\">QUAD<\/a>","<a href=\"https:\/\/cpka.pt\/bajattmontesalentejanos\/category\/news2021\/\" class=\"advgb-post-tax-term\">SSV<\/a>"],"unlinked":["<span class=\"advgb-post-tax-term\">AUTO<\/span>","<span class=\"advgb-post-tax-term\">MOTO<\/span>","<span class=\"advgb-post-tax-term\">QUAD<\/span>","<span class=\"advgb-post-tax-term\">SSV<\/span>"]}},"comment_count":"0","relative_dates":{"created":"Posted 5 anos ago","modified":"Updated 5 anos ago"},"absolute_dates":{"created":"Posted on 9 de Dezembro, 2020","modified":"Updated on 14 de Dezembro, 2020"},"absolute_dates_time":{"created":"Posted on 9 de Dezembro, 2020 15:42","modified":"Updated on 14 de Dezembro, 2020 15:45"},"featured_img_caption":"","series_order":"","_links":{"self":[{"href":"https:\/\/cpka.pt\/bajattmontesalentejanos\/wp-json\/wp\/v2\/posts\/236","targetHints":{"allow":["GET"]}}],"collection":[{"href":"https:\/\/cpka.pt\/bajattmontesalentejanos\/wp-json\/wp\/v2\/posts"}],"about":[{"href":"https:\/\/cpka.pt\/bajattmontesalentejanos\/wp-json\/wp\/v2\/types\/post"}],"author":[{"embeddable":true,"href":"https:\/\/cpka.pt\/bajattmontesalentejanos\/wp-json\/wp\/v2\/users\/1"}],"replies":[{"embeddable":true,"href":"https:\/\/cpka.pt\/bajattmontesalentejanos\/wp-json\/wp\/v2\/comments?post=236"}],"version-history":[{"count":1,"href":"https:\/\/cpka.pt\/bajattmontesalentejanos\/wp-json\/wp\/v2\/posts\/236\/revisions"}],"predecessor-version":[{"id":238,"href":"https:\/\/cpka.pt\/bajattmontesalentejanos\/wp-json\/wp\/v2\/posts\/236\/revisions\/238"}],"wp:featuredmedia":[{"embeddable":true,"href":"https:\/\/cpka.pt\/bajattmontesalentejanos\/wp-json\/wp\/v2\/media\/237"}],"wp:attachment":[{"href":"https:\/\/cpka.pt\/bajattmontesalentejanos\/wp-json\/wp\/v2\/media?parent=236"}],"wp:term":[{"taxonomy":"category","embeddable":true,"href":"https:\/\/cpka.pt\/bajattmontesalentejanos\/wp-json\/wp\/v2\/categories?post=236"},{"taxonomy":"post_tag","embeddable":true,"href":"https:\/\/cpka.pt\/bajattmontesalentejanos\/wp-json\/wp\/v2\/tags?post=236"}],"curies":[{"name":"wp","href":"https:\/\/api.w.org\/{rel}","templated":true}]}}