{"id":2362,"date":"2024-01-09T10:25:08","date_gmt":"2024-01-09T10:25:08","guid":{"rendered":"https:\/\/cpka.pt\/bajattmontesalentejanos\/?p=2362"},"modified":"2024-01-09T10:25:13","modified_gmt":"2024-01-09T10:25:13","slug":"eduardo-rodrigues-terceiro-piloto-da-transgrua-sport-na-baja-tt-montes-alentejanos","status":"publish","type":"post","link":"https:\/\/cpka.pt\/bajattmontesalentejanos\/2024\/01\/09\/eduardo-rodrigues-terceiro-piloto-da-transgrua-sport-na-baja-tt-montes-alentejanos\/","title":{"rendered":"Eduardo Rodrigues terceiro piloto da Transgrua Sport na Baja TT Montes Alentejanos"},"content":{"rendered":"<div class=\"wp-block-image\">\n<figure class=\"aligncenter size-large\"><img loading=\"lazy\" decoding=\"async\" width=\"1024\" height=\"682\" src=\"https:\/\/cpka.pt\/bajattmontesalentejanos\/wp-content\/uploads\/sites\/3\/2024\/01\/Eduardo-Rodrigues-1024x682.jpg\" alt=\"\" class=\"wp-image-2363\" srcset=\"https:\/\/cpka.pt\/bajattmontesalentejanos\/wp-content\/uploads\/sites\/3\/2024\/01\/Eduardo-Rodrigues-1024x682.jpg 1024w, https:\/\/cpka.pt\/bajattmontesalentejanos\/wp-content\/uploads\/sites\/3\/2024\/01\/Eduardo-Rodrigues-300x200.jpg 300w, https:\/\/cpka.pt\/bajattmontesalentejanos\/wp-content\/uploads\/sites\/3\/2024\/01\/Eduardo-Rodrigues-768x512.jpg 768w, https:\/\/cpka.pt\/bajattmontesalentejanos\/wp-content\/uploads\/sites\/3\/2024\/01\/Eduardo-Rodrigues-1536x1023.jpg 1536w, https:\/\/cpka.pt\/bajattmontesalentejanos\/wp-content\/uploads\/sites\/3\/2024\/01\/Eduardo-Rodrigues-1200x800.jpg 1200w, https:\/\/cpka.pt\/bajattmontesalentejanos\/wp-content\/uploads\/sites\/3\/2024\/01\/Eduardo-Rodrigues.jpg 1600w\" sizes=\"auto, (max-width: 1024px) 100vw, 1024px\" \/><\/figure><\/div>\n\n\n<p>Eduardo Rodrigues e Ant\u00f3nio Nunes, s\u00e3o a terceira dupla de pilotos da equipa Transgrua Sport, que tamb\u00e9m vai estrear na Esc Online Baja TT Montes ESC Online Baja TT Montes Alentejanos, uma das duas novas Toyotas Land Cruiser VDJ200 do grupo T2 que a equipa apostou para renovar o parque autom\u00f3vel e a competi\u00e7\u00e3o deste grupo em 2024.<\/p>\n","protected":false},"excerpt":{"rendered":"<p>Eduardo Rodrigues e Ant\u00f3nio Nunes, s\u00e3o a terceira dupla de pilotos da equipa Transgrua Sport, que tamb\u00e9m vai estrear na Esc Online Baja TT Montes&hellip;<\/p>\n","protected":false},"author":1,"featured_media":2363,"comment_status":"closed","ping_status":"closed","sticky":false,"template":"","format":"standard","meta":{"advgb_blocks_editor_width":"","advgb_blocks_columns_visual_guide":"","ngg_post_thumbnail":0,"footnotes":""},"categories":[22],"tags":[32,16,33],"class_list":["post-2362","post","type-post","status-publish","format-standard","has-post-thumbnail","hentry","category-news","tag-32","tag-auto","tag-baja-tt-montes-alentejanos-2024"],"gutentor_comment":0,"rise-blocks_total_comments":0,"rise-blocks_categories":[{"term_id":22,"name":"Not\u00edcias","slug":"news","term_group":0,"term_taxonomy_id":22,"taxonomy":"category","description":"","parent":0,"count":136,"filter":"raw","cat_ID":22,"category_count":136,"category_description":"","cat_name":"Not\u00edcias","category_nicename":"news","category_parent":0}],"rise-blocks_excerpt":"Eduardo Rodrigues e Ant\u00f3nio Nunes, s\u00e3o a terceira dupla de pilotos da equipa Transgrua Sport, que tamb\u00e9m vai estrear na Esc Online Baja TT Montes ESC Online Baja TT Montes Alentejanos, uma das duas novas Toyotas Land Cruiser VDJ200 do grupo T2 que a equipa apostou para renovar o parque autom\u00f3vel e a competi\u00e7\u00e3o deste grupo em 2024.","aioseo_notices":[],"author_meta":{"display_name":"admin","author_link":"https:\/\/cpka.pt\/bajattmontesalentejanos\/author\/admin\/"},"featured_img":"https:\/\/cpka.pt\/bajattmontesalentejanos\/wp-content\/uploads\/sites\/3\/2024\/01\/Eduardo-Rodrigues-300x200.jpg","coauthors":[],"tax_additional":{"categories":{"linked":["<a href=\"https:\/\/cpka.pt\/bajattmontesalentejanos\/category\/news\/\" class=\"advgb-post-tax-term\">Not\u00edcias<\/a>"],"unlinked":["<span class=\"advgb-post-tax-term\">Not\u00edcias<\/span>"]},"tags":{"linked":["<a href=\"https:\/\/cpka.pt\/bajattmontesalentejanos\/category\/news\/\" class=\"advgb-post-tax-term\">2024<\/a>","<a href=\"https:\/\/cpka.pt\/bajattmontesalentejanos\/category\/news\/\" class=\"advgb-post-tax-term\">AUTO<\/a>","<a href=\"https:\/\/cpka.pt\/bajattmontesalentejanos\/category\/news\/\" class=\"advgb-post-tax-term\">BAJA TT MONTES ALENTEJANOS 2024<\/a>"],"unlinked":["<span class=\"advgb-post-tax-term\">2024<\/span>","<span class=\"advgb-post-tax-term\">AUTO<\/span>","<span class=\"advgb-post-tax-term\">BAJA TT MONTES ALENTEJANOS 2024<\/span>"]}},"comment_count":"0","relative_dates":{"created":"Posted 2 anos ago","modified":"Updated 2 anos ago"},"absolute_dates":{"created":"Posted on 9 de Janeiro, 2024","modified":"Updated on 9 de Janeiro, 2024"},"absolute_dates_time":{"created":"Posted on 9 de Janeiro, 2024 10:25","modified":"Updated on 9 de Janeiro, 2024 10:25"},"featured_img_caption":"","series_order":"","_links":{"self":[{"href":"https:\/\/cpka.pt\/bajattmontesalentejanos\/wp-json\/wp\/v2\/posts\/2362","targetHints":{"allow":["GET"]}}],"collection":[{"href":"https:\/\/cpka.pt\/bajattmontesalentejanos\/wp-json\/wp\/v2\/posts"}],"about":[{"href":"https:\/\/cpka.pt\/bajattmontesalentejanos\/wp-json\/wp\/v2\/types\/post"}],"author":[{"embeddable":true,"href":"https:\/\/cpka.pt\/bajattmontesalentejanos\/wp-json\/wp\/v2\/users\/1"}],"replies":[{"embeddable":true,"href":"https:\/\/cpka.pt\/bajattmontesalentejanos\/wp-json\/wp\/v2\/comments?post=2362"}],"version-history":[{"count":1,"href":"https:\/\/cpka.pt\/bajattmontesalentejanos\/wp-json\/wp\/v2\/posts\/2362\/revisions"}],"predecessor-version":[{"id":2364,"href":"https:\/\/cpka.pt\/bajattmontesalentejanos\/wp-json\/wp\/v2\/posts\/2362\/revisions\/2364"}],"wp:featuredmedia":[{"embeddable":true,"href":"https:\/\/cpka.pt\/bajattmontesalentejanos\/wp-json\/wp\/v2\/media\/2363"}],"wp:attachment":[{"href":"https:\/\/cpka.pt\/bajattmontesalentejanos\/wp-json\/wp\/v2\/media?parent=2362"}],"wp:term":[{"taxonomy":"category","embeddable":true,"href":"https:\/\/cpka.pt\/bajattmontesalentejanos\/wp-json\/wp\/v2\/categories?post=2362"},{"taxonomy":"post_tag","embeddable":true,"href":"https:\/\/cpka.pt\/bajattmontesalentejanos\/wp-json\/wp\/v2\/tags?post=2362"}],"curies":[{"name":"wp","href":"https:\/\/api.w.org\/{rel}","templated":true}]}}