{"id":2433,"date":"2024-01-12T11:06:45","date_gmt":"2024-01-12T11:06:45","guid":{"rendered":"https:\/\/cpka.pt\/bajattmontesalentejanos\/?p=2433"},"modified":"2024-01-12T11:06:54","modified_gmt":"2024-01-12T11:06:54","slug":"ronald-schoolderman-primeira-equipa-estrangeira-a-inscrever-se","status":"publish","type":"post","link":"https:\/\/cpka.pt\/bajattmontesalentejanos\/2024\/01\/12\/ronald-schoolderman-primeira-equipa-estrangeira-a-inscrever-se\/","title":{"rendered":"Ronald Schoolderman primeira equipa estrangeira a inscrever-se"},"content":{"rendered":"<div class=\"wp-block-image\">\n<figure class=\"aligncenter size-large\"><img loading=\"lazy\" decoding=\"async\" width=\"1024\" height=\"632\" src=\"https:\/\/cpka.pt\/bajattmontesalentejanos\/wp-content\/uploads\/sites\/3\/2024\/01\/418889025_885755246682427_2868500130022255803_n-1024x632.jpg\" alt=\"\" class=\"wp-image-2434\" srcset=\"https:\/\/cpka.pt\/bajattmontesalentejanos\/wp-content\/uploads\/sites\/3\/2024\/01\/418889025_885755246682427_2868500130022255803_n-1024x632.jpg 1024w, https:\/\/cpka.pt\/bajattmontesalentejanos\/wp-content\/uploads\/sites\/3\/2024\/01\/418889025_885755246682427_2868500130022255803_n-300x185.jpg 300w, https:\/\/cpka.pt\/bajattmontesalentejanos\/wp-content\/uploads\/sites\/3\/2024\/01\/418889025_885755246682427_2868500130022255803_n-768x474.jpg 768w, https:\/\/cpka.pt\/bajattmontesalentejanos\/wp-content\/uploads\/sites\/3\/2024\/01\/418889025_885755246682427_2868500130022255803_n.jpg 1493w\" sizes=\"auto, (max-width: 1024px) 100vw, 1024px\" \/><\/figure><\/div>\n\n\n<p>A primeira equipa estrangeira que formalizou a sua inscri\u00e7\u00e3o na Esc Online Baja TT Montes Alentejanos \u00e9 dos Pa\u00edses Baixos, a 4&#215;4 Centrium Ermelo, com um Mitsubishi ASX do Gr. T1, para a dupla Ronald Schoolderman e Mark Salomons.<\/p>\n","protected":false},"excerpt":{"rendered":"<p>A primeira equipa estrangeira que formalizou a sua inscri\u00e7\u00e3o na Esc Online Baja TT Montes Alentejanos \u00e9 dos Pa\u00edses Baixos, a 4&#215;4 Centrium Ermelo, com&hellip;<\/p>\n","protected":false},"author":1,"featured_media":2434,"comment_status":"open","ping_status":"open","sticky":false,"template":"","format":"standard","meta":{"advgb_blocks_editor_width":"","advgb_blocks_columns_visual_guide":"","ngg_post_thumbnail":0,"footnotes":""},"categories":[22],"tags":[32,16,33],"class_list":["post-2433","post","type-post","status-publish","format-standard","has-post-thumbnail","hentry","category-news","tag-32","tag-auto","tag-baja-tt-montes-alentejanos-2024"],"gutentor_comment":0,"rise-blocks_total_comments":0,"rise-blocks_categories":[{"term_id":22,"name":"Not\u00edcias","slug":"news","term_group":0,"term_taxonomy_id":22,"taxonomy":"category","description":"","parent":0,"count":136,"filter":"raw","cat_ID":22,"category_count":136,"category_description":"","cat_name":"Not\u00edcias","category_nicename":"news","category_parent":0}],"rise-blocks_excerpt":"A primeira equipa estrangeira que formalizou a sua inscri\u00e7\u00e3o na Esc Online Baja TT Montes Alentejanos \u00e9 dos Pa\u00edses Baixos, a 4&#215;4 Centrium Ermelo, com um Mitsubishi ASX do Gr. T1, para a dupla Ronald Schoolderman e Mark Salomons.","aioseo_notices":[],"author_meta":{"display_name":"admin","author_link":"https:\/\/cpka.pt\/bajattmontesalentejanos\/author\/admin\/"},"featured_img":"https:\/\/cpka.pt\/bajattmontesalentejanos\/wp-content\/uploads\/sites\/3\/2024\/01\/418889025_885755246682427_2868500130022255803_n-300x185.jpg","coauthors":[],"tax_additional":{"categories":{"linked":["<a href=\"https:\/\/cpka.pt\/bajattmontesalentejanos\/category\/news\/\" class=\"advgb-post-tax-term\">Not\u00edcias<\/a>"],"unlinked":["<span class=\"advgb-post-tax-term\">Not\u00edcias<\/span>"]},"tags":{"linked":["<a href=\"https:\/\/cpka.pt\/bajattmontesalentejanos\/category\/news\/\" class=\"advgb-post-tax-term\">2024<\/a>","<a href=\"https:\/\/cpka.pt\/bajattmontesalentejanos\/category\/news\/\" class=\"advgb-post-tax-term\">AUTO<\/a>","<a href=\"https:\/\/cpka.pt\/bajattmontesalentejanos\/category\/news\/\" class=\"advgb-post-tax-term\">BAJA TT MONTES ALENTEJANOS 2024<\/a>"],"unlinked":["<span class=\"advgb-post-tax-term\">2024<\/span>","<span class=\"advgb-post-tax-term\">AUTO<\/span>","<span class=\"advgb-post-tax-term\">BAJA TT MONTES ALENTEJANOS 2024<\/span>"]}},"comment_count":"0","relative_dates":{"created":"Posted 2 anos ago","modified":"Updated 2 anos ago"},"absolute_dates":{"created":"Posted on 12 de Janeiro, 2024","modified":"Updated on 12 de Janeiro, 2024"},"absolute_dates_time":{"created":"Posted on 12 de Janeiro, 2024 11:06","modified":"Updated on 12 de Janeiro, 2024 11:06"},"featured_img_caption":"","series_order":"","_links":{"self":[{"href":"https:\/\/cpka.pt\/bajattmontesalentejanos\/wp-json\/wp\/v2\/posts\/2433","targetHints":{"allow":["GET"]}}],"collection":[{"href":"https:\/\/cpka.pt\/bajattmontesalentejanos\/wp-json\/wp\/v2\/posts"}],"about":[{"href":"https:\/\/cpka.pt\/bajattmontesalentejanos\/wp-json\/wp\/v2\/types\/post"}],"author":[{"embeddable":true,"href":"https:\/\/cpka.pt\/bajattmontesalentejanos\/wp-json\/wp\/v2\/users\/1"}],"replies":[{"embeddable":true,"href":"https:\/\/cpka.pt\/bajattmontesalentejanos\/wp-json\/wp\/v2\/comments?post=2433"}],"version-history":[{"count":1,"href":"https:\/\/cpka.pt\/bajattmontesalentejanos\/wp-json\/wp\/v2\/posts\/2433\/revisions"}],"predecessor-version":[{"id":2435,"href":"https:\/\/cpka.pt\/bajattmontesalentejanos\/wp-json\/wp\/v2\/posts\/2433\/revisions\/2435"}],"wp:featuredmedia":[{"embeddable":true,"href":"https:\/\/cpka.pt\/bajattmontesalentejanos\/wp-json\/wp\/v2\/media\/2434"}],"wp:attachment":[{"href":"https:\/\/cpka.pt\/bajattmontesalentejanos\/wp-json\/wp\/v2\/media?parent=2433"}],"wp:term":[{"taxonomy":"category","embeddable":true,"href":"https:\/\/cpka.pt\/bajattmontesalentejanos\/wp-json\/wp\/v2\/categories?post=2433"},{"taxonomy":"post_tag","embeddable":true,"href":"https:\/\/cpka.pt\/bajattmontesalentejanos\/wp-json\/wp\/v2\/tags?post=2433"}],"curies":[{"name":"wp","href":"https:\/\/api.w.org\/{rel}","templated":true}]}}