{"id":2436,"date":"2024-01-13T16:28:34","date_gmt":"2024-01-13T16:28:34","guid":{"rendered":"https:\/\/cpka.pt\/bajattmontesalentejanos\/?p=2436"},"modified":"2024-01-15T16:31:25","modified_gmt":"2024-01-15T16:31:25","slug":"vencedor-da-edicao-2023-joao-ramos-ja-esta-inscrito-na-edicao-deste-ano","status":"publish","type":"post","link":"https:\/\/cpka.pt\/bajattmontesalentejanos\/2024\/01\/13\/vencedor-da-edicao-2023-joao-ramos-ja-esta-inscrito-na-edicao-deste-ano\/","title":{"rendered":"Vencedor da edi\u00e7\u00e3o 2023, Jo\u00e3o Ramos, j\u00e1 est\u00e1 inscrito na edi\u00e7\u00e3o deste ano"},"content":{"rendered":"<div class=\"wp-block-image\">\n<figure class=\"aligncenter size-large\"><img loading=\"lazy\" decoding=\"async\" width=\"1024\" height=\"690\" src=\"https:\/\/cpka.pt\/bajattmontesalentejanos\/wp-content\/uploads\/sites\/3\/2024\/01\/Joao-Ramos-1024x690.jpg\" alt=\"\" class=\"wp-image-2437\" srcset=\"https:\/\/cpka.pt\/bajattmontesalentejanos\/wp-content\/uploads\/sites\/3\/2024\/01\/Joao-Ramos-1024x690.jpg 1024w, https:\/\/cpka.pt\/bajattmontesalentejanos\/wp-content\/uploads\/sites\/3\/2024\/01\/Joao-Ramos-300x202.jpg 300w, https:\/\/cpka.pt\/bajattmontesalentejanos\/wp-content\/uploads\/sites\/3\/2024\/01\/Joao-Ramos-768x518.jpg 768w, https:\/\/cpka.pt\/bajattmontesalentejanos\/wp-content\/uploads\/sites\/3\/2024\/01\/Joao-Ramos-1536x1035.jpg 1536w, https:\/\/cpka.pt\/bajattmontesalentejanos\/wp-content\/uploads\/sites\/3\/2024\/01\/Joao-Ramos.jpg 1598w\" sizes=\"auto, (max-width: 1024px) 100vw, 1024px\" \/><\/figure><\/div>\n\n\n<p>O Vice Campe\u00e3o Nacional e vencedor da Esc Online Baja TT Montes Alentejanos de 2023 Jo\u00e3o Ramos, que volta a fazer dupla com Jorge Carvalho, j\u00e1 formalizou a inscri\u00e7\u00e3o da Toyota Hilux T1+ (Utimate) da equipa Toyota Gazoo Racing Caetano Portugal mais conhecida pela \u201cDama Negra\u201d.<\/p>\n","protected":false},"excerpt":{"rendered":"<p>O Vice Campe\u00e3o Nacional e vencedor da Esc Online Baja TT Montes Alentejanos de 2023 Jo\u00e3o Ramos, que volta a fazer dupla com Jorge Carvalho,&hellip;<\/p>\n","protected":false},"author":1,"featured_media":2437,"comment_status":"closed","ping_status":"closed","sticky":false,"template":"","format":"standard","meta":{"advgb_blocks_editor_width":"","advgb_blocks_columns_visual_guide":"","ngg_post_thumbnail":0,"footnotes":""},"categories":[22],"tags":[32,16,33],"class_list":["post-2436","post","type-post","status-publish","format-standard","has-post-thumbnail","hentry","category-news","tag-32","tag-auto","tag-baja-tt-montes-alentejanos-2024"],"gutentor_comment":0,"rise-blocks_total_comments":0,"rise-blocks_categories":[{"term_id":22,"name":"Not\u00edcias","slug":"news","term_group":0,"term_taxonomy_id":22,"taxonomy":"category","description":"","parent":0,"count":136,"filter":"raw","cat_ID":22,"category_count":136,"category_description":"","cat_name":"Not\u00edcias","category_nicename":"news","category_parent":0}],"rise-blocks_excerpt":"O Vice Campe\u00e3o Nacional e vencedor da Esc Online Baja TT Montes Alentejanos de 2023 Jo\u00e3o Ramos, que volta a fazer dupla com Jorge Carvalho, j\u00e1 formalizou a inscri\u00e7\u00e3o da Toyota Hilux T1+ (Utimate) da equipa Toyota Gazoo Racing Caetano Portugal mais conhecida pela \u201cDama Negra\u201d.","aioseo_notices":[],"author_meta":{"display_name":"admin","author_link":"https:\/\/cpka.pt\/bajattmontesalentejanos\/author\/admin\/"},"featured_img":"https:\/\/cpka.pt\/bajattmontesalentejanos\/wp-content\/uploads\/sites\/3\/2024\/01\/Joao-Ramos-300x202.jpg","coauthors":[],"tax_additional":{"categories":{"linked":["<a href=\"https:\/\/cpka.pt\/bajattmontesalentejanos\/category\/news\/\" class=\"advgb-post-tax-term\">Not\u00edcias<\/a>"],"unlinked":["<span class=\"advgb-post-tax-term\">Not\u00edcias<\/span>"]},"tags":{"linked":["<a href=\"https:\/\/cpka.pt\/bajattmontesalentejanos\/category\/news\/\" class=\"advgb-post-tax-term\">2024<\/a>","<a href=\"https:\/\/cpka.pt\/bajattmontesalentejanos\/category\/news\/\" class=\"advgb-post-tax-term\">AUTO<\/a>","<a href=\"https:\/\/cpka.pt\/bajattmontesalentejanos\/category\/news\/\" class=\"advgb-post-tax-term\">BAJA TT MONTES ALENTEJANOS 2024<\/a>"],"unlinked":["<span class=\"advgb-post-tax-term\">2024<\/span>","<span class=\"advgb-post-tax-term\">AUTO<\/span>","<span class=\"advgb-post-tax-term\">BAJA TT MONTES ALENTEJANOS 2024<\/span>"]}},"comment_count":"0","relative_dates":{"created":"Posted 2 anos ago","modified":"Updated 2 anos ago"},"absolute_dates":{"created":"Posted on 13 de Janeiro, 2024","modified":"Updated on 15 de Janeiro, 2024"},"absolute_dates_time":{"created":"Posted on 13 de Janeiro, 2024 16:28","modified":"Updated on 15 de Janeiro, 2024 16:31"},"featured_img_caption":"","series_order":"","_links":{"self":[{"href":"https:\/\/cpka.pt\/bajattmontesalentejanos\/wp-json\/wp\/v2\/posts\/2436","targetHints":{"allow":["GET"]}}],"collection":[{"href":"https:\/\/cpka.pt\/bajattmontesalentejanos\/wp-json\/wp\/v2\/posts"}],"about":[{"href":"https:\/\/cpka.pt\/bajattmontesalentejanos\/wp-json\/wp\/v2\/types\/post"}],"author":[{"embeddable":true,"href":"https:\/\/cpka.pt\/bajattmontesalentejanos\/wp-json\/wp\/v2\/users\/1"}],"replies":[{"embeddable":true,"href":"https:\/\/cpka.pt\/bajattmontesalentejanos\/wp-json\/wp\/v2\/comments?post=2436"}],"version-history":[{"count":1,"href":"https:\/\/cpka.pt\/bajattmontesalentejanos\/wp-json\/wp\/v2\/posts\/2436\/revisions"}],"predecessor-version":[{"id":2438,"href":"https:\/\/cpka.pt\/bajattmontesalentejanos\/wp-json\/wp\/v2\/posts\/2436\/revisions\/2438"}],"wp:featuredmedia":[{"embeddable":true,"href":"https:\/\/cpka.pt\/bajattmontesalentejanos\/wp-json\/wp\/v2\/media\/2437"}],"wp:attachment":[{"href":"https:\/\/cpka.pt\/bajattmontesalentejanos\/wp-json\/wp\/v2\/media?parent=2436"}],"wp:term":[{"taxonomy":"category","embeddable":true,"href":"https:\/\/cpka.pt\/bajattmontesalentejanos\/wp-json\/wp\/v2\/categories?post=2436"},{"taxonomy":"post_tag","embeddable":true,"href":"https:\/\/cpka.pt\/bajattmontesalentejanos\/wp-json\/wp\/v2\/tags?post=2436"}],"curies":[{"name":"wp","href":"https:\/\/api.w.org\/{rel}","templated":true}]}}