{"id":2554,"date":"2024-01-28T14:34:10","date_gmt":"2024-01-28T14:34:10","guid":{"rendered":"https:\/\/cpka.pt\/bajattmontesalentejanos\/?p=2554"},"modified":"2024-01-29T14:35:40","modified_gmt":"2024-01-29T14:35:40","slug":"oeste-racing-competition-confirma-alexandre-mota","status":"publish","type":"post","link":"https:\/\/cpka.pt\/bajattmontesalentejanos\/2024\/01\/28\/oeste-racing-competition-confirma-alexandre-mota\/","title":{"rendered":"Oeste Racing Competition confirma Alexandre Mota"},"content":{"rendered":"<div class=\"wp-block-image\">\n<figure class=\"aligncenter size-full\"><img loading=\"lazy\" decoding=\"async\" width=\"960\" height=\"595\" src=\"https:\/\/cpka.pt\/bajattmontesalentejanos\/wp-content\/uploads\/sites\/3\/2024\/01\/Alexandre-Mota.jpg\" alt=\"\" class=\"wp-image-2555\" srcset=\"https:\/\/cpka.pt\/bajattmontesalentejanos\/wp-content\/uploads\/sites\/3\/2024\/01\/Alexandre-Mota.jpg 960w, https:\/\/cpka.pt\/bajattmontesalentejanos\/wp-content\/uploads\/sites\/3\/2024\/01\/Alexandre-Mota-300x186.jpg 300w, https:\/\/cpka.pt\/bajattmontesalentejanos\/wp-content\/uploads\/sites\/3\/2024\/01\/Alexandre-Mota-768x476.jpg 768w\" sizes=\"auto, (max-width: 960px) 100vw, 960px\" \/><\/figure><\/div>\n\n\n<p>O Oeste Racing Competition, j\u00e1 confirmou a participa\u00e7\u00e3o da sua terceira viatura, na Esc Online Baja TT Montes Alentejanos, que vai ser uma Nissan Navarra do grupo T8 para Alexandre Mota.<\/p>\n","protected":false},"excerpt":{"rendered":"<p>O Oeste Racing Competition, j\u00e1 confirmou a participa\u00e7\u00e3o da sua terceira viatura, na Esc Online Baja TT Montes Alentejanos, que vai ser uma Nissan Navarra&hellip;<\/p>\n","protected":false},"author":1,"featured_media":2555,"comment_status":"closed","ping_status":"closed","sticky":false,"template":"","format":"standard","meta":{"advgb_blocks_editor_width":"","advgb_blocks_columns_visual_guide":"","ngg_post_thumbnail":0,"footnotes":""},"categories":[22],"tags":[32,16,33],"class_list":["post-2554","post","type-post","status-publish","format-standard","has-post-thumbnail","hentry","category-news","tag-32","tag-auto","tag-baja-tt-montes-alentejanos-2024"],"gutentor_comment":0,"rise-blocks_total_comments":0,"rise-blocks_categories":[{"term_id":22,"name":"Not\u00edcias","slug":"news","term_group":0,"term_taxonomy_id":22,"taxonomy":"category","description":"","parent":0,"count":136,"filter":"raw","cat_ID":22,"category_count":136,"category_description":"","cat_name":"Not\u00edcias","category_nicename":"news","category_parent":0}],"rise-blocks_excerpt":"O Oeste Racing Competition, j\u00e1 confirmou a participa\u00e7\u00e3o da sua terceira viatura, na Esc Online Baja TT Montes Alentejanos, que vai ser uma Nissan Navarra do grupo T8 para Alexandre Mota.","aioseo_notices":[],"author_meta":{"display_name":"admin","author_link":"https:\/\/cpka.pt\/bajattmontesalentejanos\/author\/admin\/"},"featured_img":"https:\/\/cpka.pt\/bajattmontesalentejanos\/wp-content\/uploads\/sites\/3\/2024\/01\/Alexandre-Mota-300x186.jpg","coauthors":[],"tax_additional":{"categories":{"linked":["<a href=\"https:\/\/cpka.pt\/bajattmontesalentejanos\/category\/news\/\" class=\"advgb-post-tax-term\">Not\u00edcias<\/a>"],"unlinked":["<span class=\"advgb-post-tax-term\">Not\u00edcias<\/span>"]},"tags":{"linked":["<a href=\"https:\/\/cpka.pt\/bajattmontesalentejanos\/category\/news\/\" class=\"advgb-post-tax-term\">2024<\/a>","<a href=\"https:\/\/cpka.pt\/bajattmontesalentejanos\/category\/news\/\" class=\"advgb-post-tax-term\">AUTO<\/a>","<a href=\"https:\/\/cpka.pt\/bajattmontesalentejanos\/category\/news\/\" class=\"advgb-post-tax-term\">BAJA TT MONTES ALENTEJANOS 2024<\/a>"],"unlinked":["<span class=\"advgb-post-tax-term\">2024<\/span>","<span class=\"advgb-post-tax-term\">AUTO<\/span>","<span class=\"advgb-post-tax-term\">BAJA TT MONTES ALENTEJANOS 2024<\/span>"]}},"comment_count":"0","relative_dates":{"created":"Posted 2 anos ago","modified":"Updated 2 anos ago"},"absolute_dates":{"created":"Posted on 28 de Janeiro, 2024","modified":"Updated on 29 de Janeiro, 2024"},"absolute_dates_time":{"created":"Posted on 28 de Janeiro, 2024 14:34","modified":"Updated on 29 de Janeiro, 2024 14:35"},"featured_img_caption":"","series_order":"","_links":{"self":[{"href":"https:\/\/cpka.pt\/bajattmontesalentejanos\/wp-json\/wp\/v2\/posts\/2554","targetHints":{"allow":["GET"]}}],"collection":[{"href":"https:\/\/cpka.pt\/bajattmontesalentejanos\/wp-json\/wp\/v2\/posts"}],"about":[{"href":"https:\/\/cpka.pt\/bajattmontesalentejanos\/wp-json\/wp\/v2\/types\/post"}],"author":[{"embeddable":true,"href":"https:\/\/cpka.pt\/bajattmontesalentejanos\/wp-json\/wp\/v2\/users\/1"}],"replies":[{"embeddable":true,"href":"https:\/\/cpka.pt\/bajattmontesalentejanos\/wp-json\/wp\/v2\/comments?post=2554"}],"version-history":[{"count":1,"href":"https:\/\/cpka.pt\/bajattmontesalentejanos\/wp-json\/wp\/v2\/posts\/2554\/revisions"}],"predecessor-version":[{"id":2556,"href":"https:\/\/cpka.pt\/bajattmontesalentejanos\/wp-json\/wp\/v2\/posts\/2554\/revisions\/2556"}],"wp:featuredmedia":[{"embeddable":true,"href":"https:\/\/cpka.pt\/bajattmontesalentejanos\/wp-json\/wp\/v2\/media\/2555"}],"wp:attachment":[{"href":"https:\/\/cpka.pt\/bajattmontesalentejanos\/wp-json\/wp\/v2\/media?parent=2554"}],"wp:term":[{"taxonomy":"category","embeddable":true,"href":"https:\/\/cpka.pt\/bajattmontesalentejanos\/wp-json\/wp\/v2\/categories?post=2554"},{"taxonomy":"post_tag","embeddable":true,"href":"https:\/\/cpka.pt\/bajattmontesalentejanos\/wp-json\/wp\/v2\/tags?post=2554"}],"curies":[{"name":"wp","href":"https:\/\/api.w.org\/{rel}","templated":true}]}}