{"id":2557,"date":"2024-01-29T14:37:06","date_gmt":"2024-01-29T14:37:06","guid":{"rendered":"https:\/\/cpka.pt\/bajattmontesalentejanos\/?p=2557"},"modified":"2024-01-29T14:37:23","modified_gmt":"2024-01-29T14:37:23","slug":"jorge-cardoso-confirmado-de-mercedes-a-140","status":"publish","type":"post","link":"https:\/\/cpka.pt\/bajattmontesalentejanos\/2024\/01\/29\/jorge-cardoso-confirmado-de-mercedes-a-140\/","title":{"rendered":"Jorge Cardoso confirmado de Mercedes A 140"},"content":{"rendered":"<div class=\"wp-block-image\">\n<figure class=\"aligncenter size-large\"><img loading=\"lazy\" decoding=\"async\" width=\"1024\" height=\"684\" src=\"https:\/\/cpka.pt\/bajattmontesalentejanos\/wp-content\/uploads\/sites\/3\/2024\/01\/Jorge-Cardoso-1024x684.jpg\" alt=\"\" class=\"wp-image-2558\" srcset=\"https:\/\/cpka.pt\/bajattmontesalentejanos\/wp-content\/uploads\/sites\/3\/2024\/01\/Jorge-Cardoso-1024x684.jpg 1024w, https:\/\/cpka.pt\/bajattmontesalentejanos\/wp-content\/uploads\/sites\/3\/2024\/01\/Jorge-Cardoso-300x200.jpg 300w, https:\/\/cpka.pt\/bajattmontesalentejanos\/wp-content\/uploads\/sites\/3\/2024\/01\/Jorge-Cardoso-768x513.jpg 768w, https:\/\/cpka.pt\/bajattmontesalentejanos\/wp-content\/uploads\/sites\/3\/2024\/01\/Jorge-Cardoso-1200x800.jpg 1200w, https:\/\/cpka.pt\/bajattmontesalentejanos\/wp-content\/uploads\/sites\/3\/2024\/01\/Jorge-Cardoso.jpg 1280w\" sizes=\"auto, (max-width: 1024px) 100vw, 1024px\" \/><\/figure><\/div>\n\n\n<p>O principal piloto da Bin\u00e1rio Motorsport, Jorge Cardoso que faz equipa com Rui Marques, num Mercedes A 140 Proto do Grupo T1, j\u00e1 se encontra inscrito na Esc Online Baja TT Montes Alentejanos.<\/p>\n","protected":false},"excerpt":{"rendered":"<p>O principal piloto da Bin\u00e1rio Motorsport, Jorge Cardoso que faz equipa com Rui Marques, num Mercedes A 140 Proto do Grupo T1, j\u00e1 se encontra&hellip;<\/p>\n","protected":false},"author":1,"featured_media":2558,"comment_status":"closed","ping_status":"closed","sticky":false,"template":"","format":"standard","meta":{"advgb_blocks_editor_width":"","advgb_blocks_columns_visual_guide":"","ngg_post_thumbnail":0,"footnotes":""},"categories":[22],"tags":[32,16,33],"class_list":["post-2557","post","type-post","status-publish","format-standard","has-post-thumbnail","hentry","category-news","tag-32","tag-auto","tag-baja-tt-montes-alentejanos-2024"],"gutentor_comment":0,"rise-blocks_total_comments":0,"rise-blocks_categories":[{"term_id":22,"name":"Not\u00edcias","slug":"news","term_group":0,"term_taxonomy_id":22,"taxonomy":"category","description":"","parent":0,"count":136,"filter":"raw","cat_ID":22,"category_count":136,"category_description":"","cat_name":"Not\u00edcias","category_nicename":"news","category_parent":0}],"rise-blocks_excerpt":"O principal piloto da Bin\u00e1rio Motorsport, Jorge Cardoso que faz equipa com Rui Marques, num Mercedes A 140 Proto do Grupo T1, j\u00e1 se encontra inscrito na Esc Online Baja TT Montes Alentejanos.","aioseo_notices":[],"author_meta":{"display_name":"admin","author_link":"https:\/\/cpka.pt\/bajattmontesalentejanos\/author\/admin\/"},"featured_img":"https:\/\/cpka.pt\/bajattmontesalentejanos\/wp-content\/uploads\/sites\/3\/2024\/01\/Jorge-Cardoso-300x200.jpg","coauthors":[],"tax_additional":{"categories":{"linked":["<a href=\"https:\/\/cpka.pt\/bajattmontesalentejanos\/category\/news\/\" class=\"advgb-post-tax-term\">Not\u00edcias<\/a>"],"unlinked":["<span class=\"advgb-post-tax-term\">Not\u00edcias<\/span>"]},"tags":{"linked":["<a href=\"https:\/\/cpka.pt\/bajattmontesalentejanos\/category\/news\/\" class=\"advgb-post-tax-term\">2024<\/a>","<a href=\"https:\/\/cpka.pt\/bajattmontesalentejanos\/category\/news\/\" class=\"advgb-post-tax-term\">AUTO<\/a>","<a href=\"https:\/\/cpka.pt\/bajattmontesalentejanos\/category\/news\/\" class=\"advgb-post-tax-term\">BAJA TT MONTES ALENTEJANOS 2024<\/a>"],"unlinked":["<span class=\"advgb-post-tax-term\">2024<\/span>","<span class=\"advgb-post-tax-term\">AUTO<\/span>","<span class=\"advgb-post-tax-term\">BAJA TT MONTES ALENTEJANOS 2024<\/span>"]}},"comment_count":"0","relative_dates":{"created":"Posted 2 anos ago","modified":"Updated 2 anos ago"},"absolute_dates":{"created":"Posted on 29 de Janeiro, 2024","modified":"Updated on 29 de Janeiro, 2024"},"absolute_dates_time":{"created":"Posted on 29 de Janeiro, 2024 14:37","modified":"Updated on 29 de Janeiro, 2024 14:37"},"featured_img_caption":"","series_order":"","_links":{"self":[{"href":"https:\/\/cpka.pt\/bajattmontesalentejanos\/wp-json\/wp\/v2\/posts\/2557","targetHints":{"allow":["GET"]}}],"collection":[{"href":"https:\/\/cpka.pt\/bajattmontesalentejanos\/wp-json\/wp\/v2\/posts"}],"about":[{"href":"https:\/\/cpka.pt\/bajattmontesalentejanos\/wp-json\/wp\/v2\/types\/post"}],"author":[{"embeddable":true,"href":"https:\/\/cpka.pt\/bajattmontesalentejanos\/wp-json\/wp\/v2\/users\/1"}],"replies":[{"embeddable":true,"href":"https:\/\/cpka.pt\/bajattmontesalentejanos\/wp-json\/wp\/v2\/comments?post=2557"}],"version-history":[{"count":1,"href":"https:\/\/cpka.pt\/bajattmontesalentejanos\/wp-json\/wp\/v2\/posts\/2557\/revisions"}],"predecessor-version":[{"id":2559,"href":"https:\/\/cpka.pt\/bajattmontesalentejanos\/wp-json\/wp\/v2\/posts\/2557\/revisions\/2559"}],"wp:featuredmedia":[{"embeddable":true,"href":"https:\/\/cpka.pt\/bajattmontesalentejanos\/wp-json\/wp\/v2\/media\/2558"}],"wp:attachment":[{"href":"https:\/\/cpka.pt\/bajattmontesalentejanos\/wp-json\/wp\/v2\/media?parent=2557"}],"wp:term":[{"taxonomy":"category","embeddable":true,"href":"https:\/\/cpka.pt\/bajattmontesalentejanos\/wp-json\/wp\/v2\/categories?post=2557"},{"taxonomy":"post_tag","embeddable":true,"href":"https:\/\/cpka.pt\/bajattmontesalentejanos\/wp-json\/wp\/v2\/tags?post=2557"}],"curies":[{"name":"wp","href":"https:\/\/api.w.org\/{rel}","templated":true}]}}