{"id":2586,"date":"2024-02-04T09:09:09","date_gmt":"2024-02-04T09:09:09","guid":{"rendered":"https:\/\/cpka.pt\/bajattmontesalentejanos\/?p=2586"},"modified":"2024-02-05T09:12:11","modified_gmt":"2024-02-05T09:12:11","slug":"edgar-reis-e-a-segunda-viatura-do-team-transferidosna-baja","status":"publish","type":"post","link":"https:\/\/cpka.pt\/bajattmontesalentejanos\/2024\/02\/04\/edgar-reis-e-a-segunda-viatura-do-team-transferidosna-baja\/","title":{"rendered":"Edgar Reis \u00e9 a segunda viatura do Team Transferidosna Baja"},"content":{"rendered":"<div class=\"wp-block-image\">\n<figure class=\"aligncenter size-full is-resized\"><img loading=\"lazy\" decoding=\"async\" width=\"788\" height=\"511\" src=\"https:\/\/cpka.pt\/bajattmontesalentejanos\/wp-content\/uploads\/sites\/3\/2024\/02\/FB_IMG_1707124126920.jpg\" alt=\"\" class=\"wp-image-2587\" style=\"width:788px;height:auto\" srcset=\"https:\/\/cpka.pt\/bajattmontesalentejanos\/wp-content\/uploads\/sites\/3\/2024\/02\/FB_IMG_1707124126920.jpg 788w, https:\/\/cpka.pt\/bajattmontesalentejanos\/wp-content\/uploads\/sites\/3\/2024\/02\/FB_IMG_1707124126920-300x195.jpg 300w, https:\/\/cpka.pt\/bajattmontesalentejanos\/wp-content\/uploads\/sites\/3\/2024\/02\/FB_IMG_1707124126920-768x498.jpg 768w\" sizes=\"auto, (max-width: 788px) 100vw, 788px\" \/><\/figure><\/div>\n\n\n<p>Edar Reis e Tiago Neves a segunda equipa do Team Transfradelos. j\u00e1 confirmaram a sua participa\u00e7\u00e3o com a Toyota Hilux do Grupo T1 na Esc Online Baja TT Montes Alentejanos, que \u00e9 a primeira prova do Campeonato de Portugal de Todo o Terreno AM|48.<\/p>\n","protected":false},"excerpt":{"rendered":"<p>Edar Reis e Tiago Neves a segunda equipa do Team Transfradelos. j\u00e1 confirmaram a sua participa\u00e7\u00e3o com a Toyota Hilux do Grupo T1 na Esc&hellip;<\/p>\n","protected":false},"author":1,"featured_media":2587,"comment_status":"closed","ping_status":"closed","sticky":false,"template":"","format":"standard","meta":{"advgb_blocks_editor_width":"","advgb_blocks_columns_visual_guide":"","ngg_post_thumbnail":0,"footnotes":""},"categories":[22],"tags":[32,33],"class_list":["post-2586","post","type-post","status-publish","format-standard","has-post-thumbnail","hentry","category-news","tag-32","tag-baja-tt-montes-alentejanos-2024"],"gutentor_comment":0,"rise-blocks_total_comments":0,"rise-blocks_categories":[{"term_id":22,"name":"Not\u00edcias","slug":"news","term_group":0,"term_taxonomy_id":22,"taxonomy":"category","description":"","parent":0,"count":136,"filter":"raw","cat_ID":22,"category_count":136,"category_description":"","cat_name":"Not\u00edcias","category_nicename":"news","category_parent":0}],"rise-blocks_excerpt":"Edar Reis e Tiago Neves a segunda equipa do Team Transfradelos. j\u00e1 confirmaram a sua participa\u00e7\u00e3o com a Toyota Hilux do Grupo T1 na Esc Online Baja TT Montes Alentejanos, que \u00e9 a primeira prova do Campeonato de Portugal de Todo o Terreno AM|48.","aioseo_notices":[],"author_meta":{"display_name":"admin","author_link":"https:\/\/cpka.pt\/bajattmontesalentejanos\/author\/admin\/"},"featured_img":"https:\/\/cpka.pt\/bajattmontesalentejanos\/wp-content\/uploads\/sites\/3\/2024\/02\/FB_IMG_1707124126920-300x195.jpg","coauthors":[],"tax_additional":{"categories":{"linked":["<a href=\"https:\/\/cpka.pt\/bajattmontesalentejanos\/category\/news\/\" class=\"advgb-post-tax-term\">Not\u00edcias<\/a>"],"unlinked":["<span class=\"advgb-post-tax-term\">Not\u00edcias<\/span>"]},"tags":{"linked":["<a href=\"https:\/\/cpka.pt\/bajattmontesalentejanos\/category\/news\/\" class=\"advgb-post-tax-term\">2024<\/a>","<a href=\"https:\/\/cpka.pt\/bajattmontesalentejanos\/category\/news\/\" class=\"advgb-post-tax-term\">BAJA TT MONTES ALENTEJANOS 2024<\/a>"],"unlinked":["<span class=\"advgb-post-tax-term\">2024<\/span>","<span class=\"advgb-post-tax-term\">BAJA TT MONTES ALENTEJANOS 2024<\/span>"]}},"comment_count":"0","relative_dates":{"created":"Posted 2 anos ago","modified":"Updated 2 anos ago"},"absolute_dates":{"created":"Posted on 4 de Fevereiro, 2024","modified":"Updated on 5 de Fevereiro, 2024"},"absolute_dates_time":{"created":"Posted on 4 de Fevereiro, 2024 9:09","modified":"Updated on 5 de Fevereiro, 2024 9:12"},"featured_img_caption":"","series_order":"","_links":{"self":[{"href":"https:\/\/cpka.pt\/bajattmontesalentejanos\/wp-json\/wp\/v2\/posts\/2586","targetHints":{"allow":["GET"]}}],"collection":[{"href":"https:\/\/cpka.pt\/bajattmontesalentejanos\/wp-json\/wp\/v2\/posts"}],"about":[{"href":"https:\/\/cpka.pt\/bajattmontesalentejanos\/wp-json\/wp\/v2\/types\/post"}],"author":[{"embeddable":true,"href":"https:\/\/cpka.pt\/bajattmontesalentejanos\/wp-json\/wp\/v2\/users\/1"}],"replies":[{"embeddable":true,"href":"https:\/\/cpka.pt\/bajattmontesalentejanos\/wp-json\/wp\/v2\/comments?post=2586"}],"version-history":[{"count":1,"href":"https:\/\/cpka.pt\/bajattmontesalentejanos\/wp-json\/wp\/v2\/posts\/2586\/revisions"}],"predecessor-version":[{"id":2588,"href":"https:\/\/cpka.pt\/bajattmontesalentejanos\/wp-json\/wp\/v2\/posts\/2586\/revisions\/2588"}],"wp:featuredmedia":[{"embeddable":true,"href":"https:\/\/cpka.pt\/bajattmontesalentejanos\/wp-json\/wp\/v2\/media\/2587"}],"wp:attachment":[{"href":"https:\/\/cpka.pt\/bajattmontesalentejanos\/wp-json\/wp\/v2\/media?parent=2586"}],"wp:term":[{"taxonomy":"category","embeddable":true,"href":"https:\/\/cpka.pt\/bajattmontesalentejanos\/wp-json\/wp\/v2\/categories?post=2586"},{"taxonomy":"post_tag","embeddable":true,"href":"https:\/\/cpka.pt\/bajattmontesalentejanos\/wp-json\/wp\/v2\/tags?post=2586"}],"curies":[{"name":"wp","href":"https:\/\/api.w.org\/{rel}","templated":true}]}}