{"id":2592,"date":"2024-02-05T09:17:05","date_gmt":"2024-02-05T09:17:05","guid":{"rendered":"https:\/\/cpka.pt\/bajattmontesalentejanos\/?p=2592"},"modified":"2024-02-05T09:17:09","modified_gmt":"2024-02-05T09:17:09","slug":"mario-franco-apos-participacao-no-dakar-ja-esta-inscrito-tambem-na-baja","status":"publish","type":"post","link":"https:\/\/cpka.pt\/bajattmontesalentejanos\/2024\/02\/05\/mario-franco-apos-participacao-no-dakar-ja-esta-inscrito-tambem-na-baja\/","title":{"rendered":"M\u00e1rio Franco ap\u00f3s participa\u00e7\u00e3o no Dakar j\u00e1 est\u00e1 inscrito tamb\u00e9m na Baja"},"content":{"rendered":"<div class=\"wp-block-image\">\n<figure class=\"aligncenter size-large\"><img loading=\"lazy\" decoding=\"async\" width=\"1024\" height=\"683\" src=\"https:\/\/cpka.pt\/bajattmontesalentejanos\/wp-content\/uploads\/sites\/3\/2024\/02\/FB_IMG_1707124488737-1024x683.jpg\" alt=\"\" class=\"wp-image-2593\" srcset=\"https:\/\/cpka.pt\/bajattmontesalentejanos\/wp-content\/uploads\/sites\/3\/2024\/02\/FB_IMG_1707124488737-1024x683.jpg 1024w, https:\/\/cpka.pt\/bajattmontesalentejanos\/wp-content\/uploads\/sites\/3\/2024\/02\/FB_IMG_1707124488737-300x200.jpg 300w, https:\/\/cpka.pt\/bajattmontesalentejanos\/wp-content\/uploads\/sites\/3\/2024\/02\/FB_IMG_1707124488737-768x512.jpg 768w, https:\/\/cpka.pt\/bajattmontesalentejanos\/wp-content\/uploads\/sites\/3\/2024\/02\/FB_IMG_1707124488737-1200x800.jpg 1200w, https:\/\/cpka.pt\/bajattmontesalentejanos\/wp-content\/uploads\/sites\/3\/2024\/02\/FB_IMG_1707124488737.jpg 1439w\" sizes=\"auto, (max-width: 1024px) 100vw, 1024px\" \/><\/figure><\/div>\n\n\n<p>O piloto da Franco Sport, que ainda \u00e0 poucos dias terminou o Dakar, j\u00e1 confirmou a sua participa\u00e7\u00e3o na Esc Online Baja TT Montes Alentejanos, com um Yamaha YX2 10012 \u2013 TURBO do Grupo T3, onde vai ter como navegador Rui Franco.<\/p>\n","protected":false},"excerpt":{"rendered":"<p>O piloto da Franco Sport, que ainda \u00e0 poucos dias terminou o Dakar, j\u00e1 confirmou a sua participa\u00e7\u00e3o na Esc Online Baja TT Montes Alentejanos,&hellip;<\/p>\n","protected":false},"author":1,"featured_media":2593,"comment_status":"closed","ping_status":"closed","sticky":false,"template":"","format":"standard","meta":{"advgb_blocks_editor_width":"","advgb_blocks_columns_visual_guide":"","ngg_post_thumbnail":0,"footnotes":""},"categories":[22],"tags":[32,33,14],"class_list":["post-2592","post","type-post","status-publish","format-standard","has-post-thumbnail","hentry","category-news","tag-32","tag-baja-tt-montes-alentejanos-2024","tag-ssv"],"gutentor_comment":0,"rise-blocks_total_comments":0,"rise-blocks_categories":[{"term_id":22,"name":"Not\u00edcias","slug":"news","term_group":0,"term_taxonomy_id":22,"taxonomy":"category","description":"","parent":0,"count":136,"filter":"raw","cat_ID":22,"category_count":136,"category_description":"","cat_name":"Not\u00edcias","category_nicename":"news","category_parent":0}],"rise-blocks_excerpt":"O piloto da Franco Sport, que ainda \u00e0 poucos dias terminou o Dakar, j\u00e1 confirmou a sua participa\u00e7\u00e3o na Esc Online Baja TT Montes Alentejanos, com um Yamaha YX2 10012 \u2013 TURBO do Grupo T3, onde vai ter como navegador Rui Franco.","aioseo_notices":[],"author_meta":{"display_name":"admin","author_link":"https:\/\/cpka.pt\/bajattmontesalentejanos\/author\/admin\/"},"featured_img":"https:\/\/cpka.pt\/bajattmontesalentejanos\/wp-content\/uploads\/sites\/3\/2024\/02\/FB_IMG_1707124488737-300x200.jpg","coauthors":[],"tax_additional":{"categories":{"linked":["<a href=\"https:\/\/cpka.pt\/bajattmontesalentejanos\/category\/news\/\" class=\"advgb-post-tax-term\">Not\u00edcias<\/a>"],"unlinked":["<span class=\"advgb-post-tax-term\">Not\u00edcias<\/span>"]},"tags":{"linked":["<a href=\"https:\/\/cpka.pt\/bajattmontesalentejanos\/category\/news\/\" class=\"advgb-post-tax-term\">2024<\/a>","<a href=\"https:\/\/cpka.pt\/bajattmontesalentejanos\/category\/news\/\" class=\"advgb-post-tax-term\">BAJA TT MONTES ALENTEJANOS 2024<\/a>","<a href=\"https:\/\/cpka.pt\/bajattmontesalentejanos\/category\/news\/\" class=\"advgb-post-tax-term\">SSV<\/a>"],"unlinked":["<span class=\"advgb-post-tax-term\">2024<\/span>","<span class=\"advgb-post-tax-term\">BAJA TT MONTES ALENTEJANOS 2024<\/span>","<span class=\"advgb-post-tax-term\">SSV<\/span>"]}},"comment_count":"0","relative_dates":{"created":"Posted 2 anos ago","modified":"Updated 2 anos ago"},"absolute_dates":{"created":"Posted on 5 de Fevereiro, 2024","modified":"Updated on 5 de Fevereiro, 2024"},"absolute_dates_time":{"created":"Posted on 5 de Fevereiro, 2024 9:17","modified":"Updated on 5 de Fevereiro, 2024 9:17"},"featured_img_caption":"","series_order":"","_links":{"self":[{"href":"https:\/\/cpka.pt\/bajattmontesalentejanos\/wp-json\/wp\/v2\/posts\/2592","targetHints":{"allow":["GET"]}}],"collection":[{"href":"https:\/\/cpka.pt\/bajattmontesalentejanos\/wp-json\/wp\/v2\/posts"}],"about":[{"href":"https:\/\/cpka.pt\/bajattmontesalentejanos\/wp-json\/wp\/v2\/types\/post"}],"author":[{"embeddable":true,"href":"https:\/\/cpka.pt\/bajattmontesalentejanos\/wp-json\/wp\/v2\/users\/1"}],"replies":[{"embeddable":true,"href":"https:\/\/cpka.pt\/bajattmontesalentejanos\/wp-json\/wp\/v2\/comments?post=2592"}],"version-history":[{"count":1,"href":"https:\/\/cpka.pt\/bajattmontesalentejanos\/wp-json\/wp\/v2\/posts\/2592\/revisions"}],"predecessor-version":[{"id":2594,"href":"https:\/\/cpka.pt\/bajattmontesalentejanos\/wp-json\/wp\/v2\/posts\/2592\/revisions\/2594"}],"wp:featuredmedia":[{"embeddable":true,"href":"https:\/\/cpka.pt\/bajattmontesalentejanos\/wp-json\/wp\/v2\/media\/2593"}],"wp:attachment":[{"href":"https:\/\/cpka.pt\/bajattmontesalentejanos\/wp-json\/wp\/v2\/media?parent=2592"}],"wp:term":[{"taxonomy":"category","embeddable":true,"href":"https:\/\/cpka.pt\/bajattmontesalentejanos\/wp-json\/wp\/v2\/categories?post=2592"},{"taxonomy":"post_tag","embeddable":true,"href":"https:\/\/cpka.pt\/bajattmontesalentejanos\/wp-json\/wp\/v2\/tags?post=2592"}],"curies":[{"name":"wp","href":"https:\/\/api.w.org\/{rel}","templated":true}]}}