{"id":2653,"date":"2024-03-04T10:15:35","date_gmt":"2024-03-04T10:15:35","guid":{"rendered":"https:\/\/cpka.pt\/bajattmontesalentejanos\/?p=2653"},"modified":"2024-03-05T10:18:07","modified_gmt":"2024-03-05T10:18:07","slug":"tiago-reis-em-toyota-hilux-t1-vence-esc-online-baja-tt-montes-alentejanos","status":"publish","type":"post","link":"https:\/\/cpka.pt\/bajattmontesalentejanos\/2024\/03\/04\/tiago-reis-em-toyota-hilux-t1-vence-esc-online-baja-tt-montes-alentejanos\/","title":{"rendered":"Tiago Reis em Toyota Hilux T1 + vence ESC Online Baja TT Montes Alentejanos"},"content":{"rendered":"<div class=\"wp-block-image\">\n<figure class=\"aligncenter size-large\"><img loading=\"lazy\" decoding=\"async\" width=\"1024\" height=\"683\" src=\"https:\/\/cpka.pt\/bajattmontesalentejanos\/wp-content\/uploads\/sites\/3\/2024\/03\/Tiago-Reis-BAJA-2024-2-1024x683.jpg\" alt=\"\" class=\"wp-image-2654\" srcset=\"https:\/\/cpka.pt\/bajattmontesalentejanos\/wp-content\/uploads\/sites\/3\/2024\/03\/Tiago-Reis-BAJA-2024-2-1024x683.jpg 1024w, https:\/\/cpka.pt\/bajattmontesalentejanos\/wp-content\/uploads\/sites\/3\/2024\/03\/Tiago-Reis-BAJA-2024-2-300x200.jpg 300w, https:\/\/cpka.pt\/bajattmontesalentejanos\/wp-content\/uploads\/sites\/3\/2024\/03\/Tiago-Reis-BAJA-2024-2-768x512.jpg 768w, https:\/\/cpka.pt\/bajattmontesalentejanos\/wp-content\/uploads\/sites\/3\/2024\/03\/Tiago-Reis-BAJA-2024-2-1536x1024.jpg 1536w, https:\/\/cpka.pt\/bajattmontesalentejanos\/wp-content\/uploads\/sites\/3\/2024\/03\/Tiago-Reis-BAJA-2024-2-1200x800.jpg 1200w, https:\/\/cpka.pt\/bajattmontesalentejanos\/wp-content\/uploads\/sites\/3\/2024\/03\/Tiago-Reis-BAJA-2024-2.jpg 2048w\" sizes=\"auto, (max-width: 1024px) 100vw, 1024px\" \/><\/figure><\/div>\n\n\n<p>O campe\u00e3o Tiago Reis, navegado por V\u00e1lter Cardoso aos comandos de uma Toyota Hilux T1+ triunfou hoje na ESC Online Baja TT Montes Alentejanos competi\u00e7\u00e3o organizada pelo CPKA. A dupla gastou 3h42m48,6s para cumprir a totalidade dos 288,65 km disputados ao cron\u00f3metro nesta prova de abertura do Campeonato de Portugal de Todo-o-Terreno tendo sido mais r\u00e1pidos 3m49s que a forma\u00e7\u00e3o segunda classificada.<\/p>\n\n\n\n<p><a><\/a>\u201cEste fim-de-semana foi dif\u00edcil para n\u00f3s, por isso esta vit\u00f3ria eu quero desej\u00e1-la ao meu irm\u00e3o e ao Tiago Neves, por isso eles que recuperem r\u00e1pido para poderem estar aqui novamente connosco, que c\u00e1 fazem falta, por isso \u00e9 um prazer para n\u00f3s e estamos muito contentes\u201d, afirmou Tiago Reis.<\/p>\n\n\n\n<p>Na 2\u00aa posi\u00e7\u00e3o terminou a dupla Jo\u00e3o Ramos\/Jorge Carvalho que tinha come\u00e7ado por vencer o pr\u00f3logo e que tamb\u00e9m se apresentou aos comandos de uma Toyota Hilux T1+.<\/p>\n\n\n\n<p>\u201cEste setor foi fant\u00e1stico, foi muito r\u00e1pido, foi muito competitivo o tempo que tive com o Tiago. Vinha a ganhar o setor at\u00e9 ao momento em que tive o furo, \u00e9 claro que depois caiu por terra tentar vencer o setor, que era um dos meus objetivos\u201d, referiu Jo\u00e3o Ramos.<\/p>\n\n\n\n<p>3\u00aa posi\u00e7\u00e3o e 1\u00ba lugar da Classe T3 Challenger para a dupla Jo\u00e3o Dias\/Jo\u00e3o Filipe Miranda que se imp\u00f4s por 48s ao par Armindo Ara\u00fajo\/Pedro R\u00e9 seus colegas de equipa, ambos em Can-Am.<\/p>\n\n\n\n<p>\u201cObjetivo cumprido, foi melhor do que eu estava \u00e0 espera, conseguimos fazer um bom lugar \u00e0 geral, pensei que n\u00e3o conseguisse ficar \u00e0 frente das T1 todas, s\u00f3 fiquei com duas T1+ \u00e0 minha frente. Portanto, o resultado at\u00e9 foi melhor do que as expectativas que criamos, depois fizemos o 3\u00ba lugar e vencemos a classe T3, portanto \u00f3timo\u201d, salientou Jo\u00e3o Dias.<\/p>\n\n\n\n<p>Posi\u00e7\u00f5es seguinte para a dupla Alexandre Pinto\/Bernardo Oliveira que completou o p\u00f3dio T3 a 37,2s do 2\u00ba lugar.<\/p>\n\n\n\n<p>A dupla Jo\u00e3o Monteiro\/Nuno Morais em Can-Am no 6\u00ba lugar absoluto foi a vencedora entre os SSV T4.<\/p>\n\n\n\n<p>\u201cO momento mais marcante de hoje foi tentar disputar a corrida com alguns carros da categoria superior. As pistas s\u00e3o desafiantes e apesar da chuva que tivemos, apanhamos um piso com muita tra\u00e7\u00e3o e seco. Diverti-me muito\u201d, declarou Jo\u00e3o Monteiro.<\/p>\n\n\n\n<p>De Espanha veio a dupla Jos\u00e9 Luis Garcia\/Samantha Montielem que em Mini triunfou entre os T1. O Top 10 absoluto completou-se com mais tr\u00eas equipas da categoria Challenger. O estreante em competi\u00e7\u00f5es de todo-o-terreno Bernardo Sousa navegado por Hugo Magalh\u00e3es foi 8\u00ba \u00e0 frente de Francisco Guedes\/Joel Lutas, ambos em Can-Am, e da dupla Miguel Barbosa\/Lu\u00eds Ramalho, que estreou em Portugal o Tauros, a marca que venceu o Dakar.<\/p>\n\n\n\n<p>Foram ainda vencedores Joel Marrazes\/Jos\u00e9 Motaco em Nissan Navara que se superiorizaram na classe T8, Carlos Silva e Pedro Medinas que em Isuzu D-Max triunfaram entre os T2 e Miguel Teodoro navegado por Gon\u00e7alo Rosado em Nissan D21 que venceu nos T9. Extra competi\u00e7\u00e3o Alexandre Franco pilotou o cami\u00e3o DAF da Classe T5 navegado por Nuno Rodrigues da Silva.<\/p>\n","protected":false},"excerpt":{"rendered":"<p>O campe\u00e3o Tiago Reis, navegado por V\u00e1lter Cardoso aos comandos de uma Toyota Hilux T1+ triunfou hoje na ESC Online Baja TT Montes Alentejanos competi\u00e7\u00e3o&hellip;<\/p>\n","protected":false},"author":1,"featured_media":2654,"comment_status":"closed","ping_status":"closed","sticky":false,"template":"","format":"standard","meta":{"advgb_blocks_editor_width":"","advgb_blocks_columns_visual_guide":"","ngg_post_thumbnail":0,"footnotes":""},"categories":[22],"tags":[32,16,33],"class_list":["post-2653","post","type-post","status-publish","format-standard","has-post-thumbnail","hentry","category-news","tag-32","tag-auto","tag-baja-tt-montes-alentejanos-2024"],"gutentor_comment":0,"rise-blocks_total_comments":0,"rise-blocks_categories":[{"term_id":22,"name":"Not\u00edcias","slug":"news","term_group":0,"term_taxonomy_id":22,"taxonomy":"category","description":"","parent":0,"count":136,"filter":"raw","cat_ID":22,"category_count":136,"category_description":"","cat_name":"Not\u00edcias","category_nicename":"news","category_parent":0}],"rise-blocks_excerpt":"O campe\u00e3o Tiago Reis, navegado por V\u00e1lter Cardoso aos comandos de uma Toyota Hilux T1+ triunfou hoje na ESC Online Baja TT Montes Alentejanos competi\u00e7\u00e3o organizada pelo CPKA. A dupla gastou 3h42m48,6s para cumprir a totalidade dos 288,65 km disputados ao cron\u00f3metro nesta prova de abertura do Campeonato de Portugal de Todo-o-Terreno tendo sido mais r\u00e1pidos 3m49s que a forma\u00e7\u00e3o..","aioseo_notices":[],"author_meta":{"display_name":"admin","author_link":"https:\/\/cpka.pt\/bajattmontesalentejanos\/author\/admin\/"},"featured_img":"https:\/\/cpka.pt\/bajattmontesalentejanos\/wp-content\/uploads\/sites\/3\/2024\/03\/Tiago-Reis-BAJA-2024-2-300x200.jpg","coauthors":[],"tax_additional":{"categories":{"linked":["<a href=\"https:\/\/cpka.pt\/bajattmontesalentejanos\/category\/news\/\" class=\"advgb-post-tax-term\">Not\u00edcias<\/a>"],"unlinked":["<span class=\"advgb-post-tax-term\">Not\u00edcias<\/span>"]},"tags":{"linked":["<a href=\"https:\/\/cpka.pt\/bajattmontesalentejanos\/category\/news\/\" class=\"advgb-post-tax-term\">2024<\/a>","<a href=\"https:\/\/cpka.pt\/bajattmontesalentejanos\/category\/news\/\" class=\"advgb-post-tax-term\">AUTO<\/a>","<a href=\"https:\/\/cpka.pt\/bajattmontesalentejanos\/category\/news\/\" class=\"advgb-post-tax-term\">BAJA TT MONTES ALENTEJANOS 2024<\/a>"],"unlinked":["<span class=\"advgb-post-tax-term\">2024<\/span>","<span class=\"advgb-post-tax-term\">AUTO<\/span>","<span class=\"advgb-post-tax-term\">BAJA TT MONTES ALENTEJANOS 2024<\/span>"]}},"comment_count":"0","relative_dates":{"created":"Posted 2 anos ago","modified":"Updated 2 anos ago"},"absolute_dates":{"created":"Posted on 4 de Mar\u00e7o, 2024","modified":"Updated on 5 de Mar\u00e7o, 2024"},"absolute_dates_time":{"created":"Posted on 4 de Mar\u00e7o, 2024 10:15","modified":"Updated on 5 de Mar\u00e7o, 2024 10:18"},"featured_img_caption":"","series_order":"","_links":{"self":[{"href":"https:\/\/cpka.pt\/bajattmontesalentejanos\/wp-json\/wp\/v2\/posts\/2653","targetHints":{"allow":["GET"]}}],"collection":[{"href":"https:\/\/cpka.pt\/bajattmontesalentejanos\/wp-json\/wp\/v2\/posts"}],"about":[{"href":"https:\/\/cpka.pt\/bajattmontesalentejanos\/wp-json\/wp\/v2\/types\/post"}],"author":[{"embeddable":true,"href":"https:\/\/cpka.pt\/bajattmontesalentejanos\/wp-json\/wp\/v2\/users\/1"}],"replies":[{"embeddable":true,"href":"https:\/\/cpka.pt\/bajattmontesalentejanos\/wp-json\/wp\/v2\/comments?post=2653"}],"version-history":[{"count":1,"href":"https:\/\/cpka.pt\/bajattmontesalentejanos\/wp-json\/wp\/v2\/posts\/2653\/revisions"}],"predecessor-version":[{"id":2655,"href":"https:\/\/cpka.pt\/bajattmontesalentejanos\/wp-json\/wp\/v2\/posts\/2653\/revisions\/2655"}],"wp:featuredmedia":[{"embeddable":true,"href":"https:\/\/cpka.pt\/bajattmontesalentejanos\/wp-json\/wp\/v2\/media\/2654"}],"wp:attachment":[{"href":"https:\/\/cpka.pt\/bajattmontesalentejanos\/wp-json\/wp\/v2\/media?parent=2653"}],"wp:term":[{"taxonomy":"category","embeddable":true,"href":"https:\/\/cpka.pt\/bajattmontesalentejanos\/wp-json\/wp\/v2\/categories?post=2653"},{"taxonomy":"post_tag","embeddable":true,"href":"https:\/\/cpka.pt\/bajattmontesalentejanos\/wp-json\/wp\/v2\/tags?post=2653"}],"curies":[{"name":"wp","href":"https:\/\/api.w.org\/{rel}","templated":true}]}}