{"id":2656,"date":"2024-03-04T09:27:00","date_gmt":"2024-03-04T09:27:00","guid":{"rendered":"https:\/\/cpka.pt\/bajattmontesalentejanos\/?p=2656"},"modified":"2024-03-05T14:45:47","modified_gmt":"2024-03-05T14:45:47","slug":"pedro-santinho-mendes-conquista-vitoria-na-esc-online-baja-tt-montes-alentejanos","status":"publish","type":"post","link":"https:\/\/cpka.pt\/bajattmontesalentejanos\/2024\/03\/04\/pedro-santinho-mendes-conquista-vitoria-na-esc-online-baja-tt-montes-alentejanos\/","title":{"rendered":"Pedro Santinho Mendes conquista vit\u00f3ria na ESC Online Baja TT Montes Alentejanos"},"content":{"rendered":"<div class=\"wp-block-image\">\n<figure class=\"aligncenter size-large\"><img loading=\"lazy\" decoding=\"async\" width=\"1024\" height=\"588\" src=\"https:\/\/cpka.pt\/bajattmontesalentejanos\/wp-content\/uploads\/sites\/3\/2024\/03\/428518597_916264160298202_2232942007193860522_n-1024x588.jpg\" alt=\"\" class=\"wp-image-2657\" srcset=\"https:\/\/cpka.pt\/bajattmontesalentejanos\/wp-content\/uploads\/sites\/3\/2024\/03\/428518597_916264160298202_2232942007193860522_n-1024x588.jpg 1024w, https:\/\/cpka.pt\/bajattmontesalentejanos\/wp-content\/uploads\/sites\/3\/2024\/03\/428518597_916264160298202_2232942007193860522_n-300x172.jpg 300w, https:\/\/cpka.pt\/bajattmontesalentejanos\/wp-content\/uploads\/sites\/3\/2024\/03\/428518597_916264160298202_2232942007193860522_n-768x441.jpg 768w, https:\/\/cpka.pt\/bajattmontesalentejanos\/wp-content\/uploads\/sites\/3\/2024\/03\/428518597_916264160298202_2232942007193860522_n-1536x882.jpg 1536w, https:\/\/cpka.pt\/bajattmontesalentejanos\/wp-content\/uploads\/sites\/3\/2024\/03\/428518597_916264160298202_2232942007193860522_n.jpg 1646w\" sizes=\"auto, (max-width: 1024px) 100vw, 1024px\" \/><\/figure><\/div>\n\n\n<p>L\u00edder \u00e0 partida desta derradeira etapa Pedro Santinho Mendes confirmou a vit\u00f3ria conseguida aos comandos de um Can-Am e navegado por Duarte Santos. O ex-campe\u00e3o nacional terminou a corrida com uma vantagem de 3m14s para S\u00e9rgio Batista ficando o p\u00f3dio completo com a dupla Nelson Caxias\/Jo\u00e3o Rodrigues, todos em Can-Am.<\/p>\n\n\n\n<p>O 4\u00ba lugar de Helder Rodrigues sabe, todavia a amargo ao ex-campe\u00e3o do Mundo Moto <a><\/a>que liderou a etapa durante mais de 60 km vindo a sofrer um contratempo que o atrasou de forma significativa. Este derradeiro setor seletivo seria, entretanto, ganho por Herlander Ara\u00fajo que imp\u00f4s um dos novos Can-Am nos 140 km da PEC 2. Na classifica\u00e7\u00e3o geral e atr\u00e1s de H\u00e9lder Rodrigues colocaram-se as duplas Pedro Pinha\/Joaquim Dias, Andr\u00e9 Carita\/Nuno Abrantes e Vasco Martins\/Lu\u00eds Fal\u00e9 todos eles em Can-Am. Wilson Galo navegado por F\u00e1bio Vasques, Sergio Vaz a solo e Pedro Grancha com Tom\u00e1s Neves tamb\u00e9m todos em Can-Am completaram o Top 10.<\/p>\n\n\n\n<p>Com Sergio Batista, 2\u00ba da geral, a ter sido o vencedor entre os veteranos triunfaram nas respetivas classes a dupla Ricardo Filipe\/Carlos Dias em Can-Am nos ve\u00edculos Stock, Paulo Caseiro (Yamaha) entre os SSV TT2, Tom\u00e1s Antunes (Can-Am) entre os Juniores e Dorothee Ferreira com Noemie De Sousa, tamb\u00e9m em Can-Am, nas Senhoras.<\/p>\n\n\n\nngg_shortcode_0_placeholder\n","protected":false},"excerpt":{"rendered":"<p>L\u00edder \u00e0 partida desta derradeira etapa Pedro Santinho Mendes confirmou a vit\u00f3ria conseguida aos comandos de um Can-Am e navegado por Duarte Santos. O ex-campe\u00e3o&hellip;<\/p>\n","protected":false},"author":1,"featured_media":2657,"comment_status":"closed","ping_status":"closed","sticky":false,"template":"","format":"standard","meta":{"advgb_blocks_editor_width":"","advgb_blocks_columns_visual_guide":"","ngg_post_thumbnail":0,"footnotes":""},"categories":[22],"tags":[32,33,14],"class_list":["post-2656","post","type-post","status-publish","format-standard","has-post-thumbnail","hentry","category-news","tag-32","tag-baja-tt-montes-alentejanos-2024","tag-ssv"],"gutentor_comment":0,"rise-blocks_total_comments":0,"rise-blocks_categories":[{"term_id":22,"name":"Not\u00edcias","slug":"news","term_group":0,"term_taxonomy_id":22,"taxonomy":"category","description":"","parent":0,"count":136,"filter":"raw","cat_ID":22,"category_count":136,"category_description":"","cat_name":"Not\u00edcias","category_nicename":"news","category_parent":0}],"rise-blocks_excerpt":"L\u00edder \u00e0 partida desta derradeira etapa Pedro Santinho Mendes confirmou a vit\u00f3ria conseguida aos comandos de um Can-Am e navegado por Duarte Santos. O ex-campe\u00e3o nacional terminou a corrida com uma vantagem de 3m14s para S\u00e9rgio Batista ficando o p\u00f3dio completo com a dupla Nelson Caxias\/Jo\u00e3o Rodrigues, todos em Can-Am. O 4\u00ba lugar de Helder Rodrigues sabe, todavia a amargo..","aioseo_notices":[],"author_meta":{"display_name":"admin","author_link":"https:\/\/cpka.pt\/bajattmontesalentejanos\/author\/admin\/"},"featured_img":"https:\/\/cpka.pt\/bajattmontesalentejanos\/wp-content\/uploads\/sites\/3\/2024\/03\/428518597_916264160298202_2232942007193860522_n-300x172.jpg","coauthors":[],"tax_additional":{"categories":{"linked":["<a href=\"https:\/\/cpka.pt\/bajattmontesalentejanos\/category\/news\/\" class=\"advgb-post-tax-term\">Not\u00edcias<\/a>"],"unlinked":["<span class=\"advgb-post-tax-term\">Not\u00edcias<\/span>"]},"tags":{"linked":["<a href=\"https:\/\/cpka.pt\/bajattmontesalentejanos\/category\/news\/\" class=\"advgb-post-tax-term\">2024<\/a>","<a href=\"https:\/\/cpka.pt\/bajattmontesalentejanos\/category\/news\/\" class=\"advgb-post-tax-term\">BAJA TT MONTES ALENTEJANOS 2024<\/a>","<a href=\"https:\/\/cpka.pt\/bajattmontesalentejanos\/category\/news\/\" class=\"advgb-post-tax-term\">SSV<\/a>"],"unlinked":["<span class=\"advgb-post-tax-term\">2024<\/span>","<span class=\"advgb-post-tax-term\">BAJA TT MONTES ALENTEJANOS 2024<\/span>","<span class=\"advgb-post-tax-term\">SSV<\/span>"]}},"comment_count":"0","relative_dates":{"created":"Posted 2 anos ago","modified":"Updated 2 anos ago"},"absolute_dates":{"created":"Posted on 4 de Mar\u00e7o, 2024","modified":"Updated on 5 de Mar\u00e7o, 2024"},"absolute_dates_time":{"created":"Posted on 4 de Mar\u00e7o, 2024 9:27","modified":"Updated on 5 de Mar\u00e7o, 2024 14:45"},"featured_img_caption":"","series_order":"","_links":{"self":[{"href":"https:\/\/cpka.pt\/bajattmontesalentejanos\/wp-json\/wp\/v2\/posts\/2656","targetHints":{"allow":["GET"]}}],"collection":[{"href":"https:\/\/cpka.pt\/bajattmontesalentejanos\/wp-json\/wp\/v2\/posts"}],"about":[{"href":"https:\/\/cpka.pt\/bajattmontesalentejanos\/wp-json\/wp\/v2\/types\/post"}],"author":[{"embeddable":true,"href":"https:\/\/cpka.pt\/bajattmontesalentejanos\/wp-json\/wp\/v2\/users\/1"}],"replies":[{"embeddable":true,"href":"https:\/\/cpka.pt\/bajattmontesalentejanos\/wp-json\/wp\/v2\/comments?post=2656"}],"version-history":[{"count":1,"href":"https:\/\/cpka.pt\/bajattmontesalentejanos\/wp-json\/wp\/v2\/posts\/2656\/revisions"}],"predecessor-version":[{"id":2665,"href":"https:\/\/cpka.pt\/bajattmontesalentejanos\/wp-json\/wp\/v2\/posts\/2656\/revisions\/2665"}],"wp:featuredmedia":[{"embeddable":true,"href":"https:\/\/cpka.pt\/bajattmontesalentejanos\/wp-json\/wp\/v2\/media\/2657"}],"wp:attachment":[{"href":"https:\/\/cpka.pt\/bajattmontesalentejanos\/wp-json\/wp\/v2\/media?parent=2656"}],"wp:term":[{"taxonomy":"category","embeddable":true,"href":"https:\/\/cpka.pt\/bajattmontesalentejanos\/wp-json\/wp\/v2\/categories?post=2656"},{"taxonomy":"post_tag","embeddable":true,"href":"https:\/\/cpka.pt\/bajattmontesalentejanos\/wp-json\/wp\/v2\/tags?post=2656"}],"curies":[{"name":"wp","href":"https:\/\/api.w.org\/{rel}","templated":true}]}}