{"id":2779,"date":"2024-03-08T10:57:51","date_gmt":"2024-03-08T10:57:51","guid":{"rendered":"https:\/\/cpka.pt\/bajattmontesalentejanos\/?p=2779"},"modified":"2024-03-12T11:01:59","modified_gmt":"2024-03-12T11:01:59","slug":"galeria-de-fotos-das-motos-na-esc-online-baja-tt-montes-alentejanos","status":"publish","type":"post","link":"https:\/\/cpka.pt\/bajattmontesalentejanos\/2024\/03\/08\/galeria-de-fotos-das-motos-na-esc-online-baja-tt-montes-alentejanos\/","title":{"rendered":"Galeria de fotos das MOTOS na ESC Online Baja TT Montes Alentejanos"},"content":{"rendered":"\n<p>Galeria de fotos da ESC Online Baja TT Montes Alentejanos.<\/p>\n\n\n\n<!--more-->\n\n\n\nngg_shortcode_0_placeholder\n","protected":false},"excerpt":{"rendered":"<p>Galeria de fotos da ESC Online Baja TT Montes Alentejanos.<\/p>\n","protected":false},"author":1,"featured_media":2802,"comment_status":"closed","ping_status":"closed","sticky":false,"template":"","format":"standard","meta":{"advgb_blocks_editor_width":"","advgb_blocks_columns_visual_guide":"","ngg_post_thumbnail":0,"footnotes":""},"categories":[5,3],"tags":[32,33,17],"class_list":["post-2779","post","type-post","status-publish","format-standard","has-post-thumbnail","hentry","category-fotos","category-multimedia","tag-32","tag-baja-tt-montes-alentejanos-2024","tag-moto"],"gutentor_comment":0,"rise-blocks_total_comments":0,"rise-blocks_categories":[{"term_id":5,"name":"Fotos","slug":"fotos","term_group":0,"term_taxonomy_id":5,"taxonomy":"category","description":"","parent":3,"count":14,"filter":"raw","cat_ID":5,"category_count":14,"category_description":"","cat_name":"Fotos","category_nicename":"fotos","category_parent":3},{"term_id":3,"name":"Multim\u00e9dia","slug":"multimedia","term_group":0,"term_taxonomy_id":3,"taxonomy":"category","description":"","parent":0,"count":62,"filter":"raw","cat_ID":3,"category_count":62,"category_description":"","cat_name":"Multim\u00e9dia","category_nicename":"multimedia","category_parent":0}],"rise-blocks_excerpt":"Galeria de fotos da ESC Online Baja TT Montes Alentejanos.","aioseo_notices":[],"author_meta":{"display_name":"admin","author_link":"https:\/\/cpka.pt\/bajattmontesalentejanos\/author\/admin\/"},"featured_img":"https:\/\/cpka.pt\/bajattmontesalentejanos\/wp-content\/uploads\/sites\/3\/2024\/03\/432107546_919206430003975_7990296845620200519_n-300x199.jpg","coauthors":[],"tax_additional":{"categories":{"linked":["<a href=\"https:\/\/cpka.pt\/bajattmontesalentejanos\/category\/multimedia\/fotos\/\" class=\"advgb-post-tax-term\">Fotos<\/a>","<a href=\"https:\/\/cpka.pt\/bajattmontesalentejanos\/category\/multimedia\/\" class=\"advgb-post-tax-term\">Multim\u00e9dia<\/a>"],"unlinked":["<span class=\"advgb-post-tax-term\">Fotos<\/span>","<span class=\"advgb-post-tax-term\">Multim\u00e9dia<\/span>"]},"tags":{"linked":["<a href=\"https:\/\/cpka.pt\/bajattmontesalentejanos\/category\/multimedia\/\" class=\"advgb-post-tax-term\">2024<\/a>","<a href=\"https:\/\/cpka.pt\/bajattmontesalentejanos\/category\/multimedia\/\" class=\"advgb-post-tax-term\">BAJA TT MONTES ALENTEJANOS 2024<\/a>","<a href=\"https:\/\/cpka.pt\/bajattmontesalentejanos\/category\/multimedia\/\" class=\"advgb-post-tax-term\">MOTO<\/a>"],"unlinked":["<span class=\"advgb-post-tax-term\">2024<\/span>","<span class=\"advgb-post-tax-term\">BAJA TT MONTES ALENTEJANOS 2024<\/span>","<span class=\"advgb-post-tax-term\">MOTO<\/span>"]}},"comment_count":"0","relative_dates":{"created":"Posted 2 anos ago","modified":"Updated 2 anos ago"},"absolute_dates":{"created":"Posted on 8 de Mar\u00e7o, 2024","modified":"Updated on 12 de Mar\u00e7o, 2024"},"absolute_dates_time":{"created":"Posted on 8 de Mar\u00e7o, 2024 10:57","modified":"Updated on 12 de Mar\u00e7o, 2024 11:01"},"featured_img_caption":"","series_order":"","_links":{"self":[{"href":"https:\/\/cpka.pt\/bajattmontesalentejanos\/wp-json\/wp\/v2\/posts\/2779","targetHints":{"allow":["GET"]}}],"collection":[{"href":"https:\/\/cpka.pt\/bajattmontesalentejanos\/wp-json\/wp\/v2\/posts"}],"about":[{"href":"https:\/\/cpka.pt\/bajattmontesalentejanos\/wp-json\/wp\/v2\/types\/post"}],"author":[{"embeddable":true,"href":"https:\/\/cpka.pt\/bajattmontesalentejanos\/wp-json\/wp\/v2\/users\/1"}],"replies":[{"embeddable":true,"href":"https:\/\/cpka.pt\/bajattmontesalentejanos\/wp-json\/wp\/v2\/comments?post=2779"}],"version-history":[{"count":1,"href":"https:\/\/cpka.pt\/bajattmontesalentejanos\/wp-json\/wp\/v2\/posts\/2779\/revisions"}],"predecessor-version":[{"id":2803,"href":"https:\/\/cpka.pt\/bajattmontesalentejanos\/wp-json\/wp\/v2\/posts\/2779\/revisions\/2803"}],"wp:featuredmedia":[{"embeddable":true,"href":"https:\/\/cpka.pt\/bajattmontesalentejanos\/wp-json\/wp\/v2\/media\/2802"}],"wp:attachment":[{"href":"https:\/\/cpka.pt\/bajattmontesalentejanos\/wp-json\/wp\/v2\/media?parent=2779"}],"wp:term":[{"taxonomy":"category","embeddable":true,"href":"https:\/\/cpka.pt\/bajattmontesalentejanos\/wp-json\/wp\/v2\/categories?post=2779"},{"taxonomy":"post_tag","embeddable":true,"href":"https:\/\/cpka.pt\/bajattmontesalentejanos\/wp-json\/wp\/v2\/tags?post=2779"}],"curies":[{"name":"wp","href":"https:\/\/api.w.org\/{rel}","templated":true}]}}