{"id":3084,"date":"2025-02-14T18:17:06","date_gmt":"2025-02-14T18:17:06","guid":{"rendered":"https:\/\/cpka.pt\/bajattmontesalentejanos\/?p=3084"},"modified":"2025-02-14T18:17:09","modified_gmt":"2025-02-14T18:17:09","slug":"fmp-micael-simao-tomas-paulo-e-joao-monteiro-nuno-morais-vencem-o-prologo","status":"publish","type":"post","link":"https:\/\/cpka.pt\/bajattmontesalentejanos\/2025\/02\/14\/fmp-micael-simao-tomas-paulo-e-joao-monteiro-nuno-morais-vencem-o-prologo\/","title":{"rendered":"FMP: Micael Sim\u00e3o, Tom\u00e1s Paulo e Jo\u00e3o Monteiro\/Nuno Morais vencem o Pr\u00f3logo"},"content":{"rendered":"\n<p><a>A ESC Online Baja Montes Alentejanos 2025, jornada que marca o arranque do Campeonato Nacional de Todo-o-Terreno disputado sob a \u00e9gide da FMP, deu in\u00edcio ao seu programa desportivo esta tarde com um pr\u00f3logo disputado nos arredores da cidade de Beja, onde est\u00e1 instalado o centro nevr\u00e1lgico desta corrida que na competi\u00e7\u00e3o Moto, Quad e SSV junta cerca de 120 pilotos.<\/a><\/p>\n\n\n\n<p><a>Na competi\u00e7\u00e3o Moto vit\u00f3ria folgada de Micael Sim\u00e3o, em GasGas, que averbou o tempo de 7m53s, sendo ainda o 1\u00ba da Classe TT3. Segundo melhor tempo para Bernardo Megre em Kawasaki a 28s e que foi o mais r\u00e1pido da Classe TT2.<\/a><\/p>\n\n\n\n<p>Terceiro tempo, a 4,8s do 2\u00ba lugar, para Gon\u00e7alo Amaral, em Honda. Seguiram-se na classifica\u00e7\u00e3o deste pr\u00f3logo Tom\u00e1s Dias tamb\u00e9m em Honda (1\u00ba J\u00fanior), o regressado Miguel Castro em KTM, Gustavo Gaud\u00eancio em Honda (1\u00ba TT1) e Jo\u00e3o Duarte em Honda (2\u00ba J\u00fanior e 2\u00ba TT1). O campe\u00e3o nacional Martim Ventura, em Husqvarna, n\u00e3o foi al\u00e9m do 9\u00ba tempo enquanto Fernando Ferreira, numa Moto Pro foi o mais r\u00e1pido entre os veteranos.<\/p>\n\n\n\n<p>Entre os Quad o mais r\u00e1pido foi o jovem Tom\u00e1s Paulo que gastou menos 9s que o campe\u00e3o Lu\u00eds Fernandes com outro jovem Rodrigo Alves a ocupar o 3\u00ba lugar com mais 6,9s. Tamb\u00e9m em Yamaha, tal como os tr\u00eas primeiros, F\u00e1bio Ferreira foi o 4\u00ba classificado.<\/p>\n\n\n\n<p>Nos SSV o regressado Jo\u00e3o Monteiro imp\u00f4s o seu Can-Am tendo a seu lado o experiente Nuno Morais. Esta dupla gastou 8m05s menos 1,6s que o par Roberto Borrego\/Daniel Jord\u00e3o sendo que o 3\u00ba tempo foi obtido pela equipa Louren\u00e7o Rosa\/Joel Lutas, todos em Can-Am.<\/p>\n\n\n\n<p>Posi\u00e7\u00e3o seguinte para a dupla Pedro Antunes\/Nuno Batalha, em Polaris, que foram os mais r\u00e1pidos do respetivo Trof\u00e9u onde Helder Rodrigues e Luis Portela Morais, pilotos que encerraram o Top 10 absoluto, completaram o p\u00f3dio da competi\u00e7\u00e3o monomarca. Entre eles e do 5\u00ba ao 8\u00ba lugar posicionaram-se: Wilson Galo com Jos\u00e9 S\u00e1 Pires, Nelson Caxias com Andr\u00e9 Lopes, Ricardo Louren\u00e7o com Manuel Santos e Pedro Grancha com Tom\u00e1s Neves, todos em Can-Am.<\/p>\n\n\n\n<p>O dia de hoje da ESC Online Baja Montes Alentejanos completa-se com a fotografia de grupo de todos os concorrentes realizada \u00e0s 19 horas no p\u00f3dio do evento localizado no Parque de Feiras e Exposi\u00e7\u00f5es de Beja, onde tamb\u00e9m decorrer\u00e1 a cerim\u00f3nia de partida, pelas 19h30. Amanh\u00e3 os concorrentes ter\u00e3o pela frente um tro\u00e7o de 169,85 km.<\/p>\n\n\n\n<p><\/p>\n\n\n\n<figure class=\"wp-block-image size-large\"><img loading=\"lazy\" decoding=\"async\" width=\"1024\" height=\"683\" src=\"https:\/\/cpka.pt\/bajattmontesalentejanos\/wp-content\/uploads\/sites\/3\/2025\/02\/Micael-Simao-GasGas-1024x683.jpg\" alt=\"\" class=\"wp-image-3085\" srcset=\"https:\/\/cpka.pt\/bajattmontesalentejanos\/wp-content\/uploads\/sites\/3\/2025\/02\/Micael-Simao-GasGas-1024x683.jpg 1024w, https:\/\/cpka.pt\/bajattmontesalentejanos\/wp-content\/uploads\/sites\/3\/2025\/02\/Micael-Simao-GasGas-300x200.jpg 300w, https:\/\/cpka.pt\/bajattmontesalentejanos\/wp-content\/uploads\/sites\/3\/2025\/02\/Micael-Simao-GasGas-768x512.jpg 768w, https:\/\/cpka.pt\/bajattmontesalentejanos\/wp-content\/uploads\/sites\/3\/2025\/02\/Micael-Simao-GasGas-1536x1024.jpg 1536w, https:\/\/cpka.pt\/bajattmontesalentejanos\/wp-content\/uploads\/sites\/3\/2025\/02\/Micael-Simao-GasGas.jpg 1920w\" sizes=\"auto, (max-width: 1024px) 100vw, 1024px\" \/><figcaption class=\"wp-element-caption\">Micael Sim\u00e3o (GasGas)<\/figcaption><\/figure>\n\n\n\n<figure class=\"wp-block-image size-large\"><img loading=\"lazy\" decoding=\"async\" width=\"1024\" height=\"682\" src=\"https:\/\/cpka.pt\/bajattmontesalentejanos\/wp-content\/uploads\/sites\/3\/2025\/02\/Tomas-Paulo-Yamaha-1024x682.jpg\" alt=\"Tom\u00e1s Paulo\" class=\"wp-image-3086\" srcset=\"https:\/\/cpka.pt\/bajattmontesalentejanos\/wp-content\/uploads\/sites\/3\/2025\/02\/Tomas-Paulo-Yamaha-1024x682.jpg 1024w, https:\/\/cpka.pt\/bajattmontesalentejanos\/wp-content\/uploads\/sites\/3\/2025\/02\/Tomas-Paulo-Yamaha-300x200.jpg 300w, https:\/\/cpka.pt\/bajattmontesalentejanos\/wp-content\/uploads\/sites\/3\/2025\/02\/Tomas-Paulo-Yamaha-768x512.jpg 768w, https:\/\/cpka.pt\/bajattmontesalentejanos\/wp-content\/uploads\/sites\/3\/2025\/02\/Tomas-Paulo-Yamaha.jpg 1280w\" sizes=\"auto, (max-width: 1024px) 100vw, 1024px\" \/><\/figure>\n\n\n\n<figure class=\"wp-block-image size-large\"><img loading=\"lazy\" decoding=\"async\" width=\"1024\" height=\"682\" src=\"https:\/\/cpka.pt\/bajattmontesalentejanos\/wp-content\/uploads\/sites\/3\/2025\/02\/Joao-Monteiro-Can-Am-1024x682.jpg\" alt=\"\" class=\"wp-image-3087\" srcset=\"https:\/\/cpka.pt\/bajattmontesalentejanos\/wp-content\/uploads\/sites\/3\/2025\/02\/Joao-Monteiro-Can-Am-1024x682.jpg 1024w, https:\/\/cpka.pt\/bajattmontesalentejanos\/wp-content\/uploads\/sites\/3\/2025\/02\/Joao-Monteiro-Can-Am-300x200.jpg 300w, https:\/\/cpka.pt\/bajattmontesalentejanos\/wp-content\/uploads\/sites\/3\/2025\/02\/Joao-Monteiro-Can-Am-768x512.jpg 768w, https:\/\/cpka.pt\/bajattmontesalentejanos\/wp-content\/uploads\/sites\/3\/2025\/02\/Joao-Monteiro-Can-Am-1536x1023.jpg 1536w, https:\/\/cpka.pt\/bajattmontesalentejanos\/wp-content\/uploads\/sites\/3\/2025\/02\/Joao-Monteiro-Can-Am.jpg 1600w\" sizes=\"auto, (max-width: 1024px) 100vw, 1024px\" \/><\/figure>\n","protected":false},"excerpt":{"rendered":"<p>A ESC Online Baja Montes Alentejanos 2025, jornada que marca o arranque do Campeonato Nacional de Todo-o-Terreno disputado sob a \u00e9gide da FMP, deu in\u00edcio&hellip;<\/p>\n","protected":false},"author":2,"featured_media":3085,"comment_status":"open","ping_status":"open","sticky":false,"template":"","format":"standard","meta":{"advgb_blocks_editor_width":"","advgb_blocks_columns_visual_guide":"","ngg_post_thumbnail":0,"footnotes":""},"categories":[1],"tags":[36],"class_list":["post-3084","post","type-post","status-publish","format-standard","has-post-thumbnail","hentry","category-news2021","tag-baja-tt-montes-alentejanos-2025"],"gutentor_comment":0,"rise-blocks_total_comments":0,"rise-blocks_categories":[{"term_id":1,"name":"Not\u00edcias 2021","slug":"news2021","term_group":0,"term_taxonomy_id":1,"taxonomy":"category","description":"","parent":0,"count":196,"filter":"raw","cat_ID":1,"category_count":196,"category_description":"","cat_name":"Not\u00edcias 2021","category_nicename":"news2021","category_parent":0}],"rise-blocks_excerpt":"A ESC Online Baja Montes Alentejanos 2025, jornada que marca o arranque do Campeonato Nacional de Todo-o-Terreno disputado sob a \u00e9gide da FMP, deu in\u00edcio ao seu programa desportivo esta tarde com um pr\u00f3logo disputado nos arredores da cidade de Beja, onde est\u00e1 instalado o centro nevr\u00e1lgico desta corrida que na competi\u00e7\u00e3o Moto, Quad e SSV junta cerca de 120..","aioseo_notices":[],"author_meta":{"display_name":"cpka","author_link":"https:\/\/cpka.pt\/bajattmontesalentejanos\/author\/cpka\/"},"featured_img":"https:\/\/cpka.pt\/bajattmontesalentejanos\/wp-content\/uploads\/sites\/3\/2025\/02\/Micael-Simao-GasGas-300x200.jpg","coauthors":[],"tax_additional":{"categories":{"linked":["<a href=\"https:\/\/cpka.pt\/bajattmontesalentejanos\/category\/news2021\/\" class=\"advgb-post-tax-term\">Not\u00edcias 2021<\/a>"],"unlinked":["<span class=\"advgb-post-tax-term\">Not\u00edcias 2021<\/span>"]},"tags":{"linked":["<a href=\"https:\/\/cpka.pt\/bajattmontesalentejanos\/category\/news2021\/\" class=\"advgb-post-tax-term\">BAJA TT MONTES ALENTEJANOS 2025<\/a>"],"unlinked":["<span class=\"advgb-post-tax-term\">BAJA TT MONTES ALENTEJANOS 2025<\/span>"]}},"comment_count":"0","relative_dates":{"created":"Posted 1 ano ago","modified":"Updated 1 ano ago"},"absolute_dates":{"created":"Posted on 14 de Fevereiro, 2025","modified":"Updated on 14 de Fevereiro, 2025"},"absolute_dates_time":{"created":"Posted on 14 de Fevereiro, 2025 18:17","modified":"Updated on 14 de Fevereiro, 2025 18:17"},"featured_img_caption":"Micael Sim\u00e3o (GasGas)","series_order":"","_links":{"self":[{"href":"https:\/\/cpka.pt\/bajattmontesalentejanos\/wp-json\/wp\/v2\/posts\/3084","targetHints":{"allow":["GET"]}}],"collection":[{"href":"https:\/\/cpka.pt\/bajattmontesalentejanos\/wp-json\/wp\/v2\/posts"}],"about":[{"href":"https:\/\/cpka.pt\/bajattmontesalentejanos\/wp-json\/wp\/v2\/types\/post"}],"author":[{"embeddable":true,"href":"https:\/\/cpka.pt\/bajattmontesalentejanos\/wp-json\/wp\/v2\/users\/2"}],"replies":[{"embeddable":true,"href":"https:\/\/cpka.pt\/bajattmontesalentejanos\/wp-json\/wp\/v2\/comments?post=3084"}],"version-history":[{"count":1,"href":"https:\/\/cpka.pt\/bajattmontesalentejanos\/wp-json\/wp\/v2\/posts\/3084\/revisions"}],"predecessor-version":[{"id":3088,"href":"https:\/\/cpka.pt\/bajattmontesalentejanos\/wp-json\/wp\/v2\/posts\/3084\/revisions\/3088"}],"wp:featuredmedia":[{"embeddable":true,"href":"https:\/\/cpka.pt\/bajattmontesalentejanos\/wp-json\/wp\/v2\/media\/3085"}],"wp:attachment":[{"href":"https:\/\/cpka.pt\/bajattmontesalentejanos\/wp-json\/wp\/v2\/media?parent=3084"}],"wp:term":[{"taxonomy":"category","embeddable":true,"href":"https:\/\/cpka.pt\/bajattmontesalentejanos\/wp-json\/wp\/v2\/categories?post=3084"},{"taxonomy":"post_tag","embeddable":true,"href":"https:\/\/cpka.pt\/bajattmontesalentejanos\/wp-json\/wp\/v2\/tags?post=3084"}],"curies":[{"name":"wp","href":"https:\/\/api.w.org\/{rel}","templated":true}]}}