{"id":3096,"date":"2025-02-15T12:28:00","date_gmt":"2025-02-15T12:28:00","guid":{"rendered":"https:\/\/cpka.pt\/bajattmontesalentejanos\/?p=3096"},"modified":"2025-02-15T18:29:54","modified_gmt":"2025-02-15T18:29:54","slug":"motos-micael-simao-lidera-apos-ss1","status":"publish","type":"post","link":"https:\/\/cpka.pt\/bajattmontesalentejanos\/2025\/02\/15\/motos-micael-simao-lidera-apos-ss1\/","title":{"rendered":"Motos: Micael Sim\u00e3o lidera ap\u00f3s SS1"},"content":{"rendered":"\n<p><\/p>\n\n\n\n<p>Num dia marcado por um intenso nevoeiro que obrigou a retardar a partida dos concorrentes para um setor seletivo com 167,44 quil\u00f3metros disputados ao cronometro, Micael Sim\u00e3o em GasGas lidera a Esc Online Baja TT Montes Alentejanos.<\/p>\n\n\n\n<p>Na competi\u00e7\u00e3o moto cedo o campe\u00e3o nacional Martim Ventura em Husqvarna assumiu a lideran\u00e7a da prova alargando progressivamente a sua vantagem para os seus mais diretos advers\u00e1rios e ao km 150 dispunha de uma vantagem de 1m21s para Micael Sim\u00e3o. Uma forte queda a 10 quil\u00f3metros do final relegou, todavia Martim Ventura para o 3\u00ba lugar, 1m06s atr\u00e1s do piloto da GasGas que, depois de ter sido o mais r\u00e1pido no pr\u00f3logo, venceu agora a PEC 1.<\/p>\n\n\n\n<p>\u201cQuando se vence \u00e9 porque correu bem, mas n\u00e3o me livrei de tr\u00eas quedas felizmente sem consequ\u00eancia para al\u00e9m de perder alguns segundos. A pista est\u00e1 dif\u00edcil, mas tive a sorte de a queda maior ter acontecido numa zona de piso mais macio. Fui projetado e pensei que n\u00e3o ia correr bem\u201d, refere Micael Sim\u00e3o que disp\u00f5e de uma vantagem de um minuto para Tom\u00e1s Dias em Honda que por sua vez est\u00e1 6s \u00e0 frente de Martim Ventura. Micael Sim\u00e3o e Tom\u00e1s Dias lideram respetivamente a Classe TT3 e TT2.<\/p>\n\n\n\n<p>Posi\u00e7\u00f5es seguintes para Gustavo Gaud\u00eancio em Honda, que ocupa o 1\u00ba lugar da Classe TT1 e que na Classifica\u00e7\u00e3o geral est\u00e1 \u00e0 frente de Miguel Castro em KTM que fecha o Top 5. 6\u00ba lugar para Bernardo Megre em Kawasaki a 16s da 5\u00aa posi\u00e7\u00e3o. No Top 10 est\u00e3o ainda Jo\u00e3o Duarte e Gon\u00e7alo Amaral ambos em Honda e separados por 5s na luta pelo 7\u00ba lugar. Afonso Figueiredo em Kawasaki come\u00e7ou muito r\u00e1pido ocupando inicialmente o 4\u00ba lugar, mas ap\u00f3s PEC1 ocupa a 9\u00aa posi\u00e7\u00e3o \u00e0 frente do franc\u00eas Christophe Jajouanie que, em Honda, lidera entre os Veteranos.<\/p>\n\n\n\n<p>A ESC Online Baja TT Montes Alentejanos prossegue amanh\u00e3 com concorrentes a enfrentarem uma segunda passagem pelo tro\u00e7o de 167,44 km hoje disputado.<\/p>\n","protected":false},"excerpt":{"rendered":"<p>Num dia marcado por um intenso nevoeiro que obrigou a retardar a partida dos concorrentes para um setor seletivo com 167,44 quil\u00f3metros disputados ao cronometro,&hellip;<\/p>\n","protected":false},"author":2,"featured_media":3097,"comment_status":"open","ping_status":"open","sticky":false,"template":"","format":"standard","meta":{"advgb_blocks_editor_width":"","advgb_blocks_columns_visual_guide":"","ngg_post_thumbnail":0,"footnotes":""},"categories":[1],"tags":[],"class_list":["post-3096","post","type-post","status-publish","format-standard","has-post-thumbnail","hentry","category-news2021"],"gutentor_comment":0,"rise-blocks_total_comments":0,"rise-blocks_categories":[{"term_id":1,"name":"Not\u00edcias 2021","slug":"news2021","term_group":0,"term_taxonomy_id":1,"taxonomy":"category","description":"","parent":0,"count":196,"filter":"raw","cat_ID":1,"category_count":196,"category_description":"","cat_name":"Not\u00edcias 2021","category_nicename":"news2021","category_parent":0}],"rise-blocks_excerpt":"Num dia marcado por um intenso nevoeiro que obrigou a retardar a partida dos concorrentes para um setor seletivo com 167,44 quil\u00f3metros disputados ao cronometro, Micael Sim\u00e3o em GasGas lidera a Esc Online Baja TT Montes Alentejanos. Na competi\u00e7\u00e3o moto cedo o campe\u00e3o nacional Martim Ventura em Husqvarna assumiu a lideran\u00e7a da prova alargando progressivamente a sua vantagem para os..","aioseo_notices":[],"author_meta":{"display_name":"cpka","author_link":"https:\/\/cpka.pt\/bajattmontesalentejanos\/author\/cpka\/"},"featured_img":"https:\/\/cpka.pt\/bajattmontesalentejanos\/wp-content\/uploads\/sites\/3\/2025\/02\/480382820_1134498805131644_4015634663042585208_n-300x200.jpg","coauthors":[],"tax_additional":{"categories":{"linked":["<a href=\"https:\/\/cpka.pt\/bajattmontesalentejanos\/category\/news2021\/\" class=\"advgb-post-tax-term\">Not\u00edcias 2021<\/a>"],"unlinked":["<span class=\"advgb-post-tax-term\">Not\u00edcias 2021<\/span>"]}},"comment_count":"0","relative_dates":{"created":"Posted 1 ano ago","modified":"Updated 1 ano ago"},"absolute_dates":{"created":"Posted on 15 de Fevereiro, 2025","modified":"Updated on 15 de Fevereiro, 2025"},"absolute_dates_time":{"created":"Posted on 15 de Fevereiro, 2025 12:28","modified":"Updated on 15 de Fevereiro, 2025 18:29"},"featured_img_caption":"","series_order":"","_links":{"self":[{"href":"https:\/\/cpka.pt\/bajattmontesalentejanos\/wp-json\/wp\/v2\/posts\/3096","targetHints":{"allow":["GET"]}}],"collection":[{"href":"https:\/\/cpka.pt\/bajattmontesalentejanos\/wp-json\/wp\/v2\/posts"}],"about":[{"href":"https:\/\/cpka.pt\/bajattmontesalentejanos\/wp-json\/wp\/v2\/types\/post"}],"author":[{"embeddable":true,"href":"https:\/\/cpka.pt\/bajattmontesalentejanos\/wp-json\/wp\/v2\/users\/2"}],"replies":[{"embeddable":true,"href":"https:\/\/cpka.pt\/bajattmontesalentejanos\/wp-json\/wp\/v2\/comments?post=3096"}],"version-history":[{"count":1,"href":"https:\/\/cpka.pt\/bajattmontesalentejanos\/wp-json\/wp\/v2\/posts\/3096\/revisions"}],"predecessor-version":[{"id":3098,"href":"https:\/\/cpka.pt\/bajattmontesalentejanos\/wp-json\/wp\/v2\/posts\/3096\/revisions\/3098"}],"wp:featuredmedia":[{"embeddable":true,"href":"https:\/\/cpka.pt\/bajattmontesalentejanos\/wp-json\/wp\/v2\/media\/3097"}],"wp:attachment":[{"href":"https:\/\/cpka.pt\/bajattmontesalentejanos\/wp-json\/wp\/v2\/media?parent=3096"}],"wp:term":[{"taxonomy":"category","embeddable":true,"href":"https:\/\/cpka.pt\/bajattmontesalentejanos\/wp-json\/wp\/v2\/categories?post=3096"},{"taxonomy":"post_tag","embeddable":true,"href":"https:\/\/cpka.pt\/bajattmontesalentejanos\/wp-json\/wp\/v2\/tags?post=3096"}],"curies":[{"name":"wp","href":"https:\/\/api.w.org\/{rel}","templated":true}]}}