{"id":395,"date":"2020-12-14T14:11:00","date_gmt":"2020-12-14T14:11:00","guid":{"rendered":"https:\/\/cpka.pt\/bajattmontesalentejanos\/?p=395"},"modified":"2020-12-15T14:39:23","modified_gmt":"2020-12-15T14:39:23","slug":"mensagem-do-tiago-reis-vencedor-da-baja-tt-vindimas-do-alentejo","status":"publish","type":"post","link":"https:\/\/cpka.pt\/bajattmontesalentejanos\/2020\/12\/14\/mensagem-do-tiago-reis-vencedor-da-baja-tt-vindimas-do-alentejo\/","title":{"rendered":"Mensagem do Tiago Reis, Vencedor da Baja TT Vindimas do Alentejo"},"content":{"rendered":"\n<figure class=\"wp-block-image alignwide size-large\"><img loading=\"lazy\" decoding=\"async\" width=\"960\" height=\"640\" src=\"https:\/\/cpka.pt\/bajattmontesalentejanos\/wp-content\/uploads\/sites\/3\/2020\/12\/tiago-reis-baja-tt-vindimas-do-alentejo.jpg\" alt=\"\" class=\"wp-image-403\" srcset=\"https:\/\/cpka.pt\/bajattmontesalentejanos\/wp-content\/uploads\/sites\/3\/2020\/12\/tiago-reis-baja-tt-vindimas-do-alentejo.jpg 960w, https:\/\/cpka.pt\/bajattmontesalentejanos\/wp-content\/uploads\/sites\/3\/2020\/12\/tiago-reis-baja-tt-vindimas-do-alentejo-300x200.jpg 300w, https:\/\/cpka.pt\/bajattmontesalentejanos\/wp-content\/uploads\/sites\/3\/2020\/12\/tiago-reis-baja-tt-vindimas-do-alentejo-768x512.jpg 768w\" sizes=\"auto, (max-width: 960px) 100vw, 960px\" \/><figcaption>Tiago Reis | Valter Cardoso\nVencedores da Baja TT Vindimas do Alentejo | Auto<\/figcaption><\/figure>\n\n\n\n<p>Partimos para a Baja TT Vindimas do Alentejo na qualidade de Campe\u00f5es Nacionais de Todo-o-Terreno. Antes da prova, pairavam no ar d\u00favidas em rela\u00e7\u00e3o \u00e0 forma como a nova estrutura ia levar a cabo uma prova desta envergadura e sendo a abertura inaugural do Campeonato Portugu\u00eas de Todo-o-Terreno (CPTT) estaria \u00e0 altura de a organizar sem problemas? Decidimos avan\u00e7ar com a inscri\u00e7\u00e3o, cientes de que \u00edamos encontrar uma forte concorr\u00eancia dos nossos advers\u00e1rios, igualmente com boas viaturas. Previa-se uma Baja muito r\u00e1pida pelas bonitas plan\u00edcies alentejanas da regi\u00e3o de Beja e o facto de ser num trajecto novo e desconhecido para todos os pilotos era motivo de confian\u00e7a para a nossa equipa pois, assim, sair\u00edamos todos em p\u00e9 de igualdade.<\/p>\n\n\n\n<p>Partimos motivados para a defesa do t\u00edtulo e com a realiza\u00e7\u00e3o de um bom pr\u00f3logo, logo nos coloc\u00e1vamos nos primeiros lugares. O pr\u00f3logo j\u00e1 espelhava em parte a rapidez que se faziam prever dos sectores selectivos. Era muito r\u00e1pido e com imensos topos cegos que requeriam uma condu\u00e7\u00e3o r\u00e1pida, mas cuidada, mas que foi do agrado de todos os pilotos, inclusive do nosso.<\/p>\n\n\n\n<p>Arrancamos para o SS1 numa boa posi\u00e7\u00e3o para atacar os primeiros lugares e conseguimos mesmo impor um andamento fort\u00edssimo que nos permitiu chegar ao final na frente da caravana do CPTT. Foi um SS1 perfeito, sem falhas e que nos permitiu tirar mais algumas conclus\u00f5es do ritmo que era preciso impor para levar de vencidos os nossos advers\u00e1rios. Foi uma luta intensa durante os 151 kms do SS1 com pistas bem marcadas e sempre muito r\u00e1pidas. Quando chegamos ao final, comentamos um com o outro: \u201cisto assim \u00e9 andar muito e arriscar imenso. Andamos em modo: Extreme Full Attack\u201d. Felizmente tudo correu bem e a estrat\u00e9gia delineada tinha sido cumprida na \u00edntegra, pois partimos para o SS2 (no dia seguinte) na frente da prova.<\/p>\n\n\n\n<p>No SS2, e logo com a desist\u00eancia precoce do nosso advers\u00e1rio directo, a toada poderia ser outra, mas quer\u00edamos contudo vencer o ponto extra do sector selectivo e desse modo fomos vence-lo no final. Foi sem d\u00favida uma boa \u201ccolheita\u201d nesta Baja TT Vindimas do Alentejo pois trouxemos quase a pontua\u00e7\u00e3o m\u00e1xima (excepto o ponto do pr\u00f3logo).<\/p>\n\n\n\n<p>A primeira prova do CPTT foi sem d\u00favida uma agrad\u00e1vel surpresa para a nossa equipa e para quase todos os pilotos. A nossa vit\u00f3ria assentou como uma luva no seio da equipa e com esse resultado abrimos da melhor forma a temporada 2020 do CPTT.<\/p>\n\n\n\n<p>Na nossa opini\u00e3o, o CPKA fez um grande trabalho, quer a n\u00edvel promocional, quer a n\u00edvel organizativo da prova. Soube unir esfor\u00e7os com a SAR Motorismo que trouxe, entre outros detalhes organizativos, toda a sua experi\u00eancia na marca\u00e7\u00e3o dos percursos.<\/p>\n\n\n\n<p>No que diz respeito ao centro nevr\u00e1lgico da prova, fizeram uma excelente escolha com o esquema a ser montado no Parque de Feiras e Exposi\u00e7\u00f5es de Beja. Este s\u00edtio para al\u00e9m das excelentes condi\u00e7\u00f5es f\u00edsicas oferece um espa\u00e7o grande para montar toda a estrutura, que uma prova destas necessita.<\/p>\n\n\n\n<p>O CPKA ao reunir os parceiros essenciais, para organizar esta prova de excel\u00eancia colocou-a numa fasquia bem alta em rela\u00e7\u00e3o \u00e0s outras organiza\u00e7\u00f5es do CPTT.<br>Parab\u00e9ns CPKA, venha 2021 e que seja ainda melhor!<\/p>\n\n\n\n<p><em><strong>Texto: Tiago Reis, Vencedores da Baja TT Vindimas do Alentejo<\/strong><\/em><\/p>\n","protected":false},"excerpt":{"rendered":"<p>Partimos para a Baja TT Vindimas do Alentejo na qualidade de Campe\u00f5es Nacionais de Todo-o-Terreno. Antes da prova, pairavam no ar d\u00favidas em rela\u00e7\u00e3o \u00e0&hellip;<\/p>\n","protected":false},"author":1,"featured_media":403,"comment_status":"closed","ping_status":"closed","sticky":false,"template":"","format":"standard","meta":{"advgb_blocks_editor_width":"","advgb_blocks_columns_visual_guide":"","ngg_post_thumbnail":0,"footnotes":""},"categories":[1],"tags":[16],"class_list":["post-395","post","type-post","status-publish","format-standard","has-post-thumbnail","hentry","category-news2021","tag-auto"],"gutentor_comment":0,"rise-blocks_total_comments":0,"rise-blocks_categories":[{"term_id":1,"name":"Not\u00edcias 2021","slug":"news2021","term_group":0,"term_taxonomy_id":1,"taxonomy":"category","description":"","parent":0,"count":196,"filter":"raw","cat_ID":1,"category_count":196,"category_description":"","cat_name":"Not\u00edcias 2021","category_nicename":"news2021","category_parent":0}],"rise-blocks_excerpt":"Partimos para a Baja TT Vindimas do Alentejo na qualidade de Campe\u00f5es Nacionais de Todo-o-Terreno. Antes da prova, pairavam no ar d\u00favidas em rela\u00e7\u00e3o \u00e0 forma como a nova estrutura ia levar a cabo uma prova desta envergadura e sendo a abertura inaugural do Campeonato Portugu\u00eas de Todo-o-Terreno (CPTT) estaria \u00e0 altura de a organizar sem problemas? Decidimos avan\u00e7ar com..","aioseo_notices":[],"author_meta":{"display_name":"admin","author_link":"https:\/\/cpka.pt\/bajattmontesalentejanos\/author\/admin\/"},"featured_img":"https:\/\/cpka.pt\/bajattmontesalentejanos\/wp-content\/uploads\/sites\/3\/2020\/12\/tiago-reis-baja-tt-vindimas-do-alentejo-300x200.jpg","coauthors":[],"tax_additional":{"categories":{"linked":["<a href=\"https:\/\/cpka.pt\/bajattmontesalentejanos\/category\/news2021\/\" class=\"advgb-post-tax-term\">Not\u00edcias 2021<\/a>"],"unlinked":["<span class=\"advgb-post-tax-term\">Not\u00edcias 2021<\/span>"]},"tags":{"linked":["<a href=\"https:\/\/cpka.pt\/bajattmontesalentejanos\/category\/news2021\/\" class=\"advgb-post-tax-term\">AUTO<\/a>"],"unlinked":["<span class=\"advgb-post-tax-term\">AUTO<\/span>"]}},"comment_count":"0","relative_dates":{"created":"Posted 5 anos ago","modified":"Updated 5 anos ago"},"absolute_dates":{"created":"Posted on 14 de Dezembro, 2020","modified":"Updated on 15 de Dezembro, 2020"},"absolute_dates_time":{"created":"Posted on 14 de Dezembro, 2020 14:11","modified":"Updated on 15 de Dezembro, 2020 14:39"},"featured_img_caption":"Tiago Reis | Valter Cardoso\nVencedores da Baja TT Vindimas do Alentejo | Auto","series_order":"","_links":{"self":[{"href":"https:\/\/cpka.pt\/bajattmontesalentejanos\/wp-json\/wp\/v2\/posts\/395","targetHints":{"allow":["GET"]}}],"collection":[{"href":"https:\/\/cpka.pt\/bajattmontesalentejanos\/wp-json\/wp\/v2\/posts"}],"about":[{"href":"https:\/\/cpka.pt\/bajattmontesalentejanos\/wp-json\/wp\/v2\/types\/post"}],"author":[{"embeddable":true,"href":"https:\/\/cpka.pt\/bajattmontesalentejanos\/wp-json\/wp\/v2\/users\/1"}],"replies":[{"embeddable":true,"href":"https:\/\/cpka.pt\/bajattmontesalentejanos\/wp-json\/wp\/v2\/comments?post=395"}],"version-history":[{"count":1,"href":"https:\/\/cpka.pt\/bajattmontesalentejanos\/wp-json\/wp\/v2\/posts\/395\/revisions"}],"predecessor-version":[{"id":404,"href":"https:\/\/cpka.pt\/bajattmontesalentejanos\/wp-json\/wp\/v2\/posts\/395\/revisions\/404"}],"wp:featuredmedia":[{"embeddable":true,"href":"https:\/\/cpka.pt\/bajattmontesalentejanos\/wp-json\/wp\/v2\/media\/403"}],"wp:attachment":[{"href":"https:\/\/cpka.pt\/bajattmontesalentejanos\/wp-json\/wp\/v2\/media?parent=395"}],"wp:term":[{"taxonomy":"category","embeddable":true,"href":"https:\/\/cpka.pt\/bajattmontesalentejanos\/wp-json\/wp\/v2\/categories?post=395"},{"taxonomy":"post_tag","embeddable":true,"href":"https:\/\/cpka.pt\/bajattmontesalentejanos\/wp-json\/wp\/v2\/tags?post=395"}],"curies":[{"name":"wp","href":"https:\/\/api.w.org\/{rel}","templated":true}]}}