{"id":418,"date":"2020-12-15T16:29:43","date_gmt":"2020-12-15T16:29:43","guid":{"rendered":"https:\/\/cpka.pt\/bajattmontesalentejanos\/?p=418"},"modified":"2021-05-13T11:28:42","modified_gmt":"2021-05-13T11:28:42","slug":"pr-car-patrocinador-oficial-da-baja-tt-montes-alenejanos","status":"publish","type":"post","link":"https:\/\/cpka.pt\/bajattmontesalentejanos\/2020\/12\/15\/pr-car-patrocinador-oficial-da-baja-tt-montes-alenejanos\/","title":{"rendered":"PR Car Patrocinador Oficial da Baja TT Montes Alentejanos"},"content":{"rendered":"\n<div class=\"wp-block-image\"><figure class=\"alignright size-large is-resized\"><a href=\"https:\/\/prcar.pt\/\"><img loading=\"lazy\" decoding=\"async\" src=\"https:\/\/cpka.pt\/bajattmontesalentejanos\/wp-content\/uploads\/sites\/3\/2020\/12\/pr-car-pt.jpg\" alt=\"\" class=\"wp-image-419\" width=\"382\" height=\"255\" srcset=\"https:\/\/cpka.pt\/bajattmontesalentejanos\/wp-content\/uploads\/sites\/3\/2020\/12\/pr-car-pt.jpg 960w, https:\/\/cpka.pt\/bajattmontesalentejanos\/wp-content\/uploads\/sites\/3\/2020\/12\/pr-car-pt-300x200.jpg 300w, https:\/\/cpka.pt\/bajattmontesalentejanos\/wp-content\/uploads\/sites\/3\/2020\/12\/pr-car-pt-768x512.jpg 768w\" sizes=\"auto, (max-width: 382px) 100vw, 382px\" \/><\/a><\/figure><\/div>\n\n\n\n<p>\u00c9 com enorme satisfa\u00e7\u00e3o, que o CPKA comunica, que a PR Car \u00e9 Patrocinadora Oficial da Baja TT Montes Alentejanos, que em 2021, vai ter novamente a honra de ser a primeira prova do Campeonato de Portugal de Todo o Terreno e Ta\u00e7a de Portugal em Autos, e a segunda prova do Campeonato de Portugal de Todo o Terrenos em SSV, Moto e Quad.<\/p>\n\n\n\n<p>A PR Car, que se dedica exclusivamente \u00e0 comercializa\u00e7\u00e3o de viaturas usadas, \u00e9 uma das empresas, do universo do grupo de empresas de Pedro Ruivo, piloto de Portalegre e grande entusiasta do Todo o Terreno, n\u00e3o s\u00f3 como piloto, mas tamb\u00e9m como patrocinador de pilotos, equipas e provas.<\/p>\n\n\n\n<p>E por falar em provas\u2026 voc\u00ea, que vai participar na Baja TT Montes Alentejanos j\u00e1 pensou em ter a sua \u201cInscri\u00e7\u00e3o de Borla\u201d?<\/p>\n\n\n\n<p>Ent\u00e3o fique atento, porque a qualquer momento, vamos desvendar uma excelente not\u00edcia sobre este assunto!<\/p>\n\n\n\n<p>Visite o site do novo patrocinador: <a href=\"https:\/\/prcar.pt\"><strong>https:\/\/prcar.pt<\/strong><\/a><\/p>\n\n\n\n<p><strong><em>Texto: CPKA<\/em><\/strong><\/p>\n","protected":false},"excerpt":{"rendered":"<p>\u00c9 com enorme satisfa\u00e7\u00e3o, que o CPKA comunica, que a PR Car \u00e9 Patrocinadora Oficial da Baja TT Montes Alentejanos, que em 2021, vai ter&hellip;<\/p>\n","protected":false},"author":1,"featured_media":419,"comment_status":"closed","ping_status":"closed","sticky":false,"template":"","format":"standard","meta":{"advgb_blocks_editor_width":"","advgb_blocks_columns_visual_guide":"","ngg_post_thumbnail":0,"footnotes":""},"categories":[1,8],"tags":[16,15,14],"class_list":["post-418","post","type-post","status-publish","format-standard","has-post-thumbnail","hentry","category-news2021","category-patrocinadores","tag-auto","tag-quad","tag-ssv"],"gutentor_comment":0,"rise-blocks_total_comments":0,"rise-blocks_categories":[{"term_id":1,"name":"Not\u00edcias 2021","slug":"news2021","term_group":0,"term_taxonomy_id":1,"taxonomy":"category","description":"","parent":0,"count":196,"filter":"raw","cat_ID":1,"category_count":196,"category_description":"","cat_name":"Not\u00edcias 2021","category_nicename":"news2021","category_parent":0},{"term_id":8,"name":"Patrocinadores","slug":"patrocinadores","term_group":0,"term_taxonomy_id":8,"taxonomy":"category","description":"","parent":0,"count":6,"filter":"raw","cat_ID":8,"category_count":6,"category_description":"","cat_name":"Patrocinadores","category_nicename":"patrocinadores","category_parent":0}],"rise-blocks_excerpt":"\u00c9 com enorme satisfa\u00e7\u00e3o, que o CPKA comunica, que a PR Car \u00e9 Patrocinadora Oficial da Baja TT Montes Alentejanos, que em 2021, vai ter novamente a honra de ser a primeira prova do Campeonato de Portugal de Todo o Terreno e Ta\u00e7a de Portugal em Autos, e a segunda prova do Campeonato de Portugal de Todo o Terrenos em..","aioseo_notices":[],"author_meta":{"display_name":"admin","author_link":"https:\/\/cpka.pt\/bajattmontesalentejanos\/author\/admin\/"},"featured_img":"https:\/\/cpka.pt\/bajattmontesalentejanos\/wp-content\/uploads\/sites\/3\/2020\/12\/pr-car-pt-300x200.jpg","coauthors":[],"tax_additional":{"categories":{"linked":["<a href=\"https:\/\/cpka.pt\/bajattmontesalentejanos\/category\/news2021\/\" class=\"advgb-post-tax-term\">Not\u00edcias 2021<\/a>","<a href=\"https:\/\/cpka.pt\/bajattmontesalentejanos\/category\/patrocinadores\/\" class=\"advgb-post-tax-term\">Patrocinadores<\/a>"],"unlinked":["<span class=\"advgb-post-tax-term\">Not\u00edcias 2021<\/span>","<span class=\"advgb-post-tax-term\">Patrocinadores<\/span>"]},"tags":{"linked":["<a href=\"https:\/\/cpka.pt\/bajattmontesalentejanos\/category\/patrocinadores\/\" class=\"advgb-post-tax-term\">AUTO<\/a>","<a href=\"https:\/\/cpka.pt\/bajattmontesalentejanos\/category\/patrocinadores\/\" class=\"advgb-post-tax-term\">QUAD<\/a>","<a href=\"https:\/\/cpka.pt\/bajattmontesalentejanos\/category\/patrocinadores\/\" class=\"advgb-post-tax-term\">SSV<\/a>"],"unlinked":["<span class=\"advgb-post-tax-term\">AUTO<\/span>","<span class=\"advgb-post-tax-term\">QUAD<\/span>","<span class=\"advgb-post-tax-term\">SSV<\/span>"]}},"comment_count":"0","relative_dates":{"created":"Posted 5 anos ago","modified":"Updated 5 anos ago"},"absolute_dates":{"created":"Posted on 15 de Dezembro, 2020","modified":"Updated on 13 de Maio, 2021"},"absolute_dates_time":{"created":"Posted on 15 de Dezembro, 2020 16:29","modified":"Updated on 13 de Maio, 2021 11:28"},"featured_img_caption":"","series_order":"","_links":{"self":[{"href":"https:\/\/cpka.pt\/bajattmontesalentejanos\/wp-json\/wp\/v2\/posts\/418","targetHints":{"allow":["GET"]}}],"collection":[{"href":"https:\/\/cpka.pt\/bajattmontesalentejanos\/wp-json\/wp\/v2\/posts"}],"about":[{"href":"https:\/\/cpka.pt\/bajattmontesalentejanos\/wp-json\/wp\/v2\/types\/post"}],"author":[{"embeddable":true,"href":"https:\/\/cpka.pt\/bajattmontesalentejanos\/wp-json\/wp\/v2\/users\/1"}],"replies":[{"embeddable":true,"href":"https:\/\/cpka.pt\/bajattmontesalentejanos\/wp-json\/wp\/v2\/comments?post=418"}],"version-history":[{"count":2,"href":"https:\/\/cpka.pt\/bajattmontesalentejanos\/wp-json\/wp\/v2\/posts\/418\/revisions"}],"predecessor-version":[{"id":421,"href":"https:\/\/cpka.pt\/bajattmontesalentejanos\/wp-json\/wp\/v2\/posts\/418\/revisions\/421"}],"wp:featuredmedia":[{"embeddable":true,"href":"https:\/\/cpka.pt\/bajattmontesalentejanos\/wp-json\/wp\/v2\/media\/419"}],"wp:attachment":[{"href":"https:\/\/cpka.pt\/bajattmontesalentejanos\/wp-json\/wp\/v2\/media?parent=418"}],"wp:term":[{"taxonomy":"category","embeddable":true,"href":"https:\/\/cpka.pt\/bajattmontesalentejanos\/wp-json\/wp\/v2\/categories?post=418"},{"taxonomy":"post_tag","embeddable":true,"href":"https:\/\/cpka.pt\/bajattmontesalentejanos\/wp-json\/wp\/v2\/tags?post=418"}],"curies":[{"name":"wp","href":"https:\/\/api.w.org\/{rel}","templated":true}]}}