{"id":551,"date":"2020-12-16T17:36:00","date_gmt":"2020-12-16T17:36:00","guid":{"rendered":"https:\/\/cpka.pt\/bajattmontesalentejanos\/?p=551"},"modified":"2020-12-17T18:00:48","modified_gmt":"2020-12-17T18:00:48","slug":"mensagem-de-francisco-gil-patrocinador-da-baja-tt","status":"publish","type":"post","link":"https:\/\/cpka.pt\/bajattmontesalentejanos\/2020\/12\/16\/mensagem-de-francisco-gil-patrocinador-da-baja-tt\/","title":{"rendered":"Mensagem de Francisco Gil | Patrocinador &#8211; F GIL Autom\u00f3veis"},"content":{"rendered":"\n<div class=\"wp-block-image\"><figure class=\"alignright size-large\"><img loading=\"lazy\" decoding=\"async\" width=\"226\" height=\"320\" src=\"https:\/\/cpka.pt\/bajattmontesalentejanos\/wp-content\/uploads\/sites\/3\/2020\/12\/francisco-gil.png\" alt=\"\" class=\"wp-image-555\" srcset=\"https:\/\/cpka.pt\/bajattmontesalentejanos\/wp-content\/uploads\/sites\/3\/2020\/12\/francisco-gil.png 226w, https:\/\/cpka.pt\/bajattmontesalentejanos\/wp-content\/uploads\/sites\/3\/2020\/12\/francisco-gil-212x300.png 212w\" sizes=\"auto, (max-width: 226px) 100vw, 226px\" \/><figcaption>Francisco Gil, patrocinador<\/figcaption><\/figure><\/div>\n\n\n\n<p>Desde o primeiro momento em que o Humberto Silva falou comigo acerca desta corrida, que percebi que estariam reunidas todas as condi\u00e7\u00f5es para uma excelente prova.<br>Apesar de n\u00e3o ter participado como concorrente como inicialmente estava previsto, tive oportunidade de perceber o empenho, que a organiza\u00e7\u00e3o dedicou \u00e0 realiza\u00e7\u00e3o desta corrida.<br>As condi\u00e7\u00f5es dos v\u00e1rios parques e das pistas mereceram nota muito positiva por parte dos concorrentes, pelo que a F GIL Autom\u00f3veis se congratula tamb\u00e9m por ter dado o seu contributo \u00e0 realiza\u00e7\u00e3o da Baja TT Vindimas do Alentejo.<br>Esta Baja fez regressar o Todo o Terreno \u00e0 regi\u00e3o de Beja, uma zona do nosso pa\u00eds, que foi muito importante para o crescimento da modalidade e onde se escreveram das mais belas p\u00e1ginas desta modalidade.<br>Depois do sucesso da edi\u00e7\u00e3o de 2020, mal podemos esperar pela pr\u00f3xima, que agora volta a ser novamente a \u201cBaja TT Montes Alentejanos\u201d!<\/p>\n\n\n\n<p><em><strong>Texto: Francisco Gil (Patrocinador)<\/strong><\/em><\/p>\n\n\n\n<figure class=\"wp-block-image size-large\"><img loading=\"lazy\" decoding=\"async\" width=\"900\" height=\"538\" src=\"https:\/\/cpka.pt\/bajattmontesalentejanos\/wp-content\/uploads\/sites\/3\/2020\/12\/f-gil-automoveis.jpg\" alt=\"\" class=\"wp-image-556\" srcset=\"https:\/\/cpka.pt\/bajattmontesalentejanos\/wp-content\/uploads\/sites\/3\/2020\/12\/f-gil-automoveis.jpg 900w, https:\/\/cpka.pt\/bajattmontesalentejanos\/wp-content\/uploads\/sites\/3\/2020\/12\/f-gil-automoveis-300x179.jpg 300w, https:\/\/cpka.pt\/bajattmontesalentejanos\/wp-content\/uploads\/sites\/3\/2020\/12\/f-gil-automoveis-768x459.jpg 768w\" sizes=\"auto, (max-width: 900px) 100vw, 900px\" \/><\/figure>\n","protected":false},"excerpt":{"rendered":"<p>Desde o primeiro momento em que o Humberto Silva falou comigo acerca desta corrida, que percebi que estariam reunidas todas as condi\u00e7\u00f5es para uma excelente&hellip;<\/p>\n","protected":false},"author":1,"featured_media":556,"comment_status":"closed","ping_status":"closed","sticky":false,"template":"","format":"standard","meta":{"advgb_blocks_editor_width":"","advgb_blocks_columns_visual_guide":"","ngg_post_thumbnail":0,"footnotes":""},"categories":[1],"tags":[16,17,15,14],"class_list":["post-551","post","type-post","status-publish","format-standard","has-post-thumbnail","hentry","category-news2021","tag-auto","tag-moto","tag-quad","tag-ssv"],"gutentor_comment":0,"rise-blocks_total_comments":0,"rise-blocks_categories":[{"term_id":1,"name":"Not\u00edcias 2021","slug":"news2021","term_group":0,"term_taxonomy_id":1,"taxonomy":"category","description":"","parent":0,"count":196,"filter":"raw","cat_ID":1,"category_count":196,"category_description":"","cat_name":"Not\u00edcias 2021","category_nicename":"news2021","category_parent":0}],"rise-blocks_excerpt":"Desde o primeiro momento em que o Humberto Silva falou comigo acerca desta corrida, que percebi que estariam reunidas todas as condi\u00e7\u00f5es para uma excelente prova.Apesar de n\u00e3o ter participado como concorrente como inicialmente estava previsto, tive oportunidade de perceber o empenho, que a organiza\u00e7\u00e3o dedicou \u00e0 realiza\u00e7\u00e3o desta corrida.As condi\u00e7\u00f5es dos v\u00e1rios parques e das pistas mereceram nota muito..","aioseo_notices":[],"author_meta":{"display_name":"admin","author_link":"https:\/\/cpka.pt\/bajattmontesalentejanos\/author\/admin\/"},"featured_img":"https:\/\/cpka.pt\/bajattmontesalentejanos\/wp-content\/uploads\/sites\/3\/2020\/12\/f-gil-automoveis-300x179.jpg","coauthors":[],"tax_additional":{"categories":{"linked":["<a href=\"https:\/\/cpka.pt\/bajattmontesalentejanos\/category\/news2021\/\" class=\"advgb-post-tax-term\">Not\u00edcias 2021<\/a>"],"unlinked":["<span class=\"advgb-post-tax-term\">Not\u00edcias 2021<\/span>"]},"tags":{"linked":["<a href=\"https:\/\/cpka.pt\/bajattmontesalentejanos\/category\/news2021\/\" class=\"advgb-post-tax-term\">AUTO<\/a>","<a href=\"https:\/\/cpka.pt\/bajattmontesalentejanos\/category\/news2021\/\" class=\"advgb-post-tax-term\">MOTO<\/a>","<a href=\"https:\/\/cpka.pt\/bajattmontesalentejanos\/category\/news2021\/\" class=\"advgb-post-tax-term\">QUAD<\/a>","<a href=\"https:\/\/cpka.pt\/bajattmontesalentejanos\/category\/news2021\/\" class=\"advgb-post-tax-term\">SSV<\/a>"],"unlinked":["<span class=\"advgb-post-tax-term\">AUTO<\/span>","<span class=\"advgb-post-tax-term\">MOTO<\/span>","<span class=\"advgb-post-tax-term\">QUAD<\/span>","<span class=\"advgb-post-tax-term\">SSV<\/span>"]}},"comment_count":"0","relative_dates":{"created":"Posted 5 anos ago","modified":"Updated 5 anos ago"},"absolute_dates":{"created":"Posted on 16 de Dezembro, 2020","modified":"Updated on 17 de Dezembro, 2020"},"absolute_dates_time":{"created":"Posted on 16 de Dezembro, 2020 17:36","modified":"Updated on 17 de Dezembro, 2020 18:00"},"featured_img_caption":"","series_order":"","_links":{"self":[{"href":"https:\/\/cpka.pt\/bajattmontesalentejanos\/wp-json\/wp\/v2\/posts\/551","targetHints":{"allow":["GET"]}}],"collection":[{"href":"https:\/\/cpka.pt\/bajattmontesalentejanos\/wp-json\/wp\/v2\/posts"}],"about":[{"href":"https:\/\/cpka.pt\/bajattmontesalentejanos\/wp-json\/wp\/v2\/types\/post"}],"author":[{"embeddable":true,"href":"https:\/\/cpka.pt\/bajattmontesalentejanos\/wp-json\/wp\/v2\/users\/1"}],"replies":[{"embeddable":true,"href":"https:\/\/cpka.pt\/bajattmontesalentejanos\/wp-json\/wp\/v2\/comments?post=551"}],"version-history":[{"count":3,"href":"https:\/\/cpka.pt\/bajattmontesalentejanos\/wp-json\/wp\/v2\/posts\/551\/revisions"}],"predecessor-version":[{"id":562,"href":"https:\/\/cpka.pt\/bajattmontesalentejanos\/wp-json\/wp\/v2\/posts\/551\/revisions\/562"}],"wp:featuredmedia":[{"embeddable":true,"href":"https:\/\/cpka.pt\/bajattmontesalentejanos\/wp-json\/wp\/v2\/media\/556"}],"wp:attachment":[{"href":"https:\/\/cpka.pt\/bajattmontesalentejanos\/wp-json\/wp\/v2\/media?parent=551"}],"wp:term":[{"taxonomy":"category","embeddable":true,"href":"https:\/\/cpka.pt\/bajattmontesalentejanos\/wp-json\/wp\/v2\/categories?post=551"},{"taxonomy":"post_tag","embeddable":true,"href":"https:\/\/cpka.pt\/bajattmontesalentejanos\/wp-json\/wp\/v2\/tags?post=551"}],"curies":[{"name":"wp","href":"https:\/\/api.w.org\/{rel}","templated":true}]}}