{"id":558,"date":"2020-12-17T18:05:24","date_gmt":"2020-12-17T18:05:24","guid":{"rendered":"https:\/\/cpka.pt\/bajattmontesalentejanos\/?p=558"},"modified":"2023-01-02T16:01:58","modified_gmt":"2023-01-02T16:01:58","slug":"sorteio-de-4-inscricoes-e-periodo-inscricao-com-desconto","status":"publish","type":"post","link":"https:\/\/cpka.pt\/bajattmontesalentejanos\/2020\/12\/17\/sorteio-de-4-inscricoes-e-periodo-inscricao-com-desconto\/","title":{"rendered":"Sorteio de 4 inscri\u00e7\u00f5es e periodo inscri\u00e7\u00e3o com desconto"},"content":{"rendered":"\n<figure class=\"wp-block-image size-large\"><img loading=\"lazy\" decoding=\"async\" width=\"1024\" height=\"669\" src=\"https:\/\/cpka.pt\/bajattmontesalentejanos\/wp-content\/uploads\/sites\/3\/2020\/12\/A-Gallery-1024x669.jpg\" alt=\"\" class=\"wp-image-569\" srcset=\"https:\/\/cpka.pt\/bajattmontesalentejanos\/wp-content\/uploads\/sites\/3\/2020\/12\/A-Gallery-1024x669.jpg 1024w, https:\/\/cpka.pt\/bajattmontesalentejanos\/wp-content\/uploads\/sites\/3\/2020\/12\/A-Gallery-300x196.jpg 300w, https:\/\/cpka.pt\/bajattmontesalentejanos\/wp-content\/uploads\/sites\/3\/2020\/12\/A-Gallery-768x501.jpg 768w, https:\/\/cpka.pt\/bajattmontesalentejanos\/wp-content\/uploads\/sites\/3\/2020\/12\/A-Gallery-1536x1003.jpg 1536w, https:\/\/cpka.pt\/bajattmontesalentejanos\/wp-content\/uploads\/sites\/3\/2020\/12\/A-Gallery-2048x1337.jpg 2048w, https:\/\/cpka.pt\/bajattmontesalentejanos\/wp-content\/uploads\/sites\/3\/2020\/12\/A-Gallery-1170x764.jpg 1170w\" sizes=\"auto, (max-width: 1024px) 100vw, 1024px\" \/><\/figure>\n\n\n\n<p>A partir de hoje 17 de dezembro, as inscri\u00e7\u00f5es para a Baja TT Montes Alentejanos encontram-se abertas.<br>O prazo para os concorrentes beneficiarem de um desconto e ficarem habilitados automaticamente ao sorteio de quatro (4) Inscri\u00e7\u00f5es, decorre at\u00e9 dia 5 de janeiro.<br>O per\u00edodo normal de inscri\u00e7\u00f5es na prova vai decorrer at\u00e9 ao dia 25 de fevereiro.<br>O sorteio* de quatro (4) Inscri\u00e7\u00f5es, uma (1) por cada categoria, que conta com o patroc\u00ednio da PR CAR, ser\u00e1 efetuado no dia 9 de janeiro pelas 18.00 horas em direto no facebook.<br>No site da Baja TT Montes Alentejanos, os interessados em se inscrever podem aceder aos Boletins de Inscri\u00e7\u00e3o e a todas as Informa\u00e7\u00f5es Adicionais em: <a href=\"https:\/\/cpka.pt\/bajattmontesalentejanos\/informacoes-adicionais\/\">https:\/\/cpka.pt\/bajattmontesalentejanos\/informacoes-adicionais\/<\/a><br>Para informa\u00e7\u00f5es suplementares, as mesmas podem ser solicitadas pelo seguinte e-mail: <strong>cpka.direcao@gmail.com<\/strong><br>\u2022 Nota<br>Os Regulamentos Particulares das Provas, aguardam aprova\u00e7\u00e3o da FPAK e da FMP, sendo os mesmo publicados brevemente.<\/p>\n\n\n\n<p><em><strong>Texto: Baja TT Montes Alentejanos<\/strong><\/em><\/p>\n","protected":false},"excerpt":{"rendered":"<p>A partir de hoje 17 de dezembro, as inscri\u00e7\u00f5es para a Baja TT Montes Alentejanos encontram-se abertas.O prazo para os concorrentes beneficiarem de um desconto&hellip;<\/p>\n","protected":false},"author":1,"featured_media":569,"comment_status":"closed","ping_status":"closed","sticky":false,"template":"","format":"standard","meta":{"advgb_blocks_editor_width":"","advgb_blocks_columns_visual_guide":"","ngg_post_thumbnail":0,"footnotes":""},"categories":[1],"tags":[16,17,15,14],"class_list":["post-558","post","type-post","status-publish","format-standard","has-post-thumbnail","hentry","category-news2021","tag-auto","tag-moto","tag-quad","tag-ssv"],"gutentor_comment":0,"rise-blocks_total_comments":0,"rise-blocks_categories":[{"term_id":1,"name":"Not\u00edcias 2021","slug":"news2021","term_group":0,"term_taxonomy_id":1,"taxonomy":"category","description":"","parent":0,"count":196,"filter":"raw","cat_ID":1,"category_count":196,"category_description":"","cat_name":"Not\u00edcias 2021","category_nicename":"news2021","category_parent":0}],"rise-blocks_excerpt":"A partir de hoje 17 de dezembro, as inscri\u00e7\u00f5es para a Baja TT Montes Alentejanos encontram-se abertas.O prazo para os concorrentes beneficiarem de um desconto e ficarem habilitados automaticamente ao sorteio de quatro (4) Inscri\u00e7\u00f5es, decorre at\u00e9 dia 5 de janeiro.O per\u00edodo normal de inscri\u00e7\u00f5es na prova vai decorrer at\u00e9 ao dia 25 de fevereiro.O sorteio* de quatro (4) Inscri\u00e7\u00f5es,..","aioseo_notices":[],"author_meta":{"display_name":"admin","author_link":"https:\/\/cpka.pt\/bajattmontesalentejanos\/author\/admin\/"},"featured_img":"https:\/\/cpka.pt\/bajattmontesalentejanos\/wp-content\/uploads\/sites\/3\/2020\/12\/A-Gallery-300x196.jpg","coauthors":[],"tax_additional":{"categories":{"linked":["<a href=\"https:\/\/cpka.pt\/bajattmontesalentejanos\/category\/news2021\/\" class=\"advgb-post-tax-term\">Not\u00edcias 2021<\/a>"],"unlinked":["<span class=\"advgb-post-tax-term\">Not\u00edcias 2021<\/span>"]},"tags":{"linked":["<a href=\"https:\/\/cpka.pt\/bajattmontesalentejanos\/category\/news2021\/\" class=\"advgb-post-tax-term\">AUTO<\/a>","<a href=\"https:\/\/cpka.pt\/bajattmontesalentejanos\/category\/news2021\/\" class=\"advgb-post-tax-term\">MOTO<\/a>","<a href=\"https:\/\/cpka.pt\/bajattmontesalentejanos\/category\/news2021\/\" class=\"advgb-post-tax-term\">QUAD<\/a>","<a href=\"https:\/\/cpka.pt\/bajattmontesalentejanos\/category\/news2021\/\" class=\"advgb-post-tax-term\">SSV<\/a>"],"unlinked":["<span class=\"advgb-post-tax-term\">AUTO<\/span>","<span class=\"advgb-post-tax-term\">MOTO<\/span>","<span class=\"advgb-post-tax-term\">QUAD<\/span>","<span class=\"advgb-post-tax-term\">SSV<\/span>"]}},"comment_count":"0","relative_dates":{"created":"Posted 5 anos ago","modified":"Updated 3 anos ago"},"absolute_dates":{"created":"Posted on 17 de Dezembro, 2020","modified":"Updated on 2 de Janeiro, 2023"},"absolute_dates_time":{"created":"Posted on 17 de Dezembro, 2020 18:05","modified":"Updated on 2 de Janeiro, 2023 16:01"},"featured_img_caption":"","series_order":"","_links":{"self":[{"href":"https:\/\/cpka.pt\/bajattmontesalentejanos\/wp-json\/wp\/v2\/posts\/558","targetHints":{"allow":["GET"]}}],"collection":[{"href":"https:\/\/cpka.pt\/bajattmontesalentejanos\/wp-json\/wp\/v2\/posts"}],"about":[{"href":"https:\/\/cpka.pt\/bajattmontesalentejanos\/wp-json\/wp\/v2\/types\/post"}],"author":[{"embeddable":true,"href":"https:\/\/cpka.pt\/bajattmontesalentejanos\/wp-json\/wp\/v2\/users\/1"}],"replies":[{"embeddable":true,"href":"https:\/\/cpka.pt\/bajattmontesalentejanos\/wp-json\/wp\/v2\/comments?post=558"}],"version-history":[{"count":2,"href":"https:\/\/cpka.pt\/bajattmontesalentejanos\/wp-json\/wp\/v2\/posts\/558\/revisions"}],"predecessor-version":[{"id":571,"href":"https:\/\/cpka.pt\/bajattmontesalentejanos\/wp-json\/wp\/v2\/posts\/558\/revisions\/571"}],"wp:featuredmedia":[{"embeddable":true,"href":"https:\/\/cpka.pt\/bajattmontesalentejanos\/wp-json\/wp\/v2\/media\/569"}],"wp:attachment":[{"href":"https:\/\/cpka.pt\/bajattmontesalentejanos\/wp-json\/wp\/v2\/media?parent=558"}],"wp:term":[{"taxonomy":"category","embeddable":true,"href":"https:\/\/cpka.pt\/bajattmontesalentejanos\/wp-json\/wp\/v2\/categories?post=558"},{"taxonomy":"post_tag","embeddable":true,"href":"https:\/\/cpka.pt\/bajattmontesalentejanos\/wp-json\/wp\/v2\/tags?post=558"}],"curies":[{"name":"wp","href":"https:\/\/api.w.org\/{rel}","templated":true}]}}