{"id":577,"date":"2020-12-18T15:52:12","date_gmt":"2020-12-18T15:52:12","guid":{"rendered":"https:\/\/cpka.pt\/bajattmontesalentejanos\/?p=577"},"modified":"2021-01-04T14:02:23","modified_gmt":"2021-01-04T14:02:23","slug":"dekra-renova-apoio-a-baja-tt-montes-alentejanos","status":"publish","type":"post","link":"https:\/\/cpka.pt\/bajattmontesalentejanos\/2020\/12\/18\/dekra-renova-apoio-a-baja-tt-montes-alentejanos\/","title":{"rendered":"DEKRA Renova apoio \u00e0 Baja TT Montes Alentejanos"},"content":{"rendered":"\n<figure class=\"wp-block-image alignwide size-large\"><img loading=\"lazy\" decoding=\"async\" width=\"884\" height=\"193\" src=\"https:\/\/cpka.pt\/bajattmontesalentejanos\/wp-content\/uploads\/sites\/3\/2020\/12\/Dekra-1.jpg\" alt=\"\" class=\"wp-image-617\" srcset=\"https:\/\/cpka.pt\/bajattmontesalentejanos\/wp-content\/uploads\/sites\/3\/2020\/12\/Dekra-1.jpg 884w, https:\/\/cpka.pt\/bajattmontesalentejanos\/wp-content\/uploads\/sites\/3\/2020\/12\/Dekra-1-300x65.jpg 300w, https:\/\/cpka.pt\/bajattmontesalentejanos\/wp-content\/uploads\/sites\/3\/2020\/12\/Dekra-1-768x168.jpg 768w\" sizes=\"auto, (max-width: 884px) 100vw, 884px\" \/><\/figure>\n\n\n\n<p>\u00c9 com enorme satisfa\u00e7\u00e3o, que o CPKA anuncia a renova\u00e7\u00e3o do patroc\u00ednio oficial da Dekra Portugal, para a Baja TT Montes Alentejanos 2021.<\/p>\n\n\n\n<p>A DEKRA que \u00e9 l\u00edder mundial, como entidade independente, na presta\u00e7\u00e3o de servi\u00e7os t\u00e9cnicos, certifica\u00e7\u00e3o e consultoria e est\u00e1 presente em mais de 50 pa\u00edses, com mais de 40.000 colaboradores, tendo como principal miss\u00e3o preservar a seguran\u00e7a a longo prazo e a prote\u00e7\u00e3o e qualidade do meio ambiente.<\/p>\n\n\n\n<p>Em Portugal, a DEKRA est\u00e1 presente desde 1991 e disponibiliza servi\u00e7os de consultoria e gest\u00e3o para o setor autom\u00f3vel em geral e servi\u00e7os de gest\u00e3o, peritagem e regulariza\u00e7\u00e3o de sinistros para o setor segurador.<\/p>\n\n\n\n<p>Mais do que um prestador de servi\u00e7os a DEKRA \u00e9 um parceiro independente junto dos seus clientes.<\/p>\n\n\n\n<p><strong><em>Texto: CPKA<\/em><\/strong><\/p>\n","protected":false},"excerpt":{"rendered":"<p>\u00c9 com enorme satisfa\u00e7\u00e3o, que o CPKA anuncia a renova\u00e7\u00e3o do patroc\u00ednio oficial da Dekra Portugal, para a Baja TT Montes Alentejanos 2021. A DEKRA&hellip;<\/p>\n","protected":false},"author":1,"featured_media":620,"comment_status":"closed","ping_status":"closed","sticky":false,"template":"","format":"standard","meta":{"advgb_blocks_editor_width":"","advgb_blocks_columns_visual_guide":"","ngg_post_thumbnail":0,"footnotes":""},"categories":[1,8],"tags":[16,17,15,14],"class_list":["post-577","post","type-post","status-publish","format-standard","has-post-thumbnail","hentry","category-news2021","category-patrocinadores","tag-auto","tag-moto","tag-quad","tag-ssv"],"gutentor_comment":0,"rise-blocks_total_comments":0,"rise-blocks_categories":[{"term_id":1,"name":"Not\u00edcias 2021","slug":"news2021","term_group":0,"term_taxonomy_id":1,"taxonomy":"category","description":"","parent":0,"count":196,"filter":"raw","cat_ID":1,"category_count":196,"category_description":"","cat_name":"Not\u00edcias 2021","category_nicename":"news2021","category_parent":0},{"term_id":8,"name":"Patrocinadores","slug":"patrocinadores","term_group":0,"term_taxonomy_id":8,"taxonomy":"category","description":"","parent":0,"count":6,"filter":"raw","cat_ID":8,"category_count":6,"category_description":"","cat_name":"Patrocinadores","category_nicename":"patrocinadores","category_parent":0}],"rise-blocks_excerpt":"\u00c9 com enorme satisfa\u00e7\u00e3o, que o CPKA anuncia a renova\u00e7\u00e3o do patroc\u00ednio oficial da Dekra Portugal, para a Baja TT Montes Alentejanos 2021. A DEKRA que \u00e9 l\u00edder mundial, como entidade independente, na presta\u00e7\u00e3o de servi\u00e7os t\u00e9cnicos, certifica\u00e7\u00e3o e consultoria e est\u00e1 presente em mais de 50 pa\u00edses, com mais de 40.000 colaboradores, tendo como principal miss\u00e3o preservar a seguran\u00e7a..","aioseo_notices":[],"author_meta":{"display_name":"admin","author_link":"https:\/\/cpka.pt\/bajattmontesalentejanos\/author\/admin\/"},"featured_img":"https:\/\/cpka.pt\/bajattmontesalentejanos\/wp-content\/uploads\/sites\/3\/2020\/12\/dekra-noticia-2-300x180.jpg","coauthors":[],"tax_additional":{"categories":{"linked":["<a href=\"https:\/\/cpka.pt\/bajattmontesalentejanos\/category\/news2021\/\" class=\"advgb-post-tax-term\">Not\u00edcias 2021<\/a>","<a href=\"https:\/\/cpka.pt\/bajattmontesalentejanos\/category\/patrocinadores\/\" class=\"advgb-post-tax-term\">Patrocinadores<\/a>"],"unlinked":["<span class=\"advgb-post-tax-term\">Not\u00edcias 2021<\/span>","<span class=\"advgb-post-tax-term\">Patrocinadores<\/span>"]},"tags":{"linked":["<a href=\"https:\/\/cpka.pt\/bajattmontesalentejanos\/category\/patrocinadores\/\" class=\"advgb-post-tax-term\">AUTO<\/a>","<a href=\"https:\/\/cpka.pt\/bajattmontesalentejanos\/category\/patrocinadores\/\" class=\"advgb-post-tax-term\">MOTO<\/a>","<a href=\"https:\/\/cpka.pt\/bajattmontesalentejanos\/category\/patrocinadores\/\" class=\"advgb-post-tax-term\">QUAD<\/a>","<a href=\"https:\/\/cpka.pt\/bajattmontesalentejanos\/category\/patrocinadores\/\" class=\"advgb-post-tax-term\">SSV<\/a>"],"unlinked":["<span class=\"advgb-post-tax-term\">AUTO<\/span>","<span class=\"advgb-post-tax-term\">MOTO<\/span>","<span class=\"advgb-post-tax-term\">QUAD<\/span>","<span class=\"advgb-post-tax-term\">SSV<\/span>"]}},"comment_count":"0","relative_dates":{"created":"Posted 5 anos ago","modified":"Updated 5 anos ago"},"absolute_dates":{"created":"Posted on 18 de Dezembro, 2020","modified":"Updated on 4 de Janeiro, 2021"},"absolute_dates_time":{"created":"Posted on 18 de Dezembro, 2020 15:52","modified":"Updated on 4 de Janeiro, 2021 14:02"},"featured_img_caption":"","series_order":"","_links":{"self":[{"href":"https:\/\/cpka.pt\/bajattmontesalentejanos\/wp-json\/wp\/v2\/posts\/577","targetHints":{"allow":["GET"]}}],"collection":[{"href":"https:\/\/cpka.pt\/bajattmontesalentejanos\/wp-json\/wp\/v2\/posts"}],"about":[{"href":"https:\/\/cpka.pt\/bajattmontesalentejanos\/wp-json\/wp\/v2\/types\/post"}],"author":[{"embeddable":true,"href":"https:\/\/cpka.pt\/bajattmontesalentejanos\/wp-json\/wp\/v2\/users\/1"}],"replies":[{"embeddable":true,"href":"https:\/\/cpka.pt\/bajattmontesalentejanos\/wp-json\/wp\/v2\/comments?post=577"}],"version-history":[{"count":2,"href":"https:\/\/cpka.pt\/bajattmontesalentejanos\/wp-json\/wp\/v2\/posts\/577\/revisions"}],"predecessor-version":[{"id":618,"href":"https:\/\/cpka.pt\/bajattmontesalentejanos\/wp-json\/wp\/v2\/posts\/577\/revisions\/618"}],"wp:featuredmedia":[{"embeddable":true,"href":"https:\/\/cpka.pt\/bajattmontesalentejanos\/wp-json\/wp\/v2\/media\/620"}],"wp:attachment":[{"href":"https:\/\/cpka.pt\/bajattmontesalentejanos\/wp-json\/wp\/v2\/media?parent=577"}],"wp:term":[{"taxonomy":"category","embeddable":true,"href":"https:\/\/cpka.pt\/bajattmontesalentejanos\/wp-json\/wp\/v2\/categories?post=577"},{"taxonomy":"post_tag","embeddable":true,"href":"https:\/\/cpka.pt\/bajattmontesalentejanos\/wp-json\/wp\/v2\/tags?post=577"}],"curies":[{"name":"wp","href":"https:\/\/api.w.org\/{rel}","templated":true}]}}