{"id":598,"date":"2020-12-23T12:35:30","date_gmt":"2020-12-23T12:35:30","guid":{"rendered":"https:\/\/cpka.pt\/bajattmontesalentejanos\/?p=598"},"modified":"2020-12-23T12:35:32","modified_gmt":"2020-12-23T12:35:32","slug":"tiago-guerreiro-sera-sem-duvida-uma-das-melhores-provas-ou-senao-a-melhor","status":"publish","type":"post","link":"https:\/\/cpka.pt\/bajattmontesalentejanos\/2020\/12\/23\/tiago-guerreiro-sera-sem-duvida-uma-das-melhores-provas-ou-senao-a-melhor\/","title":{"rendered":"Tiago Guerreiro &#8220;ser\u00e1 sem d\u00favida uma das melhores provas ou sen\u00e3o a melhor&#8221;"},"content":{"rendered":"\n<figure class=\"wp-block-image alignwide size-large\"><img loading=\"lazy\" decoding=\"async\" width=\"1024\" height=\"680\" src=\"https:\/\/cpka.pt\/bajattmontesalentejanos\/wp-content\/uploads\/sites\/3\/2020\/12\/Tiago-Guerreiro-ssv-1024x680.jpg\" alt=\"\" class=\"wp-image-599\" srcset=\"https:\/\/cpka.pt\/bajattmontesalentejanos\/wp-content\/uploads\/sites\/3\/2020\/12\/Tiago-Guerreiro-ssv-1024x680.jpg 1024w, https:\/\/cpka.pt\/bajattmontesalentejanos\/wp-content\/uploads\/sites\/3\/2020\/12\/Tiago-Guerreiro-ssv-300x199.jpg 300w, https:\/\/cpka.pt\/bajattmontesalentejanos\/wp-content\/uploads\/sites\/3\/2020\/12\/Tiago-Guerreiro-ssv-768x510.jpg 768w, https:\/\/cpka.pt\/bajattmontesalentejanos\/wp-content\/uploads\/sites\/3\/2020\/12\/Tiago-Guerreiro-ssv-1536x1020.jpg 1536w, https:\/\/cpka.pt\/bajattmontesalentejanos\/wp-content\/uploads\/sites\/3\/2020\/12\/Tiago-Guerreiro-ssv-1170x777.jpg 1170w, https:\/\/cpka.pt\/bajattmontesalentejanos\/wp-content\/uploads\/sites\/3\/2020\/12\/Tiago-Guerreiro-ssv.jpg 2048w\" sizes=\"auto, (max-width: 1024px) 100vw, 1024px\" \/><figcaption>Tiago Guerreiro na Baja TT Vindimas do Alentejo 2020 (Foto: D.R.)<\/figcaption><\/figure>\n\n\n\n<p>A Baja de TT MONTES ALENTEJANOS, fazendo parte do calend\u00e1rio nacional de TT 2021, ser\u00e1 sem d\u00favida umas das melhores provas ou se n\u00e3o a melhor.<\/p>\n\n\n\n<p>O ano passado, foi a minha primeira prova aos comandos de um Can Am X3, uma prova que me deixou muito supreendido.<\/p>\n\n\n\n<p>Excelente organiza\u00e7\u00e3o, tra\u00e7ados espetaculares e super bem marcados.<\/p>\n\n\n\n<p>Em 2021, ser\u00e1 tamb\u00e9m um desafio para esta Organiza\u00e7\u00e3o, conseguir fazer t\u00e3o bem ou melhor do que correu o ano anterior, mas penso que tem tudo para correr bem.<\/p>\n\n\n\n<p><em><strong>Texto: Tiago Guerreiro &#8211; Piloto<\/strong><\/em><\/p>\n","protected":false},"excerpt":{"rendered":"<p>A Baja de TT MONTES ALENTEJANOS, fazendo parte do calend\u00e1rio nacional de TT 2021, ser\u00e1 sem d\u00favida umas das melhores provas ou se n\u00e3o a&hellip;<\/p>\n","protected":false},"author":1,"featured_media":599,"comment_status":"closed","ping_status":"closed","sticky":false,"template":"","format":"standard","meta":{"advgb_blocks_editor_width":"","advgb_blocks_columns_visual_guide":"","ngg_post_thumbnail":0,"footnotes":""},"categories":[1],"tags":[14],"class_list":["post-598","post","type-post","status-publish","format-standard","has-post-thumbnail","hentry","category-news2021","tag-ssv"],"gutentor_comment":0,"rise-blocks_total_comments":0,"rise-blocks_categories":[{"term_id":1,"name":"Not\u00edcias 2021","slug":"news2021","term_group":0,"term_taxonomy_id":1,"taxonomy":"category","description":"","parent":0,"count":196,"filter":"raw","cat_ID":1,"category_count":196,"category_description":"","cat_name":"Not\u00edcias 2021","category_nicename":"news2021","category_parent":0}],"rise-blocks_excerpt":"A Baja de TT MONTES ALENTEJANOS, fazendo parte do calend\u00e1rio nacional de TT 2021, ser\u00e1 sem d\u00favida umas das melhores provas ou se n\u00e3o a melhor. O ano passado, foi a minha primeira prova aos comandos de um Can Am X3, uma prova que me deixou muito supreendido. Excelente organiza\u00e7\u00e3o, tra\u00e7ados espetaculares e super bem marcados. Em 2021, ser\u00e1 tamb\u00e9m..","aioseo_notices":[],"author_meta":{"display_name":"admin","author_link":"https:\/\/cpka.pt\/bajattmontesalentejanos\/author\/admin\/"},"featured_img":"https:\/\/cpka.pt\/bajattmontesalentejanos\/wp-content\/uploads\/sites\/3\/2020\/12\/Tiago-Guerreiro-ssv-300x199.jpg","coauthors":[],"tax_additional":{"categories":{"linked":["<a href=\"https:\/\/cpka.pt\/bajattmontesalentejanos\/category\/news2021\/\" class=\"advgb-post-tax-term\">Not\u00edcias 2021<\/a>"],"unlinked":["<span class=\"advgb-post-tax-term\">Not\u00edcias 2021<\/span>"]},"tags":{"linked":["<a href=\"https:\/\/cpka.pt\/bajattmontesalentejanos\/category\/news2021\/\" class=\"advgb-post-tax-term\">SSV<\/a>"],"unlinked":["<span class=\"advgb-post-tax-term\">SSV<\/span>"]}},"comment_count":"0","relative_dates":{"created":"Posted 5 anos ago","modified":"Updated 5 anos ago"},"absolute_dates":{"created":"Posted on 23 de Dezembro, 2020","modified":"Updated on 23 de Dezembro, 2020"},"absolute_dates_time":{"created":"Posted on 23 de Dezembro, 2020 12:35","modified":"Updated on 23 de Dezembro, 2020 12:35"},"featured_img_caption":"Tiago Guerreiro na Baja TT Vindimas do Alentejo 2020 (Foto: D.R.)","series_order":"","_links":{"self":[{"href":"https:\/\/cpka.pt\/bajattmontesalentejanos\/wp-json\/wp\/v2\/posts\/598","targetHints":{"allow":["GET"]}}],"collection":[{"href":"https:\/\/cpka.pt\/bajattmontesalentejanos\/wp-json\/wp\/v2\/posts"}],"about":[{"href":"https:\/\/cpka.pt\/bajattmontesalentejanos\/wp-json\/wp\/v2\/types\/post"}],"author":[{"embeddable":true,"href":"https:\/\/cpka.pt\/bajattmontesalentejanos\/wp-json\/wp\/v2\/users\/1"}],"replies":[{"embeddable":true,"href":"https:\/\/cpka.pt\/bajattmontesalentejanos\/wp-json\/wp\/v2\/comments?post=598"}],"version-history":[{"count":1,"href":"https:\/\/cpka.pt\/bajattmontesalentejanos\/wp-json\/wp\/v2\/posts\/598\/revisions"}],"predecessor-version":[{"id":600,"href":"https:\/\/cpka.pt\/bajattmontesalentejanos\/wp-json\/wp\/v2\/posts\/598\/revisions\/600"}],"wp:featuredmedia":[{"embeddable":true,"href":"https:\/\/cpka.pt\/bajattmontesalentejanos\/wp-json\/wp\/v2\/media\/599"}],"wp:attachment":[{"href":"https:\/\/cpka.pt\/bajattmontesalentejanos\/wp-json\/wp\/v2\/media?parent=598"}],"wp:term":[{"taxonomy":"category","embeddable":true,"href":"https:\/\/cpka.pt\/bajattmontesalentejanos\/wp-json\/wp\/v2\/categories?post=598"},{"taxonomy":"post_tag","embeddable":true,"href":"https:\/\/cpka.pt\/bajattmontesalentejanos\/wp-json\/wp\/v2\/tags?post=598"}],"curies":[{"name":"wp","href":"https:\/\/api.w.org\/{rel}","templated":true}]}}