{"id":601,"date":"2020-12-23T12:39:04","date_gmt":"2020-12-23T12:39:04","guid":{"rendered":"https:\/\/cpka.pt\/bajattmontesalentejanos\/?p=601"},"modified":"2020-12-23T12:39:07","modified_gmt":"2020-12-23T12:39:07","slug":"joao-ferreira-e-com-enorme-satisfacao-que-estarei-presente","status":"publish","type":"post","link":"https:\/\/cpka.pt\/bajattmontesalentejanos\/2020\/12\/23\/joao-ferreira-e-com-enorme-satisfacao-que-estarei-presente\/","title":{"rendered":"Jo\u00e3o Ferreira &#8220;\u00e9 com enorme satisfa\u00e7\u00e3o que estarei presente&#8221;"},"content":{"rendered":"\n<figure class=\"wp-block-image alignwide size-large\"><img loading=\"lazy\" decoding=\"async\" width=\"1024\" height=\"683\" src=\"https:\/\/cpka.pt\/bajattmontesalentejanos\/wp-content\/uploads\/sites\/3\/2020\/12\/Joao-Ferreira-vencedor-auto-t2-vindimas-do-alentejo-1024x683.jpg\" alt=\"\" class=\"wp-image-602\" srcset=\"https:\/\/cpka.pt\/bajattmontesalentejanos\/wp-content\/uploads\/sites\/3\/2020\/12\/Joao-Ferreira-vencedor-auto-t2-vindimas-do-alentejo-1024x683.jpg 1024w, https:\/\/cpka.pt\/bajattmontesalentejanos\/wp-content\/uploads\/sites\/3\/2020\/12\/Joao-Ferreira-vencedor-auto-t2-vindimas-do-alentejo-300x200.jpg 300w, https:\/\/cpka.pt\/bajattmontesalentejanos\/wp-content\/uploads\/sites\/3\/2020\/12\/Joao-Ferreira-vencedor-auto-t2-vindimas-do-alentejo-768x512.jpg 768w, https:\/\/cpka.pt\/bajattmontesalentejanos\/wp-content\/uploads\/sites\/3\/2020\/12\/Joao-Ferreira-vencedor-auto-t2-vindimas-do-alentejo-1536x1025.jpg 1536w, https:\/\/cpka.pt\/bajattmontesalentejanos\/wp-content\/uploads\/sites\/3\/2020\/12\/Joao-Ferreira-vencedor-auto-t2-vindimas-do-alentejo-1200x800.jpg 1200w, https:\/\/cpka.pt\/bajattmontesalentejanos\/wp-content\/uploads\/sites\/3\/2020\/12\/Joao-Ferreira-vencedor-auto-t2-vindimas-do-alentejo-1170x780.jpg 1170w, https:\/\/cpka.pt\/bajattmontesalentejanos\/wp-content\/uploads\/sites\/3\/2020\/12\/Joao-Ferreira-vencedor-auto-t2-vindimas-do-alentejo.jpg 2000w\" sizes=\"auto, (max-width: 1024px) 100vw, 1024px\" \/><figcaption>Jo\u00e3o Ferreira, vencedor dos AUTO T2 na Baja TT Vindimas do Alentejo 2020 (Foto: AIFA)<\/figcaption><\/figure>\n\n\n\n<p>A temporada de 2020, onde nos apresent\u00e1mos ao volante de um carro novo (Nissan Pathfinder) e com uma equipa nova (Tim Competi\u00e7\u00e3o), come\u00e7ou da melhor maneira, e, na minha opini\u00e3o, numa das melhores provas do calend\u00e1rio do Campeonato de Portugal de Todo-Terreno.<\/p>\n\n\n\n<p>A Baja Vindimas Do Alentejo correu-nos de fei\u00e7\u00e3o, onde conseguimos ganhar a categoria T2 e somar pontos importantes para o campeonato.<\/p>\n\n\n\n<p>O tra\u00e7ado era muito divertido, tinha de tudo um pouco, zonas r\u00e1pidas e zonas t\u00e9cnicas; o roadbook estava muit\u00edssimo bem feito e a organiza\u00e7\u00e3o era muito prest\u00e1vel.<\/p>\n\n\n\n<p>Pelo que sei, a \u00e9poca de 2021 ir\u00e1 come\u00e7ar nesta mesma baja, e \u00e9 com enorme satisfa\u00e7\u00e3o que estarei presente.<\/p>\n\n\n\n<p><strong><em>Texto: Jo\u00e3o Ferreira, vencedor dos AUTO T2 na Baja TT Vindimas do Alentejo 2020<\/em><\/strong><\/p>\n","protected":false},"excerpt":{"rendered":"<p>A temporada de 2020, onde nos apresent\u00e1mos ao volante de um carro novo (Nissan Pathfinder) e com uma equipa nova (Tim Competi\u00e7\u00e3o), come\u00e7ou da melhor&hellip;<\/p>\n","protected":false},"author":1,"featured_media":602,"comment_status":"open","ping_status":"open","sticky":false,"template":"","format":"standard","meta":{"advgb_blocks_editor_width":"","advgb_blocks_columns_visual_guide":"","ngg_post_thumbnail":0,"footnotes":""},"categories":[1],"tags":[16],"class_list":["post-601","post","type-post","status-publish","format-standard","has-post-thumbnail","hentry","category-news2021","tag-auto"],"gutentor_comment":0,"rise-blocks_total_comments":0,"rise-blocks_categories":[{"term_id":1,"name":"Not\u00edcias 2021","slug":"news2021","term_group":0,"term_taxonomy_id":1,"taxonomy":"category","description":"","parent":0,"count":196,"filter":"raw","cat_ID":1,"category_count":196,"category_description":"","cat_name":"Not\u00edcias 2021","category_nicename":"news2021","category_parent":0}],"rise-blocks_excerpt":"A temporada de 2020, onde nos apresent\u00e1mos ao volante de um carro novo (Nissan Pathfinder) e com uma equipa nova (Tim Competi\u00e7\u00e3o), come\u00e7ou da melhor maneira, e, na minha opini\u00e3o, numa das melhores provas do calend\u00e1rio do Campeonato de Portugal de Todo-Terreno. A Baja Vindimas Do Alentejo correu-nos de fei\u00e7\u00e3o, onde conseguimos ganhar a categoria T2 e somar pontos importantes..","aioseo_notices":[],"author_meta":{"display_name":"admin","author_link":"https:\/\/cpka.pt\/bajattmontesalentejanos\/author\/admin\/"},"featured_img":"https:\/\/cpka.pt\/bajattmontesalentejanos\/wp-content\/uploads\/sites\/3\/2020\/12\/Joao-Ferreira-vencedor-auto-t2-vindimas-do-alentejo-300x200.jpg","coauthors":[],"tax_additional":{"categories":{"linked":["<a href=\"https:\/\/cpka.pt\/bajattmontesalentejanos\/category\/news2021\/\" class=\"advgb-post-tax-term\">Not\u00edcias 2021<\/a>"],"unlinked":["<span class=\"advgb-post-tax-term\">Not\u00edcias 2021<\/span>"]},"tags":{"linked":["<a href=\"https:\/\/cpka.pt\/bajattmontesalentejanos\/category\/news2021\/\" class=\"advgb-post-tax-term\">AUTO<\/a>"],"unlinked":["<span class=\"advgb-post-tax-term\">AUTO<\/span>"]}},"comment_count":"0","relative_dates":{"created":"Posted 5 anos ago","modified":"Updated 5 anos ago"},"absolute_dates":{"created":"Posted on 23 de Dezembro, 2020","modified":"Updated on 23 de Dezembro, 2020"},"absolute_dates_time":{"created":"Posted on 23 de Dezembro, 2020 12:39","modified":"Updated on 23 de Dezembro, 2020 12:39"},"featured_img_caption":"Jo\u00e3o Ferreira, vencedor dos AUTO T2 na Baja TT Vindimas do Alentejo 2020 (Foto: AIFA)","series_order":"","_links":{"self":[{"href":"https:\/\/cpka.pt\/bajattmontesalentejanos\/wp-json\/wp\/v2\/posts\/601","targetHints":{"allow":["GET"]}}],"collection":[{"href":"https:\/\/cpka.pt\/bajattmontesalentejanos\/wp-json\/wp\/v2\/posts"}],"about":[{"href":"https:\/\/cpka.pt\/bajattmontesalentejanos\/wp-json\/wp\/v2\/types\/post"}],"author":[{"embeddable":true,"href":"https:\/\/cpka.pt\/bajattmontesalentejanos\/wp-json\/wp\/v2\/users\/1"}],"replies":[{"embeddable":true,"href":"https:\/\/cpka.pt\/bajattmontesalentejanos\/wp-json\/wp\/v2\/comments?post=601"}],"version-history":[{"count":1,"href":"https:\/\/cpka.pt\/bajattmontesalentejanos\/wp-json\/wp\/v2\/posts\/601\/revisions"}],"predecessor-version":[{"id":603,"href":"https:\/\/cpka.pt\/bajattmontesalentejanos\/wp-json\/wp\/v2\/posts\/601\/revisions\/603"}],"wp:featuredmedia":[{"embeddable":true,"href":"https:\/\/cpka.pt\/bajattmontesalentejanos\/wp-json\/wp\/v2\/media\/602"}],"wp:attachment":[{"href":"https:\/\/cpka.pt\/bajattmontesalentejanos\/wp-json\/wp\/v2\/media?parent=601"}],"wp:term":[{"taxonomy":"category","embeddable":true,"href":"https:\/\/cpka.pt\/bajattmontesalentejanos\/wp-json\/wp\/v2\/categories?post=601"},{"taxonomy":"post_tag","embeddable":true,"href":"https:\/\/cpka.pt\/bajattmontesalentejanos\/wp-json\/wp\/v2\/tags?post=601"}],"curies":[{"name":"wp","href":"https:\/\/api.w.org\/{rel}","templated":true}]}}