{"id":621,"date":"2020-12-28T14:09:00","date_gmt":"2020-12-28T14:09:00","guid":{"rendered":"https:\/\/cpka.pt\/bajattmontesalentejanos\/?p=621"},"modified":"2021-01-04T14:09:53","modified_gmt":"2021-01-04T14:09:53","slug":"sergio-palminha-patrocinador-piloto","status":"publish","type":"post","link":"https:\/\/cpka.pt\/bajattmontesalentejanos\/2020\/12\/28\/sergio-palminha-patrocinador-piloto\/","title":{"rendered":"S\u00e9rgio Palminha &#8211; Patrocinador | Piloto"},"content":{"rendered":"\n<figure class=\"wp-block-image alignwide size-large\"><img loading=\"lazy\" decoding=\"async\" width=\"892\" height=\"536\" src=\"https:\/\/cpka.pt\/bajattmontesalentejanos\/wp-content\/uploads\/sites\/3\/2021\/01\/sergio-palminha-patrocinador.jpg\" alt=\"\" class=\"wp-image-622\" srcset=\"https:\/\/cpka.pt\/bajattmontesalentejanos\/wp-content\/uploads\/sites\/3\/2021\/01\/sergio-palminha-patrocinador.jpg 892w, https:\/\/cpka.pt\/bajattmontesalentejanos\/wp-content\/uploads\/sites\/3\/2021\/01\/sergio-palminha-patrocinador-300x180.jpg 300w, https:\/\/cpka.pt\/bajattmontesalentejanos\/wp-content\/uploads\/sites\/3\/2021\/01\/sergio-palminha-patrocinador-768x461.jpg 768w\" sizes=\"auto, (max-width: 892px) 100vw, 892px\" \/><figcaption>S\u00e9rgio Palminha &#8211; Patrocinador | Piloto <\/figcaption><\/figure>\n\n\n\n<p>A minha participa\u00e7\u00e3o na Baja TT Vindimas do Alentejo come\u00e7ou cedo, nomeadamente no m\u00eas de julho.<br>Desde cedo que o meu amigo Humberto me falou acerca do tema, o qual fiquei muito agradado, e que logo demonstrei a minha disponibilidade de ajudar no que tivesse ao meu alcance.<\/p>\n\n\n\n<p>Foram dias de grande esfor\u00e7o e muitas horas de trabalho, para que tudo ficasse como estava idealizado, e pronto no pouco tempo que t\u00ednhamos para fazer o pretendido\u2026 mas como quem corre por gosto, n\u00e3o cansa, tudo ficou pronto a tempo e horas.<\/p>\n\n\n\n<p>Na prova que era para se ter realizado em setembro, estava assegurada a minha participa\u00e7\u00e3o, mas como n\u00e3o foi poss\u00edvel a sua realiza\u00e7\u00e3o, sabia desde logo, que n\u00e3o iria alinhar na partida na data a remarcar, pois tinha uma cirurgia marcada para o final do ano e com uma recupera\u00e7\u00e3o de alguns meses.<\/p>\n\n\n\n<p>Com isto, fui obrigado a ver a prova do lado de fora, no entanto, fiquei maravilhado com o que vi! Se a expectativa j\u00e1 era alta, antes da prova arrancar, depois de ver os pilotos a passar naquelas pistas fant\u00e1sticas excedeu qualquer tipo de expectativa!<\/p>\n\n\n\n<p>Espero em 2021 estar presente na Baja TT Montes Alentejanos, como piloto e com o contributo necess\u00e1rio para a sua realiza\u00e7\u00e3o.<\/p>\n\n\n\n<p><em>Texto: S\u00e9rgio Palminha &#8211; Patrocinador | Piloto<\/em><\/p>\n","protected":false},"excerpt":{"rendered":"<p>A minha participa\u00e7\u00e3o na Baja TT Vindimas do Alentejo come\u00e7ou cedo, nomeadamente no m\u00eas de julho.Desde cedo que o meu amigo Humberto me falou acerca&hellip;<\/p>\n","protected":false},"author":1,"featured_media":622,"comment_status":"closed","ping_status":"closed","sticky":false,"template":"","format":"standard","meta":{"advgb_blocks_editor_width":"","advgb_blocks_columns_visual_guide":"","ngg_post_thumbnail":0,"footnotes":""},"categories":[1],"tags":[16],"class_list":["post-621","post","type-post","status-publish","format-standard","has-post-thumbnail","hentry","category-news2021","tag-auto"],"gutentor_comment":0,"rise-blocks_total_comments":0,"rise-blocks_categories":[{"term_id":1,"name":"Not\u00edcias 2021","slug":"news2021","term_group":0,"term_taxonomy_id":1,"taxonomy":"category","description":"","parent":0,"count":196,"filter":"raw","cat_ID":1,"category_count":196,"category_description":"","cat_name":"Not\u00edcias 2021","category_nicename":"news2021","category_parent":0}],"rise-blocks_excerpt":"A minha participa\u00e7\u00e3o na Baja TT Vindimas do Alentejo come\u00e7ou cedo, nomeadamente no m\u00eas de julho.Desde cedo que o meu amigo Humberto me falou acerca do tema, o qual fiquei muito agradado, e que logo demonstrei a minha disponibilidade de ajudar no que tivesse ao meu alcance. Foram dias de grande esfor\u00e7o e muitas horas de trabalho, para que tudo..","aioseo_notices":[],"author_meta":{"display_name":"admin","author_link":"https:\/\/cpka.pt\/bajattmontesalentejanos\/author\/admin\/"},"featured_img":"https:\/\/cpka.pt\/bajattmontesalentejanos\/wp-content\/uploads\/sites\/3\/2021\/01\/sergio-palminha-patrocinador-300x180.jpg","coauthors":[],"tax_additional":{"categories":{"linked":["<a href=\"https:\/\/cpka.pt\/bajattmontesalentejanos\/category\/news2021\/\" class=\"advgb-post-tax-term\">Not\u00edcias 2021<\/a>"],"unlinked":["<span class=\"advgb-post-tax-term\">Not\u00edcias 2021<\/span>"]},"tags":{"linked":["<a href=\"https:\/\/cpka.pt\/bajattmontesalentejanos\/category\/news2021\/\" class=\"advgb-post-tax-term\">AUTO<\/a>"],"unlinked":["<span class=\"advgb-post-tax-term\">AUTO<\/span>"]}},"comment_count":"0","relative_dates":{"created":"Posted 5 anos ago","modified":"Updated 5 anos ago"},"absolute_dates":{"created":"Posted on 28 de Dezembro, 2020","modified":"Updated on 4 de Janeiro, 2021"},"absolute_dates_time":{"created":"Posted on 28 de Dezembro, 2020 14:09","modified":"Updated on 4 de Janeiro, 2021 14:09"},"featured_img_caption":"","series_order":"","_links":{"self":[{"href":"https:\/\/cpka.pt\/bajattmontesalentejanos\/wp-json\/wp\/v2\/posts\/621","targetHints":{"allow":["GET"]}}],"collection":[{"href":"https:\/\/cpka.pt\/bajattmontesalentejanos\/wp-json\/wp\/v2\/posts"}],"about":[{"href":"https:\/\/cpka.pt\/bajattmontesalentejanos\/wp-json\/wp\/v2\/types\/post"}],"author":[{"embeddable":true,"href":"https:\/\/cpka.pt\/bajattmontesalentejanos\/wp-json\/wp\/v2\/users\/1"}],"replies":[{"embeddable":true,"href":"https:\/\/cpka.pt\/bajattmontesalentejanos\/wp-json\/wp\/v2\/comments?post=621"}],"version-history":[{"count":1,"href":"https:\/\/cpka.pt\/bajattmontesalentejanos\/wp-json\/wp\/v2\/posts\/621\/revisions"}],"predecessor-version":[{"id":623,"href":"https:\/\/cpka.pt\/bajattmontesalentejanos\/wp-json\/wp\/v2\/posts\/621\/revisions\/623"}],"wp:featuredmedia":[{"embeddable":true,"href":"https:\/\/cpka.pt\/bajattmontesalentejanos\/wp-json\/wp\/v2\/media\/622"}],"wp:attachment":[{"href":"https:\/\/cpka.pt\/bajattmontesalentejanos\/wp-json\/wp\/v2\/media?parent=621"}],"wp:term":[{"taxonomy":"category","embeddable":true,"href":"https:\/\/cpka.pt\/bajattmontesalentejanos\/wp-json\/wp\/v2\/categories?post=621"},{"taxonomy":"post_tag","embeddable":true,"href":"https:\/\/cpka.pt\/bajattmontesalentejanos\/wp-json\/wp\/v2\/tags?post=621"}],"curies":[{"name":"wp","href":"https:\/\/api.w.org\/{rel}","templated":true}]}}