{"id":627,"date":"2020-12-31T14:15:00","date_gmt":"2020-12-31T14:15:00","guid":{"rendered":"https:\/\/cpka.pt\/bajattmontesalentejanos\/?p=627"},"modified":"2021-01-04T14:19:03","modified_gmt":"2021-01-04T14:19:03","slug":"alejandro-martins-ja-esta-inscrito-na-baja-tt-montes-alentejanos","status":"publish","type":"post","link":"https:\/\/cpka.pt\/bajattmontesalentejanos\/2020\/12\/31\/alejandro-martins-ja-esta-inscrito-na-baja-tt-montes-alentejanos\/","title":{"rendered":"Alejandro Martins j\u00e1 est\u00e1 inscrito na Baja TT Montes Alentejanos"},"content":{"rendered":"\n<figure class=\"wp-block-image alignwide size-large\"><img loading=\"lazy\" decoding=\"async\" width=\"1024\" height=\"713\" src=\"https:\/\/cpka.pt\/bajattmontesalentejanos\/wp-content\/uploads\/sites\/3\/2021\/01\/Alejandro-Martins-1024x713.jpg\" alt=\"\" class=\"wp-image-628\" srcset=\"https:\/\/cpka.pt\/bajattmontesalentejanos\/wp-content\/uploads\/sites\/3\/2021\/01\/Alejandro-Martins-1024x713.jpg 1024w, https:\/\/cpka.pt\/bajattmontesalentejanos\/wp-content\/uploads\/sites\/3\/2021\/01\/Alejandro-Martins-300x209.jpg 300w, https:\/\/cpka.pt\/bajattmontesalentejanos\/wp-content\/uploads\/sites\/3\/2021\/01\/Alejandro-Martins-768x535.jpg 768w, https:\/\/cpka.pt\/bajattmontesalentejanos\/wp-content\/uploads\/sites\/3\/2021\/01\/Alejandro-Martins-1170x814.jpg 1170w, https:\/\/cpka.pt\/bajattmontesalentejanos\/wp-content\/uploads\/sites\/3\/2021\/01\/Alejandro-Martins.jpg 1280w\" sizes=\"auto, (max-width: 1024px) 100vw, 1024px\" \/><figcaption>Alejandro Martins (Foto: D.R.)<\/figcaption><\/figure>\n\n\n\n<p>O piloto da equipa MRacing Portugal, que na passada edi\u00e7\u00e3o da prova, entrou totalmente ao ataque e venceu o prologo.<\/p>\n\n\n\n<p>Prologo este, que que o piloto adorou a todos os n\u00edveis, mas que infelizmente logo no in\u00edcio do 1\u00ba SS, a equipa foi obrigada a desistir com um problema mec\u00e2nico.<\/p>\n\n\n\n<p>Ao longo da atribulada temporada de 2020 Alejandro Martins foi o piloto, que mais vitorias alcan\u00e7ou, tendo assim sido um dos principais protagonistas e candidato \u00e1 vitoria final do Campeonato de Todo o Terreno AM 48.<\/p>\n\n\n\n<p>Alejandro Martins, est\u00e1 assim de volta ao campeonato de 2021 aos comandos do Mini JCW Rally, com a confian\u00e7a redobrada e aposta em lutar pela vitoria na Baja TT Montes Alentejanos, bem como pelo t\u00edtulo de campe\u00e3o nacional em 2021, na companhia do seu consagrado e experiente navegador Jos\u00e9 Marques.<\/p>\n","protected":false},"excerpt":{"rendered":"<p>O piloto da equipa MRacing Portugal, que na passada edi\u00e7\u00e3o da prova, entrou totalmente ao ataque e venceu o prologo. Prologo este, que que o&hellip;<\/p>\n","protected":false},"author":1,"featured_media":628,"comment_status":"closed","ping_status":"closed","sticky":false,"template":"","format":"standard","meta":{"advgb_blocks_editor_width":"","advgb_blocks_columns_visual_guide":"","ngg_post_thumbnail":0,"footnotes":""},"categories":[1],"tags":[16],"class_list":["post-627","post","type-post","status-publish","format-standard","has-post-thumbnail","hentry","category-news2021","tag-auto"],"gutentor_comment":0,"rise-blocks_total_comments":0,"rise-blocks_categories":[{"term_id":1,"name":"Not\u00edcias 2021","slug":"news2021","term_group":0,"term_taxonomy_id":1,"taxonomy":"category","description":"","parent":0,"count":196,"filter":"raw","cat_ID":1,"category_count":196,"category_description":"","cat_name":"Not\u00edcias 2021","category_nicename":"news2021","category_parent":0}],"rise-blocks_excerpt":"O piloto da equipa MRacing Portugal, que na passada edi\u00e7\u00e3o da prova, entrou totalmente ao ataque e venceu o prologo. Prologo este, que que o piloto adorou a todos os n\u00edveis, mas que infelizmente logo no in\u00edcio do 1\u00ba SS, a equipa foi obrigada a desistir com um problema mec\u00e2nico. Ao longo da atribulada temporada de 2020 Alejandro Martins foi..","aioseo_notices":[],"author_meta":{"display_name":"admin","author_link":"https:\/\/cpka.pt\/bajattmontesalentejanos\/author\/admin\/"},"featured_img":"https:\/\/cpka.pt\/bajattmontesalentejanos\/wp-content\/uploads\/sites\/3\/2021\/01\/Alejandro-Martins-300x209.jpg","coauthors":[],"tax_additional":{"categories":{"linked":["<a href=\"https:\/\/cpka.pt\/bajattmontesalentejanos\/category\/news2021\/\" class=\"advgb-post-tax-term\">Not\u00edcias 2021<\/a>"],"unlinked":["<span class=\"advgb-post-tax-term\">Not\u00edcias 2021<\/span>"]},"tags":{"linked":["<a href=\"https:\/\/cpka.pt\/bajattmontesalentejanos\/category\/news2021\/\" class=\"advgb-post-tax-term\">AUTO<\/a>"],"unlinked":["<span class=\"advgb-post-tax-term\">AUTO<\/span>"]}},"comment_count":"0","relative_dates":{"created":"Posted 5 anos ago","modified":"Updated 5 anos ago"},"absolute_dates":{"created":"Posted on 31 de Dezembro, 2020","modified":"Updated on 4 de Janeiro, 2021"},"absolute_dates_time":{"created":"Posted on 31 de Dezembro, 2020 14:15","modified":"Updated on 4 de Janeiro, 2021 14:19"},"featured_img_caption":"","series_order":"","_links":{"self":[{"href":"https:\/\/cpka.pt\/bajattmontesalentejanos\/wp-json\/wp\/v2\/posts\/627","targetHints":{"allow":["GET"]}}],"collection":[{"href":"https:\/\/cpka.pt\/bajattmontesalentejanos\/wp-json\/wp\/v2\/posts"}],"about":[{"href":"https:\/\/cpka.pt\/bajattmontesalentejanos\/wp-json\/wp\/v2\/types\/post"}],"author":[{"embeddable":true,"href":"https:\/\/cpka.pt\/bajattmontesalentejanos\/wp-json\/wp\/v2\/users\/1"}],"replies":[{"embeddable":true,"href":"https:\/\/cpka.pt\/bajattmontesalentejanos\/wp-json\/wp\/v2\/comments?post=627"}],"version-history":[{"count":1,"href":"https:\/\/cpka.pt\/bajattmontesalentejanos\/wp-json\/wp\/v2\/posts\/627\/revisions"}],"predecessor-version":[{"id":629,"href":"https:\/\/cpka.pt\/bajattmontesalentejanos\/wp-json\/wp\/v2\/posts\/627\/revisions\/629"}],"wp:featuredmedia":[{"embeddable":true,"href":"https:\/\/cpka.pt\/bajattmontesalentejanos\/wp-json\/wp\/v2\/media\/628"}],"wp:attachment":[{"href":"https:\/\/cpka.pt\/bajattmontesalentejanos\/wp-json\/wp\/v2\/media?parent=627"}],"wp:term":[{"taxonomy":"category","embeddable":true,"href":"https:\/\/cpka.pt\/bajattmontesalentejanos\/wp-json\/wp\/v2\/categories?post=627"},{"taxonomy":"post_tag","embeddable":true,"href":"https:\/\/cpka.pt\/bajattmontesalentejanos\/wp-json\/wp\/v2\/tags?post=627"}],"curies":[{"name":"wp","href":"https:\/\/api.w.org\/{rel}","templated":true}]}}