{"id":639,"date":"2021-01-02T14:29:00","date_gmt":"2021-01-02T14:29:00","guid":{"rendered":"https:\/\/cpka.pt\/bajattmontesalentejanos\/?p=639"},"modified":"2021-01-04T14:37:52","modified_gmt":"2021-01-04T14:37:52","slug":"joao-paulo-oliveira-estreia-toyota-rav-4-na-baja-tt-montes-alentejanos","status":"publish","type":"post","link":"https:\/\/cpka.pt\/bajattmontesalentejanos\/2021\/01\/02\/joao-paulo-oliveira-estreia-toyota-rav-4-na-baja-tt-montes-alentejanos\/","title":{"rendered":"Jo\u00e3o Paulo Oliveira estreia Toyota Rav 4 na Baja TT Montes Alentejanos"},"content":{"rendered":"\n<div class=\"wp-block-image\"><figure class=\"alignright size-large is-resized\"><img loading=\"lazy\" decoding=\"async\" src=\"https:\/\/cpka.pt\/bajattmontesalentejanos\/wp-content\/uploads\/sites\/3\/2021\/01\/Joao-Paulo-Oliveira.jpg\" alt=\"\" class=\"wp-image-640\" width=\"531\" height=\"354\"\/><figcaption>Jo\u00e3o Paulo Oliveira (Foto: Rui Jorge)<\/figcaption><\/figure><\/div>\n\n\n\n<p>Os atuais Vice Campe\u00f5es da Ta\u00e7a de Portugal de Todo o Terreno de 2020, Jo\u00e3o Paulo Oliveira, e Pedro Ca\u00e7\u00e3o, tamb\u00e9m j\u00e1 confirmaram a sua inscri\u00e7\u00e3o na Baja TT Montes Alentejanos.<\/p>\n\n\n\n<p>Jo\u00e3o Paulo Oliveira agora na Categoria T8, vai estrear um Toyota Rav 4, com o prop\u00f3sito de lutar pelos primeiros lugares desta categoria, que se prev\u00ea que em 2021, volte a ser muito competitiva.<\/p>\n","protected":false},"excerpt":{"rendered":"<p>Os atuais Vice Campe\u00f5es da Ta\u00e7a de Portugal de Todo o Terreno de 2020, Jo\u00e3o Paulo Oliveira, e Pedro Ca\u00e7\u00e3o, tamb\u00e9m j\u00e1 confirmaram a sua&hellip;<\/p>\n","protected":false},"author":1,"featured_media":640,"comment_status":"closed","ping_status":"closed","sticky":false,"template":"","format":"standard","meta":{"advgb_blocks_editor_width":"","advgb_blocks_columns_visual_guide":"","ngg_post_thumbnail":0,"footnotes":""},"categories":[1],"tags":[16],"class_list":["post-639","post","type-post","status-publish","format-standard","has-post-thumbnail","hentry","category-news2021","tag-auto"],"gutentor_comment":0,"rise-blocks_total_comments":0,"rise-blocks_categories":[{"term_id":1,"name":"Not\u00edcias 2021","slug":"news2021","term_group":0,"term_taxonomy_id":1,"taxonomy":"category","description":"","parent":0,"count":196,"filter":"raw","cat_ID":1,"category_count":196,"category_description":"","cat_name":"Not\u00edcias 2021","category_nicename":"news2021","category_parent":0}],"rise-blocks_excerpt":"Os atuais Vice Campe\u00f5es da Ta\u00e7a de Portugal de Todo o Terreno de 2020, Jo\u00e3o Paulo Oliveira, e Pedro Ca\u00e7\u00e3o, tamb\u00e9m j\u00e1 confirmaram a sua inscri\u00e7\u00e3o na Baja TT Montes Alentejanos. Jo\u00e3o Paulo Oliveira agora na Categoria T8, vai estrear um Toyota Rav 4, com o prop\u00f3sito de lutar pelos primeiros lugares desta categoria, que se prev\u00ea que em 2021,..","aioseo_notices":[],"author_meta":{"display_name":"admin","author_link":"https:\/\/cpka.pt\/bajattmontesalentejanos\/author\/admin\/"},"featured_img":"https:\/\/cpka.pt\/bajattmontesalentejanos\/wp-content\/uploads\/sites\/3\/2021\/01\/Joao-Paulo-Oliveira-e1609771061658-300x180.jpg","coauthors":[],"tax_additional":{"categories":{"linked":["<a href=\"https:\/\/cpka.pt\/bajattmontesalentejanos\/category\/news2021\/\" class=\"advgb-post-tax-term\">Not\u00edcias 2021<\/a>"],"unlinked":["<span class=\"advgb-post-tax-term\">Not\u00edcias 2021<\/span>"]},"tags":{"linked":["<a href=\"https:\/\/cpka.pt\/bajattmontesalentejanos\/category\/news2021\/\" class=\"advgb-post-tax-term\">AUTO<\/a>"],"unlinked":["<span class=\"advgb-post-tax-term\">AUTO<\/span>"]}},"comment_count":"0","relative_dates":{"created":"Posted 5 anos ago","modified":"Updated 5 anos ago"},"absolute_dates":{"created":"Posted on 2 de Janeiro, 2021","modified":"Updated on 4 de Janeiro, 2021"},"absolute_dates_time":{"created":"Posted on 2 de Janeiro, 2021 14:29","modified":"Updated on 4 de Janeiro, 2021 14:37"},"featured_img_caption":"Jo\u00e3o Paulo Oliveira (Foto: Rui Jorge)","series_order":"","_links":{"self":[{"href":"https:\/\/cpka.pt\/bajattmontesalentejanos\/wp-json\/wp\/v2\/posts\/639","targetHints":{"allow":["GET"]}}],"collection":[{"href":"https:\/\/cpka.pt\/bajattmontesalentejanos\/wp-json\/wp\/v2\/posts"}],"about":[{"href":"https:\/\/cpka.pt\/bajattmontesalentejanos\/wp-json\/wp\/v2\/types\/post"}],"author":[{"embeddable":true,"href":"https:\/\/cpka.pt\/bajattmontesalentejanos\/wp-json\/wp\/v2\/users\/1"}],"replies":[{"embeddable":true,"href":"https:\/\/cpka.pt\/bajattmontesalentejanos\/wp-json\/wp\/v2\/comments?post=639"}],"version-history":[{"count":1,"href":"https:\/\/cpka.pt\/bajattmontesalentejanos\/wp-json\/wp\/v2\/posts\/639\/revisions"}],"predecessor-version":[{"id":641,"href":"https:\/\/cpka.pt\/bajattmontesalentejanos\/wp-json\/wp\/v2\/posts\/639\/revisions\/641"}],"wp:featuredmedia":[{"embeddable":true,"href":"https:\/\/cpka.pt\/bajattmontesalentejanos\/wp-json\/wp\/v2\/media\/640"}],"wp:attachment":[{"href":"https:\/\/cpka.pt\/bajattmontesalentejanos\/wp-json\/wp\/v2\/media?parent=639"}],"wp:term":[{"taxonomy":"category","embeddable":true,"href":"https:\/\/cpka.pt\/bajattmontesalentejanos\/wp-json\/wp\/v2\/categories?post=639"},{"taxonomy":"post_tag","embeddable":true,"href":"https:\/\/cpka.pt\/bajattmontesalentejanos\/wp-json\/wp\/v2\/tags?post=639"}],"curies":[{"name":"wp","href":"https:\/\/api.w.org\/{rel}","templated":true}]}}