{"id":645,"date":"2021-01-04T14:36:47","date_gmt":"2021-01-04T14:36:47","guid":{"rendered":"https:\/\/cpka.pt\/bajattmontesalentejanos\/?p=645"},"modified":"2021-01-04T14:36:50","modified_gmt":"2021-01-04T14:36:50","slug":"piloto-revelacao-tiago-guerreiro-tambem-inscrito-na-baja-tt-montes-alentejano","status":"publish","type":"post","link":"https:\/\/cpka.pt\/bajattmontesalentejanos\/2021\/01\/04\/piloto-revelacao-tiago-guerreiro-tambem-inscrito-na-baja-tt-montes-alentejano\/","title":{"rendered":"Piloto revela\u00e7\u00e3o Tiago Guerreiro tamb\u00e9m inscrito na Baja TT Montes Alentejano"},"content":{"rendered":"\n<figure class=\"wp-block-image alignwide size-large\"><img loading=\"lazy\" decoding=\"async\" width=\"1024\" height=\"687\" src=\"https:\/\/cpka.pt\/bajattmontesalentejanos\/wp-content\/uploads\/sites\/3\/2021\/01\/tiago-guerreiro-1024x687.jpg\" alt=\"\" class=\"wp-image-646\" srcset=\"https:\/\/cpka.pt\/bajattmontesalentejanos\/wp-content\/uploads\/sites\/3\/2021\/01\/tiago-guerreiro-1024x687.jpg 1024w, https:\/\/cpka.pt\/bajattmontesalentejanos\/wp-content\/uploads\/sites\/3\/2021\/01\/tiago-guerreiro-300x201.jpg 300w, https:\/\/cpka.pt\/bajattmontesalentejanos\/wp-content\/uploads\/sites\/3\/2021\/01\/tiago-guerreiro-768x515.jpg 768w, https:\/\/cpka.pt\/bajattmontesalentejanos\/wp-content\/uploads\/sites\/3\/2021\/01\/tiago-guerreiro-1170x785.jpg 1170w, https:\/\/cpka.pt\/bajattmontesalentejanos\/wp-content\/uploads\/sites\/3\/2021\/01\/tiago-guerreiro.jpg 1335w\" sizes=\"auto, (max-width: 1024px) 100vw, 1024px\" \/><figcaption>Tiago Guerreiro (Foto: D.R.)<\/figcaption><\/figure>\n\n\n\n<p>O piloto da equipa JB Racing Tiago Guerreiro, que em 2020 foi um dos pilotos revela\u00e7\u00e3o da temporada com grandes exibi\u00e7\u00f5es em todas as provas, j\u00e1 est\u00e1 inscrito na Baja TT Montes Alentejanos e confirmado ao volante de um Polaris Pro XP.<\/p>\n\n\n\n<p>De referir que Tiago Guerreiro em 2021 volta a tripular para a marca, que mais vit\u00f3rias lhe deu, tendo sido mesmo o \u00faltimo vencedor do Trof\u00e9u Polaris 2019.<\/p>\n","protected":false},"excerpt":{"rendered":"<p>O piloto da equipa JB Racing Tiago Guerreiro, que em 2020 foi um dos pilotos revela\u00e7\u00e3o da temporada com grandes exibi\u00e7\u00f5es em todas as provas,&hellip;<\/p>\n","protected":false},"author":1,"featured_media":646,"comment_status":"closed","ping_status":"closed","sticky":false,"template":"","format":"standard","meta":{"advgb_blocks_editor_width":"","advgb_blocks_columns_visual_guide":"","ngg_post_thumbnail":0,"footnotes":""},"categories":[1],"tags":[],"class_list":["post-645","post","type-post","status-publish","format-standard","has-post-thumbnail","hentry","category-news2021"],"gutentor_comment":0,"rise-blocks_total_comments":0,"rise-blocks_categories":[{"term_id":1,"name":"Not\u00edcias 2021","slug":"news2021","term_group":0,"term_taxonomy_id":1,"taxonomy":"category","description":"","parent":0,"count":196,"filter":"raw","cat_ID":1,"category_count":196,"category_description":"","cat_name":"Not\u00edcias 2021","category_nicename":"news2021","category_parent":0}],"rise-blocks_excerpt":"O piloto da equipa JB Racing Tiago Guerreiro, que em 2020 foi um dos pilotos revela\u00e7\u00e3o da temporada com grandes exibi\u00e7\u00f5es em todas as provas, j\u00e1 est\u00e1 inscrito na Baja TT Montes Alentejanos e confirmado ao volante de um Polaris Pro XP. De referir que Tiago Guerreiro em 2021 volta a tripular para a marca, que mais vit\u00f3rias lhe deu,..","aioseo_notices":[],"author_meta":{"display_name":"admin","author_link":"https:\/\/cpka.pt\/bajattmontesalentejanos\/author\/admin\/"},"featured_img":"https:\/\/cpka.pt\/bajattmontesalentejanos\/wp-content\/uploads\/sites\/3\/2021\/01\/tiago-guerreiro-300x201.jpg","coauthors":[],"tax_additional":{"categories":{"linked":["<a href=\"https:\/\/cpka.pt\/bajattmontesalentejanos\/category\/news2021\/\" class=\"advgb-post-tax-term\">Not\u00edcias 2021<\/a>"],"unlinked":["<span class=\"advgb-post-tax-term\">Not\u00edcias 2021<\/span>"]}},"comment_count":"0","relative_dates":{"created":"Posted 5 anos ago","modified":"Updated 5 anos ago"},"absolute_dates":{"created":"Posted on 4 de Janeiro, 2021","modified":"Updated on 4 de Janeiro, 2021"},"absolute_dates_time":{"created":"Posted on 4 de Janeiro, 2021 14:36","modified":"Updated on 4 de Janeiro, 2021 14:36"},"featured_img_caption":"Tiago Guerreiro (Foto: D.R.)","series_order":"","_links":{"self":[{"href":"https:\/\/cpka.pt\/bajattmontesalentejanos\/wp-json\/wp\/v2\/posts\/645","targetHints":{"allow":["GET"]}}],"collection":[{"href":"https:\/\/cpka.pt\/bajattmontesalentejanos\/wp-json\/wp\/v2\/posts"}],"about":[{"href":"https:\/\/cpka.pt\/bajattmontesalentejanos\/wp-json\/wp\/v2\/types\/post"}],"author":[{"embeddable":true,"href":"https:\/\/cpka.pt\/bajattmontesalentejanos\/wp-json\/wp\/v2\/users\/1"}],"replies":[{"embeddable":true,"href":"https:\/\/cpka.pt\/bajattmontesalentejanos\/wp-json\/wp\/v2\/comments?post=645"}],"version-history":[{"count":1,"href":"https:\/\/cpka.pt\/bajattmontesalentejanos\/wp-json\/wp\/v2\/posts\/645\/revisions"}],"predecessor-version":[{"id":647,"href":"https:\/\/cpka.pt\/bajattmontesalentejanos\/wp-json\/wp\/v2\/posts\/645\/revisions\/647"}],"wp:featuredmedia":[{"embeddable":true,"href":"https:\/\/cpka.pt\/bajattmontesalentejanos\/wp-json\/wp\/v2\/media\/646"}],"wp:attachment":[{"href":"https:\/\/cpka.pt\/bajattmontesalentejanos\/wp-json\/wp\/v2\/media?parent=645"}],"wp:term":[{"taxonomy":"category","embeddable":true,"href":"https:\/\/cpka.pt\/bajattmontesalentejanos\/wp-json\/wp\/v2\/categories?post=645"},{"taxonomy":"post_tag","embeddable":true,"href":"https:\/\/cpka.pt\/bajattmontesalentejanos\/wp-json\/wp\/v2\/tags?post=645"}],"curies":[{"name":"wp","href":"https:\/\/api.w.org\/{rel}","templated":true}]}}