{"id":666,"date":"2021-01-05T11:50:00","date_gmt":"2021-01-05T11:50:00","guid":{"rendered":"https:\/\/cpka.pt\/bajattmontesalentejanos\/?p=666"},"modified":"2021-01-07T11:53:10","modified_gmt":"2021-01-07T11:53:10","slug":"cesar-e-tania-sequeira-pai-e-filha-certos-com-o-mini-cooper","status":"publish","type":"post","link":"https:\/\/cpka.pt\/bajattmontesalentejanos\/2021\/01\/05\/cesar-e-tania-sequeira-pai-e-filha-certos-com-o-mini-cooper\/","title":{"rendered":"C\u00e9sar e T\u00e2nia Sequeira, pai e filha, certos com o Mini Cooper"},"content":{"rendered":"\n<figure class=\"wp-block-image alignwide size-large\"><img loading=\"lazy\" decoding=\"async\" width=\"1024\" height=\"683\" src=\"https:\/\/cpka.pt\/bajattmontesalentejanos\/wp-content\/uploads\/sites\/3\/2021\/01\/Cesar-Sequeira-foto-JAFS-Fotosport-1024x683.jpg\" alt=\"\" class=\"wp-image-667\" srcset=\"https:\/\/cpka.pt\/bajattmontesalentejanos\/wp-content\/uploads\/sites\/3\/2021\/01\/Cesar-Sequeira-foto-JAFS-Fotosport-1024x683.jpg 1024w, https:\/\/cpka.pt\/bajattmontesalentejanos\/wp-content\/uploads\/sites\/3\/2021\/01\/Cesar-Sequeira-foto-JAFS-Fotosport-300x200.jpg 300w, https:\/\/cpka.pt\/bajattmontesalentejanos\/wp-content\/uploads\/sites\/3\/2021\/01\/Cesar-Sequeira-foto-JAFS-Fotosport-768x512.jpg 768w, https:\/\/cpka.pt\/bajattmontesalentejanos\/wp-content\/uploads\/sites\/3\/2021\/01\/Cesar-Sequeira-foto-JAFS-Fotosport-1536x1025.jpg 1536w, https:\/\/cpka.pt\/bajattmontesalentejanos\/wp-content\/uploads\/sites\/3\/2021\/01\/Cesar-Sequeira-foto-JAFS-Fotosport-1200x800.jpg 1200w, https:\/\/cpka.pt\/bajattmontesalentejanos\/wp-content\/uploads\/sites\/3\/2021\/01\/Cesar-Sequeira-foto-JAFS-Fotosport-1170x780.jpg 1170w, https:\/\/cpka.pt\/bajattmontesalentejanos\/wp-content\/uploads\/sites\/3\/2021\/01\/Cesar-Sequeira-foto-JAFS-Fotosport.jpg 2000w\" sizes=\"auto, (max-width: 1024px) 100vw, 1024px\" \/><figcaption>C\u00e9sar Sequeira (Foto: JAFS FOTOSPORT)<\/figcaption><\/figure>\n\n\n\n<p>O piloto de Mini Cooper Prot\u00f3tipo C\u00e9sar Sequeira, que faz equipa com a sua filha T\u00e2nia Sequeira, j\u00e1 est\u00e1 inscrito na Baja TT Montes Alentejanos, onde aposta lutar por um lugar nos cinco primeiros.<\/p>\n","protected":false},"excerpt":{"rendered":"<p>O piloto de Mini Cooper Prot\u00f3tipo C\u00e9sar Sequeira, que faz equipa com a sua filha T\u00e2nia Sequeira, j\u00e1 est\u00e1 inscrito na Baja TT Montes Alentejanos,&hellip;<\/p>\n","protected":false},"author":1,"featured_media":667,"comment_status":"closed","ping_status":"closed","sticky":false,"template":"","format":"standard","meta":{"advgb_blocks_editor_width":"","advgb_blocks_columns_visual_guide":"","ngg_post_thumbnail":0,"footnotes":""},"categories":[1],"tags":[16],"class_list":["post-666","post","type-post","status-publish","format-standard","has-post-thumbnail","hentry","category-news2021","tag-auto"],"gutentor_comment":0,"rise-blocks_total_comments":0,"rise-blocks_categories":[{"term_id":1,"name":"Not\u00edcias 2021","slug":"news2021","term_group":0,"term_taxonomy_id":1,"taxonomy":"category","description":"","parent":0,"count":196,"filter":"raw","cat_ID":1,"category_count":196,"category_description":"","cat_name":"Not\u00edcias 2021","category_nicename":"news2021","category_parent":0}],"rise-blocks_excerpt":"O piloto de Mini Cooper Prot\u00f3tipo C\u00e9sar Sequeira, que faz equipa com a sua filha T\u00e2nia Sequeira, j\u00e1 est\u00e1 inscrito na Baja TT Montes Alentejanos, onde aposta lutar por um lugar nos cinco primeiros.","aioseo_notices":[],"author_meta":{"display_name":"admin","author_link":"https:\/\/cpka.pt\/bajattmontesalentejanos\/author\/admin\/"},"featured_img":"https:\/\/cpka.pt\/bajattmontesalentejanos\/wp-content\/uploads\/sites\/3\/2021\/01\/Cesar-Sequeira-foto-JAFS-Fotosport-300x200.jpg","coauthors":[],"tax_additional":{"categories":{"linked":["<a href=\"https:\/\/cpka.pt\/bajattmontesalentejanos\/category\/news2021\/\" class=\"advgb-post-tax-term\">Not\u00edcias 2021<\/a>"],"unlinked":["<span class=\"advgb-post-tax-term\">Not\u00edcias 2021<\/span>"]},"tags":{"linked":["<a href=\"https:\/\/cpka.pt\/bajattmontesalentejanos\/category\/news2021\/\" class=\"advgb-post-tax-term\">AUTO<\/a>"],"unlinked":["<span class=\"advgb-post-tax-term\">AUTO<\/span>"]}},"comment_count":"0","relative_dates":{"created":"Posted 5 anos ago","modified":"Updated 5 anos ago"},"absolute_dates":{"created":"Posted on 5 de Janeiro, 2021","modified":"Updated on 7 de Janeiro, 2021"},"absolute_dates_time":{"created":"Posted on 5 de Janeiro, 2021 11:50","modified":"Updated on 7 de Janeiro, 2021 11:53"},"featured_img_caption":"C\u00e9sar Sequeira (Foto: JAFS FOTOSPORT)","series_order":"","_links":{"self":[{"href":"https:\/\/cpka.pt\/bajattmontesalentejanos\/wp-json\/wp\/v2\/posts\/666","targetHints":{"allow":["GET"]}}],"collection":[{"href":"https:\/\/cpka.pt\/bajattmontesalentejanos\/wp-json\/wp\/v2\/posts"}],"about":[{"href":"https:\/\/cpka.pt\/bajattmontesalentejanos\/wp-json\/wp\/v2\/types\/post"}],"author":[{"embeddable":true,"href":"https:\/\/cpka.pt\/bajattmontesalentejanos\/wp-json\/wp\/v2\/users\/1"}],"replies":[{"embeddable":true,"href":"https:\/\/cpka.pt\/bajattmontesalentejanos\/wp-json\/wp\/v2\/comments?post=666"}],"version-history":[{"count":1,"href":"https:\/\/cpka.pt\/bajattmontesalentejanos\/wp-json\/wp\/v2\/posts\/666\/revisions"}],"predecessor-version":[{"id":668,"href":"https:\/\/cpka.pt\/bajattmontesalentejanos\/wp-json\/wp\/v2\/posts\/666\/revisions\/668"}],"wp:featuredmedia":[{"embeddable":true,"href":"https:\/\/cpka.pt\/bajattmontesalentejanos\/wp-json\/wp\/v2\/media\/667"}],"wp:attachment":[{"href":"https:\/\/cpka.pt\/bajattmontesalentejanos\/wp-json\/wp\/v2\/media?parent=666"}],"wp:term":[{"taxonomy":"category","embeddable":true,"href":"https:\/\/cpka.pt\/bajattmontesalentejanos\/wp-json\/wp\/v2\/categories?post=666"},{"taxonomy":"post_tag","embeddable":true,"href":"https:\/\/cpka.pt\/bajattmontesalentejanos\/wp-json\/wp\/v2\/tags?post=666"}],"curies":[{"name":"wp","href":"https:\/\/api.w.org\/{rel}","templated":true}]}}