{"id":669,"date":"2021-01-06T11:57:00","date_gmt":"2021-01-06T11:57:00","guid":{"rendered":"https:\/\/cpka.pt\/bajattmontesalentejanos\/?p=669"},"modified":"2021-01-07T11:57:26","modified_gmt":"2021-01-07T11:57:26","slug":"vencedor-da-baja-tt-vindimas-do-alentejo-tiago-reis-tambem-ja-se-inscreveu","status":"publish","type":"post","link":"https:\/\/cpka.pt\/bajattmontesalentejanos\/2021\/01\/06\/vencedor-da-baja-tt-vindimas-do-alentejo-tiago-reis-tambem-ja-se-inscreveu\/","title":{"rendered":"Vencedor da Baja TT Vindimas do Alentejo, Tiago Reis, tamb\u00e9m j\u00e1 se inscreveu"},"content":{"rendered":"\n<figure class=\"wp-block-image alignwide size-large\"><img loading=\"lazy\" decoding=\"async\" width=\"1024\" height=\"636\" src=\"https:\/\/cpka.pt\/bajattmontesalentejanos\/wp-content\/uploads\/sites\/3\/2021\/01\/Tiago-Reis-Baja-TT-Vindimas-do-Alentejo-1024x636.jpg\" alt=\"\" class=\"wp-image-670\" srcset=\"https:\/\/cpka.pt\/bajattmontesalentejanos\/wp-content\/uploads\/sites\/3\/2021\/01\/Tiago-Reis-Baja-TT-Vindimas-do-Alentejo-1024x636.jpg 1024w, https:\/\/cpka.pt\/bajattmontesalentejanos\/wp-content\/uploads\/sites\/3\/2021\/01\/Tiago-Reis-Baja-TT-Vindimas-do-Alentejo-300x186.jpg 300w, https:\/\/cpka.pt\/bajattmontesalentejanos\/wp-content\/uploads\/sites\/3\/2021\/01\/Tiago-Reis-Baja-TT-Vindimas-do-Alentejo-768x477.jpg 768w, https:\/\/cpka.pt\/bajattmontesalentejanos\/wp-content\/uploads\/sites\/3\/2021\/01\/Tiago-Reis-Baja-TT-Vindimas-do-Alentejo-1536x953.jpg 1536w, https:\/\/cpka.pt\/bajattmontesalentejanos\/wp-content\/uploads\/sites\/3\/2021\/01\/Tiago-Reis-Baja-TT-Vindimas-do-Alentejo-1170x726.jpg 1170w, https:\/\/cpka.pt\/bajattmontesalentejanos\/wp-content\/uploads\/sites\/3\/2021\/01\/Tiago-Reis-Baja-TT-Vindimas-do-Alentejo.jpg 1600w\" sizes=\"auto, (max-width: 1024px) 100vw, 1024px\" \/><figcaption>Tiago Reis e Valter Cardoso, Vencedores da Baja TT Vindimas do Alentejo (Foto: D.R.)<\/figcaption><\/figure>\n\n\n\n<p>A equipa vencedora da Baja TT Vindimas do Alentejo de 2020 e Ex Campe\u00e3 Nacional de 2019, Tiago Reis e Valter Cardoso j\u00e1 confirmaram a sua participa\u00e7\u00e3o na Baja TT Montes Alentejanos, com a inten\u00e7\u00e3o de alcan\u00e7arem novamente o lugar mais alto do p\u00f3dio da primeira prova do campeonato de 2021.<\/p>\n","protected":false},"excerpt":{"rendered":"<p>A equipa vencedora da Baja TT Vindimas do Alentejo de 2020 e Ex Campe\u00e3 Nacional de 2019, Tiago Reis e Valter Cardoso j\u00e1 confirmaram a&hellip;<\/p>\n","protected":false},"author":1,"featured_media":670,"comment_status":"closed","ping_status":"closed","sticky":false,"template":"","format":"standard","meta":{"advgb_blocks_editor_width":"","advgb_blocks_columns_visual_guide":"","ngg_post_thumbnail":0,"footnotes":""},"categories":[1],"tags":[16],"class_list":["post-669","post","type-post","status-publish","format-standard","has-post-thumbnail","hentry","category-news2021","tag-auto"],"gutentor_comment":0,"rise-blocks_total_comments":0,"rise-blocks_categories":[{"term_id":1,"name":"Not\u00edcias 2021","slug":"news2021","term_group":0,"term_taxonomy_id":1,"taxonomy":"category","description":"","parent":0,"count":196,"filter":"raw","cat_ID":1,"category_count":196,"category_description":"","cat_name":"Not\u00edcias 2021","category_nicename":"news2021","category_parent":0}],"rise-blocks_excerpt":"A equipa vencedora da Baja TT Vindimas do Alentejo de 2020 e Ex Campe\u00e3 Nacional de 2019, Tiago Reis e Valter Cardoso j\u00e1 confirmaram a sua participa\u00e7\u00e3o na Baja TT Montes Alentejanos, com a inten\u00e7\u00e3o de alcan\u00e7arem novamente o lugar mais alto do p\u00f3dio da primeira prova do campeonato de 2021.","aioseo_notices":[],"author_meta":{"display_name":"admin","author_link":"https:\/\/cpka.pt\/bajattmontesalentejanos\/author\/admin\/"},"featured_img":"https:\/\/cpka.pt\/bajattmontesalentejanos\/wp-content\/uploads\/sites\/3\/2021\/01\/Tiago-Reis-Baja-TT-Vindimas-do-Alentejo-300x186.jpg","coauthors":[],"tax_additional":{"categories":{"linked":["<a href=\"https:\/\/cpka.pt\/bajattmontesalentejanos\/category\/news2021\/\" class=\"advgb-post-tax-term\">Not\u00edcias 2021<\/a>"],"unlinked":["<span class=\"advgb-post-tax-term\">Not\u00edcias 2021<\/span>"]},"tags":{"linked":["<a href=\"https:\/\/cpka.pt\/bajattmontesalentejanos\/category\/news2021\/\" class=\"advgb-post-tax-term\">AUTO<\/a>"],"unlinked":["<span class=\"advgb-post-tax-term\">AUTO<\/span>"]}},"comment_count":"0","relative_dates":{"created":"Posted 5 anos ago","modified":"Updated 5 anos ago"},"absolute_dates":{"created":"Posted on 6 de Janeiro, 2021","modified":"Updated on 7 de Janeiro, 2021"},"absolute_dates_time":{"created":"Posted on 6 de Janeiro, 2021 11:57","modified":"Updated on 7 de Janeiro, 2021 11:57"},"featured_img_caption":"Tiago Reis e Valter Cardoso, Vencedores da Baja TT Vindimas do Alentejo (Foto: D.R.)","series_order":"","_links":{"self":[{"href":"https:\/\/cpka.pt\/bajattmontesalentejanos\/wp-json\/wp\/v2\/posts\/669","targetHints":{"allow":["GET"]}}],"collection":[{"href":"https:\/\/cpka.pt\/bajattmontesalentejanos\/wp-json\/wp\/v2\/posts"}],"about":[{"href":"https:\/\/cpka.pt\/bajattmontesalentejanos\/wp-json\/wp\/v2\/types\/post"}],"author":[{"embeddable":true,"href":"https:\/\/cpka.pt\/bajattmontesalentejanos\/wp-json\/wp\/v2\/users\/1"}],"replies":[{"embeddable":true,"href":"https:\/\/cpka.pt\/bajattmontesalentejanos\/wp-json\/wp\/v2\/comments?post=669"}],"version-history":[{"count":1,"href":"https:\/\/cpka.pt\/bajattmontesalentejanos\/wp-json\/wp\/v2\/posts\/669\/revisions"}],"predecessor-version":[{"id":671,"href":"https:\/\/cpka.pt\/bajattmontesalentejanos\/wp-json\/wp\/v2\/posts\/669\/revisions\/671"}],"wp:featuredmedia":[{"embeddable":true,"href":"https:\/\/cpka.pt\/bajattmontesalentejanos\/wp-json\/wp\/v2\/media\/670"}],"wp:attachment":[{"href":"https:\/\/cpka.pt\/bajattmontesalentejanos\/wp-json\/wp\/v2\/media?parent=669"}],"wp:term":[{"taxonomy":"category","embeddable":true,"href":"https:\/\/cpka.pt\/bajattmontesalentejanos\/wp-json\/wp\/v2\/categories?post=669"},{"taxonomy":"post_tag","embeddable":true,"href":"https:\/\/cpka.pt\/bajattmontesalentejanos\/wp-json\/wp\/v2\/tags?post=669"}],"curies":[{"name":"wp","href":"https:\/\/api.w.org\/{rel}","templated":true}]}}