{"id":814,"date":"2021-01-26T10:50:00","date_gmt":"2021-01-26T10:50:00","guid":{"rendered":"https:\/\/cpka.pt\/bajattmontesalentejanos\/?p=814"},"modified":"2021-01-28T10:51:57","modified_gmt":"2021-01-28T10:51:57","slug":"pizza-voadora-paulo-fernandes-promete-espetaculo-nos-montes-alentejanos","status":"publish","type":"post","link":"https:\/\/cpka.pt\/bajattmontesalentejanos\/2021\/01\/26\/pizza-voadora-paulo-fernandes-promete-espetaculo-nos-montes-alentejanos\/","title":{"rendered":"&#8220;Pizza voadora&#8221;, Paulo Fernandes promete espet\u00e1culo nos Montes Alentejanos"},"content":{"rendered":"\n<figure class=\"wp-block-image alignwide size-large\"><img loading=\"lazy\" decoding=\"async\" width=\"1024\" height=\"648\" src=\"https:\/\/cpka.pt\/bajattmontesalentejanos\/wp-content\/uploads\/sites\/3\/2021\/01\/Paulo-Fernandes-1024x648.jpg\" alt=\"\" class=\"wp-image-815\" srcset=\"https:\/\/cpka.pt\/bajattmontesalentejanos\/wp-content\/uploads\/sites\/3\/2021\/01\/Paulo-Fernandes-1024x648.jpg 1024w, https:\/\/cpka.pt\/bajattmontesalentejanos\/wp-content\/uploads\/sites\/3\/2021\/01\/Paulo-Fernandes-300x190.jpg 300w, https:\/\/cpka.pt\/bajattmontesalentejanos\/wp-content\/uploads\/sites\/3\/2021\/01\/Paulo-Fernandes-768x486.jpg 768w, https:\/\/cpka.pt\/bajattmontesalentejanos\/wp-content\/uploads\/sites\/3\/2021\/01\/Paulo-Fernandes-1536x972.jpg 1536w, https:\/\/cpka.pt\/bajattmontesalentejanos\/wp-content\/uploads\/sites\/3\/2021\/01\/Paulo-Fernandes-1170x740.jpg 1170w, https:\/\/cpka.pt\/bajattmontesalentejanos\/wp-content\/uploads\/sites\/3\/2021\/01\/Paulo-Fernandes-350x220.jpg 350w, https:\/\/cpka.pt\/bajattmontesalentejanos\/wp-content\/uploads\/sites\/3\/2021\/01\/Paulo-Fernandes.jpg 1732w\" sizes=\"auto, (max-width: 1024px) 100vw, 1024px\" \/><figcaption>Paulo Fernandes (Foto: D.R.)<\/figcaption><\/figure>\n\n\n\n<p>O piloto de Abrantes Paulo Fernandes, que aos comandos do seu Polaris RZR XP, mais conhecido por \u201c Pizza Voadora\u201d que em todas as provas d\u00e1 espet\u00e1culo, tamb\u00e9m j\u00e1 se inscreveu e garantiu a sua participa\u00e7\u00e3o na Baja TT Montes Alentejanos.<\/p>\n","protected":false},"excerpt":{"rendered":"<p>O piloto de Abrantes Paulo Fernandes, que aos comandos do seu Polaris RZR XP, mais conhecido por \u201c Pizza Voadora\u201d que em todas as provas&hellip;<\/p>\n","protected":false},"author":1,"featured_media":815,"comment_status":"closed","ping_status":"closed","sticky":false,"template":"","format":"standard","meta":{"advgb_blocks_editor_width":"","advgb_blocks_columns_visual_guide":"","ngg_post_thumbnail":0,"footnotes":""},"categories":[1],"tags":[14],"class_list":["post-814","post","type-post","status-publish","format-standard","has-post-thumbnail","hentry","category-news2021","tag-ssv"],"gutentor_comment":0,"rise-blocks_total_comments":0,"rise-blocks_categories":[{"term_id":1,"name":"Not\u00edcias 2021","slug":"news2021","term_group":0,"term_taxonomy_id":1,"taxonomy":"category","description":"","parent":0,"count":196,"filter":"raw","cat_ID":1,"category_count":196,"category_description":"","cat_name":"Not\u00edcias 2021","category_nicename":"news2021","category_parent":0}],"rise-blocks_excerpt":"O piloto de Abrantes Paulo Fernandes, que aos comandos do seu Polaris RZR XP, mais conhecido por \u201c Pizza Voadora\u201d que em todas as provas d\u00e1 espet\u00e1culo, tamb\u00e9m j\u00e1 se inscreveu e garantiu a sua participa\u00e7\u00e3o na Baja TT Montes Alentejanos.","aioseo_notices":[],"author_meta":{"display_name":"admin","author_link":"https:\/\/cpka.pt\/bajattmontesalentejanos\/author\/admin\/"},"featured_img":"https:\/\/cpka.pt\/bajattmontesalentejanos\/wp-content\/uploads\/sites\/3\/2021\/01\/Paulo-Fernandes-300x190.jpg","coauthors":[],"tax_additional":{"categories":{"linked":["<a href=\"https:\/\/cpka.pt\/bajattmontesalentejanos\/category\/news2021\/\" class=\"advgb-post-tax-term\">Not\u00edcias 2021<\/a>"],"unlinked":["<span class=\"advgb-post-tax-term\">Not\u00edcias 2021<\/span>"]},"tags":{"linked":["<a href=\"https:\/\/cpka.pt\/bajattmontesalentejanos\/category\/news2021\/\" class=\"advgb-post-tax-term\">SSV<\/a>"],"unlinked":["<span class=\"advgb-post-tax-term\">SSV<\/span>"]}},"comment_count":"0","relative_dates":{"created":"Posted 5 anos ago","modified":"Updated 5 anos ago"},"absolute_dates":{"created":"Posted on 26 de Janeiro, 2021","modified":"Updated on 28 de Janeiro, 2021"},"absolute_dates_time":{"created":"Posted on 26 de Janeiro, 2021 10:50","modified":"Updated on 28 de Janeiro, 2021 10:51"},"featured_img_caption":"Paulo Fernandes (Foto: D.R.)","series_order":"","_links":{"self":[{"href":"https:\/\/cpka.pt\/bajattmontesalentejanos\/wp-json\/wp\/v2\/posts\/814","targetHints":{"allow":["GET"]}}],"collection":[{"href":"https:\/\/cpka.pt\/bajattmontesalentejanos\/wp-json\/wp\/v2\/posts"}],"about":[{"href":"https:\/\/cpka.pt\/bajattmontesalentejanos\/wp-json\/wp\/v2\/types\/post"}],"author":[{"embeddable":true,"href":"https:\/\/cpka.pt\/bajattmontesalentejanos\/wp-json\/wp\/v2\/users\/1"}],"replies":[{"embeddable":true,"href":"https:\/\/cpka.pt\/bajattmontesalentejanos\/wp-json\/wp\/v2\/comments?post=814"}],"version-history":[{"count":1,"href":"https:\/\/cpka.pt\/bajattmontesalentejanos\/wp-json\/wp\/v2\/posts\/814\/revisions"}],"predecessor-version":[{"id":816,"href":"https:\/\/cpka.pt\/bajattmontesalentejanos\/wp-json\/wp\/v2\/posts\/814\/revisions\/816"}],"wp:featuredmedia":[{"embeddable":true,"href":"https:\/\/cpka.pt\/bajattmontesalentejanos\/wp-json\/wp\/v2\/media\/815"}],"wp:attachment":[{"href":"https:\/\/cpka.pt\/bajattmontesalentejanos\/wp-json\/wp\/v2\/media?parent=814"}],"wp:term":[{"taxonomy":"category","embeddable":true,"href":"https:\/\/cpka.pt\/bajattmontesalentejanos\/wp-json\/wp\/v2\/categories?post=814"},{"taxonomy":"post_tag","embeddable":true,"href":"https:\/\/cpka.pt\/bajattmontesalentejanos\/wp-json\/wp\/v2\/tags?post=814"}],"curies":[{"name":"wp","href":"https:\/\/api.w.org\/{rel}","templated":true}]}}