{"id":820,"date":"2021-01-28T10:58:39","date_gmt":"2021-01-28T10:58:39","guid":{"rendered":"https:\/\/cpka.pt\/bajattmontesalentejanos\/?p=820"},"modified":"2021-05-13T11:30:09","modified_gmt":"2021-05-13T11:30:09","slug":"filipe-cameirinha-de-regresso-a-competicao-nos-montes-alentejanos","status":"publish","type":"post","link":"https:\/\/cpka.pt\/bajattmontesalentejanos\/2021\/01\/28\/filipe-cameirinha-de-regresso-a-competicao-nos-montes-alentejanos\/","title":{"rendered":"Filipe Cameirinha de regresso \u00e0 competi\u00e7\u00e3o nos Montes Alentejanos"},"content":{"rendered":"\n<div class=\"wp-block-image\"><figure class=\"alignright size-large is-resized\"><img loading=\"lazy\" decoding=\"async\" src=\"https:\/\/cpka.pt\/bajattmontesalentejanos\/wp-content\/uploads\/sites\/3\/2021\/01\/filipe-cameirinha.jpg\" alt=\"\" class=\"wp-image-821\" width=\"498\" height=\"309\" srcset=\"https:\/\/cpka.pt\/bajattmontesalentejanos\/wp-content\/uploads\/sites\/3\/2021\/01\/filipe-cameirinha.jpg 707w, https:\/\/cpka.pt\/bajattmontesalentejanos\/wp-content\/uploads\/sites\/3\/2021\/01\/filipe-cameirinha-300x186.jpg 300w\" sizes=\"auto, (max-width: 498px) 100vw, 498px\" \/><figcaption>Filipe Cameirinha (Foto: D.R.)<\/figcaption><\/figure><\/div>\n\n\n\n<p>Filipe Cameirinha o \u201cEmbaixador\u201d da Baja TT Montes Alentejanos, que este ano volta para o seu lugar preferido, que \u00e9 ser piloto\u2026 h\u00e1 j\u00e1 cerca de um ano, que confirmou a sua participa\u00e7\u00e3o na tamb\u00e9m \u201csua Baja de Beja \u201cem 2021\u2026<\/p>\n\n\n\n<p>Estamos e sempre estivemos conscientes, que se a Baja TT Montes Alentejanos renasceu, o CPKA e todos os amantes do Todo o Terreno, est\u00e3o muito gratos ao Filipe Cameirinha, porque sem a sua incans\u00e1vel ajuda, nos mais variados e dif\u00edceis aspetos, esta prova n\u00e3o tinha alcan\u00e7ado o \u00eaxito que foi atingido em 2020.<\/p>\n\n\n\n<p>Se existe piloto e navegador , que merecem divertir-se e tirar o maior prazer da condu\u00e7\u00e3o de um SSV nos estrad\u00f5es desta Baja, s\u00e3o sem d\u00favida os nossos amigos Filipe e Nuno Cavaco, que muito tamb\u00e9m trabalhou e sofreu ao volante e fora do seu trator\u2026<\/p>\n","protected":false},"excerpt":{"rendered":"<p>Filipe Cameirinha o \u201cEmbaixador\u201d da Baja TT Montes Alentejanos, que este ano volta para o seu lugar preferido, que \u00e9 ser piloto\u2026 h\u00e1 j\u00e1 cerca&hellip;<\/p>\n","protected":false},"author":1,"featured_media":821,"comment_status":"closed","ping_status":"closed","sticky":false,"template":"","format":"standard","meta":{"advgb_blocks_editor_width":"","advgb_blocks_columns_visual_guide":"","ngg_post_thumbnail":0,"footnotes":""},"categories":[1],"tags":[],"class_list":["post-820","post","type-post","status-publish","format-standard","has-post-thumbnail","hentry","category-news2021"],"gutentor_comment":0,"rise-blocks_total_comments":0,"rise-blocks_categories":[{"term_id":1,"name":"Not\u00edcias 2021","slug":"news2021","term_group":0,"term_taxonomy_id":1,"taxonomy":"category","description":"","parent":0,"count":196,"filter":"raw","cat_ID":1,"category_count":196,"category_description":"","cat_name":"Not\u00edcias 2021","category_nicename":"news2021","category_parent":0}],"rise-blocks_excerpt":"Filipe Cameirinha o \u201cEmbaixador\u201d da Baja TT Montes Alentejanos, que este ano volta para o seu lugar preferido, que \u00e9 ser piloto\u2026 h\u00e1 j\u00e1 cerca de um ano, que confirmou a sua participa\u00e7\u00e3o na tamb\u00e9m \u201csua Baja de Beja \u201cem 2021\u2026 Estamos e sempre estivemos conscientes, que se a Baja TT Montes Alentejanos renasceu, o CPKA e todos os amantes..","aioseo_notices":[],"author_meta":{"display_name":"admin","author_link":"https:\/\/cpka.pt\/bajattmontesalentejanos\/author\/admin\/"},"featured_img":"https:\/\/cpka.pt\/bajattmontesalentejanos\/wp-content\/uploads\/sites\/3\/2021\/01\/filipe-cameirinha-300x186.jpg","coauthors":[],"tax_additional":{"categories":{"linked":["<a href=\"https:\/\/cpka.pt\/bajattmontesalentejanos\/category\/news2021\/\" class=\"advgb-post-tax-term\">Not\u00edcias 2021<\/a>"],"unlinked":["<span class=\"advgb-post-tax-term\">Not\u00edcias 2021<\/span>"]}},"comment_count":"0","relative_dates":{"created":"Posted 5 anos ago","modified":"Updated 5 anos ago"},"absolute_dates":{"created":"Posted on 28 de Janeiro, 2021","modified":"Updated on 13 de Maio, 2021"},"absolute_dates_time":{"created":"Posted on 28 de Janeiro, 2021 10:58","modified":"Updated on 13 de Maio, 2021 11:30"},"featured_img_caption":"Filipe Cameirinha (Foto: D.R.)","series_order":"","_links":{"self":[{"href":"https:\/\/cpka.pt\/bajattmontesalentejanos\/wp-json\/wp\/v2\/posts\/820","targetHints":{"allow":["GET"]}}],"collection":[{"href":"https:\/\/cpka.pt\/bajattmontesalentejanos\/wp-json\/wp\/v2\/posts"}],"about":[{"href":"https:\/\/cpka.pt\/bajattmontesalentejanos\/wp-json\/wp\/v2\/types\/post"}],"author":[{"embeddable":true,"href":"https:\/\/cpka.pt\/bajattmontesalentejanos\/wp-json\/wp\/v2\/users\/1"}],"replies":[{"embeddable":true,"href":"https:\/\/cpka.pt\/bajattmontesalentejanos\/wp-json\/wp\/v2\/comments?post=820"}],"version-history":[{"count":1,"href":"https:\/\/cpka.pt\/bajattmontesalentejanos\/wp-json\/wp\/v2\/posts\/820\/revisions"}],"predecessor-version":[{"id":822,"href":"https:\/\/cpka.pt\/bajattmontesalentejanos\/wp-json\/wp\/v2\/posts\/820\/revisions\/822"}],"wp:featuredmedia":[{"embeddable":true,"href":"https:\/\/cpka.pt\/bajattmontesalentejanos\/wp-json\/wp\/v2\/media\/821"}],"wp:attachment":[{"href":"https:\/\/cpka.pt\/bajattmontesalentejanos\/wp-json\/wp\/v2\/media?parent=820"}],"wp:term":[{"taxonomy":"category","embeddable":true,"href":"https:\/\/cpka.pt\/bajattmontesalentejanos\/wp-json\/wp\/v2\/categories?post=820"},{"taxonomy":"post_tag","embeddable":true,"href":"https:\/\/cpka.pt\/bajattmontesalentejanos\/wp-json\/wp\/v2\/tags?post=820"}],"curies":[{"name":"wp","href":"https:\/\/api.w.org\/{rel}","templated":true}]}}