{"id":823,"date":"2021-01-28T21:54:00","date_gmt":"2021-01-28T21:54:00","guid":{"rendered":"https:\/\/cpka.pt\/bajattmontesalentejanos\/?p=823"},"modified":"2021-01-29T21:57:42","modified_gmt":"2021-01-29T21:57:42","slug":"sergio-batista-promete-rapidez-na-baja-tt-montes-alentejanos","status":"publish","type":"post","link":"https:\/\/cpka.pt\/bajattmontesalentejanos\/2021\/01\/28\/sergio-batista-promete-rapidez-na-baja-tt-montes-alentejanos\/","title":{"rendered":"S\u00e9rgio Batista promete rapidez na Baja TT Montes Alentejanos"},"content":{"rendered":"\n<div class=\"wp-block-image\"><figure class=\"alignright size-large is-resized\"><img loading=\"lazy\" decoding=\"async\" src=\"https:\/\/cpka.pt\/bajattmontesalentejanos\/wp-content\/uploads\/sites\/3\/2021\/01\/sergio-batista.jpg\" alt=\"\" class=\"wp-image-824\" width=\"544\" height=\"336\" srcset=\"https:\/\/cpka.pt\/bajattmontesalentejanos\/wp-content\/uploads\/sites\/3\/2021\/01\/sergio-batista.jpg 638w, https:\/\/cpka.pt\/bajattmontesalentejanos\/wp-content\/uploads\/sites\/3\/2021\/01\/sergio-batista-300x185.jpg 300w\" sizes=\"auto, (max-width: 544px) 100vw, 544px\" \/><figcaption>S\u00e9rgio Batista (Foto: D. R.)<\/figcaption><\/figure><\/div>\n\n\n\n<p>S\u00e9rgio Batista \u00e9 sem d\u00favida um dos mais r\u00e1pidos pilotos do Campeonato Nacional de Todo o Terreno, que integra a forte equipa da Benimoto Racing, que j\u00e1 se inscreveu e confirmou a sua participa\u00e7\u00e3o na Baja TT Montes Alentejanos.<\/p>\n","protected":false},"excerpt":{"rendered":"<p>S\u00e9rgio Batista \u00e9 sem d\u00favida um dos mais r\u00e1pidos pilotos do Campeonato Nacional de Todo o Terreno, que integra a forte equipa da Benimoto Racing,&hellip;<\/p>\n","protected":false},"author":1,"featured_media":824,"comment_status":"closed","ping_status":"closed","sticky":false,"template":"","format":"standard","meta":{"advgb_blocks_editor_width":"","advgb_blocks_columns_visual_guide":"","ngg_post_thumbnail":0,"footnotes":""},"categories":[1],"tags":[14],"class_list":["post-823","post","type-post","status-publish","format-standard","has-post-thumbnail","hentry","category-news2021","tag-ssv"],"gutentor_comment":0,"rise-blocks_total_comments":0,"rise-blocks_categories":[{"term_id":1,"name":"Not\u00edcias 2021","slug":"news2021","term_group":0,"term_taxonomy_id":1,"taxonomy":"category","description":"","parent":0,"count":196,"filter":"raw","cat_ID":1,"category_count":196,"category_description":"","cat_name":"Not\u00edcias 2021","category_nicename":"news2021","category_parent":0}],"rise-blocks_excerpt":"S\u00e9rgio Batista \u00e9 sem d\u00favida um dos mais r\u00e1pidos pilotos do Campeonato Nacional de Todo o Terreno, que integra a forte equipa da Benimoto Racing, que j\u00e1 se inscreveu e confirmou a sua participa\u00e7\u00e3o na Baja TT Montes Alentejanos.","aioseo_notices":[],"author_meta":{"display_name":"admin","author_link":"https:\/\/cpka.pt\/bajattmontesalentejanos\/author\/admin\/"},"featured_img":"https:\/\/cpka.pt\/bajattmontesalentejanos\/wp-content\/uploads\/sites\/3\/2021\/01\/sergio-batista-300x185.jpg","coauthors":[],"tax_additional":{"categories":{"linked":["<a href=\"https:\/\/cpka.pt\/bajattmontesalentejanos\/category\/news2021\/\" class=\"advgb-post-tax-term\">Not\u00edcias 2021<\/a>"],"unlinked":["<span class=\"advgb-post-tax-term\">Not\u00edcias 2021<\/span>"]},"tags":{"linked":["<a href=\"https:\/\/cpka.pt\/bajattmontesalentejanos\/category\/news2021\/\" class=\"advgb-post-tax-term\">SSV<\/a>"],"unlinked":["<span class=\"advgb-post-tax-term\">SSV<\/span>"]}},"comment_count":"0","relative_dates":{"created":"Posted 5 anos ago","modified":"Updated 5 anos ago"},"absolute_dates":{"created":"Posted on 28 de Janeiro, 2021","modified":"Updated on 29 de Janeiro, 2021"},"absolute_dates_time":{"created":"Posted on 28 de Janeiro, 2021 21:54","modified":"Updated on 29 de Janeiro, 2021 21:57"},"featured_img_caption":"S\u00e9rgio Batista (Foto: D. R.)","series_order":"","_links":{"self":[{"href":"https:\/\/cpka.pt\/bajattmontesalentejanos\/wp-json\/wp\/v2\/posts\/823","targetHints":{"allow":["GET"]}}],"collection":[{"href":"https:\/\/cpka.pt\/bajattmontesalentejanos\/wp-json\/wp\/v2\/posts"}],"about":[{"href":"https:\/\/cpka.pt\/bajattmontesalentejanos\/wp-json\/wp\/v2\/types\/post"}],"author":[{"embeddable":true,"href":"https:\/\/cpka.pt\/bajattmontesalentejanos\/wp-json\/wp\/v2\/users\/1"}],"replies":[{"embeddable":true,"href":"https:\/\/cpka.pt\/bajattmontesalentejanos\/wp-json\/wp\/v2\/comments?post=823"}],"version-history":[{"count":1,"href":"https:\/\/cpka.pt\/bajattmontesalentejanos\/wp-json\/wp\/v2\/posts\/823\/revisions"}],"predecessor-version":[{"id":825,"href":"https:\/\/cpka.pt\/bajattmontesalentejanos\/wp-json\/wp\/v2\/posts\/823\/revisions\/825"}],"wp:featuredmedia":[{"embeddable":true,"href":"https:\/\/cpka.pt\/bajattmontesalentejanos\/wp-json\/wp\/v2\/media\/824"}],"wp:attachment":[{"href":"https:\/\/cpka.pt\/bajattmontesalentejanos\/wp-json\/wp\/v2\/media?parent=823"}],"wp:term":[{"taxonomy":"category","embeddable":true,"href":"https:\/\/cpka.pt\/bajattmontesalentejanos\/wp-json\/wp\/v2\/categories?post=823"},{"taxonomy":"post_tag","embeddable":true,"href":"https:\/\/cpka.pt\/bajattmontesalentejanos\/wp-json\/wp\/v2\/tags?post=823"}],"curies":[{"name":"wp","href":"https:\/\/api.w.org\/{rel}","templated":true}]}}