{"id":826,"date":"2021-01-29T22:00:34","date_gmt":"2021-01-29T22:00:34","guid":{"rendered":"https:\/\/cpka.pt\/bajattmontesalentejanos\/?p=826"},"modified":"2021-01-29T22:00:38","modified_gmt":"2021-01-29T22:00:38","slug":"confirmado-o-capitao-da-equipa-do-vitoria-fc-by-sgs-car-pedro-carvalho","status":"publish","type":"post","link":"https:\/\/cpka.pt\/bajattmontesalentejanos\/2021\/01\/29\/confirmado-o-capitao-da-equipa-do-vitoria-fc-by-sgs-car-pedro-carvalho\/","title":{"rendered":"Confirmado o capit\u00e3o da equipa do Vitoria FC by SGS Car, Pedro Carvalho"},"content":{"rendered":"\n<figure class=\"wp-block-image alignwide size-large\"><img loading=\"lazy\" decoding=\"async\" width=\"1024\" height=\"662\" src=\"https:\/\/cpka.pt\/bajattmontesalentejanos\/wp-content\/uploads\/sites\/3\/2021\/01\/Pedro-Carvalho-1024x662.jpg\" alt=\"\" class=\"wp-image-827\" srcset=\"https:\/\/cpka.pt\/bajattmontesalentejanos\/wp-content\/uploads\/sites\/3\/2021\/01\/Pedro-Carvalho-1024x662.jpg 1024w, https:\/\/cpka.pt\/bajattmontesalentejanos\/wp-content\/uploads\/sites\/3\/2021\/01\/Pedro-Carvalho-300x194.jpg 300w, https:\/\/cpka.pt\/bajattmontesalentejanos\/wp-content\/uploads\/sites\/3\/2021\/01\/Pedro-Carvalho-768x496.jpg 768w, https:\/\/cpka.pt\/bajattmontesalentejanos\/wp-content\/uploads\/sites\/3\/2021\/01\/Pedro-Carvalho-1170x756.jpg 1170w, https:\/\/cpka.pt\/bajattmontesalentejanos\/wp-content\/uploads\/sites\/3\/2021\/01\/Pedro-Carvalho.jpg 1345w\" sizes=\"auto, (max-width: 1024px) 100vw, 1024px\" \/><figcaption>Pedro Carvalho (Foto: D.R.)<\/figcaption><\/figure>\n\n\n\n<p>O Capit\u00e3o da equipa do Vitoria FC by SGS Car, o piloto Pedro Carvalho que em todas as provas faz parte do enorme lote de pilotos que lutam pelo p\u00f3dio, tamb\u00e9m j\u00e1 est\u00e1 inscrito na Baja TT Montes Alentejanos, onde em 2020 lutou pela vit\u00f3ria at\u00e9 aos \u00faltimos metros da prova.<\/p>\n","protected":false},"excerpt":{"rendered":"<p>O Capit\u00e3o da equipa do Vitoria FC by SGS Car, o piloto Pedro Carvalho que em todas as provas faz parte do enorme lote de&hellip;<\/p>\n","protected":false},"author":1,"featured_media":827,"comment_status":"closed","ping_status":"closed","sticky":false,"template":"","format":"standard","meta":{"advgb_blocks_editor_width":"","advgb_blocks_columns_visual_guide":"","ngg_post_thumbnail":0,"footnotes":""},"categories":[1],"tags":[14],"class_list":["post-826","post","type-post","status-publish","format-standard","has-post-thumbnail","hentry","category-news2021","tag-ssv"],"gutentor_comment":0,"rise-blocks_total_comments":0,"rise-blocks_categories":[{"term_id":1,"name":"Not\u00edcias 2021","slug":"news2021","term_group":0,"term_taxonomy_id":1,"taxonomy":"category","description":"","parent":0,"count":196,"filter":"raw","cat_ID":1,"category_count":196,"category_description":"","cat_name":"Not\u00edcias 2021","category_nicename":"news2021","category_parent":0}],"rise-blocks_excerpt":"O Capit\u00e3o da equipa do Vitoria FC by SGS Car, o piloto Pedro Carvalho que em todas as provas faz parte do enorme lote de pilotos que lutam pelo p\u00f3dio, tamb\u00e9m j\u00e1 est\u00e1 inscrito na Baja TT Montes Alentejanos, onde em 2020 lutou pela vit\u00f3ria at\u00e9 aos \u00faltimos metros da prova.","aioseo_notices":[],"author_meta":{"display_name":"admin","author_link":"https:\/\/cpka.pt\/bajattmontesalentejanos\/author\/admin\/"},"featured_img":"https:\/\/cpka.pt\/bajattmontesalentejanos\/wp-content\/uploads\/sites\/3\/2021\/01\/Pedro-Carvalho-300x194.jpg","coauthors":[],"tax_additional":{"categories":{"linked":["<a href=\"https:\/\/cpka.pt\/bajattmontesalentejanos\/category\/news2021\/\" class=\"advgb-post-tax-term\">Not\u00edcias 2021<\/a>"],"unlinked":["<span class=\"advgb-post-tax-term\">Not\u00edcias 2021<\/span>"]},"tags":{"linked":["<a href=\"https:\/\/cpka.pt\/bajattmontesalentejanos\/category\/news2021\/\" class=\"advgb-post-tax-term\">SSV<\/a>"],"unlinked":["<span class=\"advgb-post-tax-term\">SSV<\/span>"]}},"comment_count":"0","relative_dates":{"created":"Posted 5 anos ago","modified":"Updated 5 anos ago"},"absolute_dates":{"created":"Posted on 29 de Janeiro, 2021","modified":"Updated on 29 de Janeiro, 2021"},"absolute_dates_time":{"created":"Posted on 29 de Janeiro, 2021 22:00","modified":"Updated on 29 de Janeiro, 2021 22:00"},"featured_img_caption":"Pedro Carvalho (Foto: D.R.)","series_order":"","_links":{"self":[{"href":"https:\/\/cpka.pt\/bajattmontesalentejanos\/wp-json\/wp\/v2\/posts\/826","targetHints":{"allow":["GET"]}}],"collection":[{"href":"https:\/\/cpka.pt\/bajattmontesalentejanos\/wp-json\/wp\/v2\/posts"}],"about":[{"href":"https:\/\/cpka.pt\/bajattmontesalentejanos\/wp-json\/wp\/v2\/types\/post"}],"author":[{"embeddable":true,"href":"https:\/\/cpka.pt\/bajattmontesalentejanos\/wp-json\/wp\/v2\/users\/1"}],"replies":[{"embeddable":true,"href":"https:\/\/cpka.pt\/bajattmontesalentejanos\/wp-json\/wp\/v2\/comments?post=826"}],"version-history":[{"count":1,"href":"https:\/\/cpka.pt\/bajattmontesalentejanos\/wp-json\/wp\/v2\/posts\/826\/revisions"}],"predecessor-version":[{"id":828,"href":"https:\/\/cpka.pt\/bajattmontesalentejanos\/wp-json\/wp\/v2\/posts\/826\/revisions\/828"}],"wp:featuredmedia":[{"embeddable":true,"href":"https:\/\/cpka.pt\/bajattmontesalentejanos\/wp-json\/wp\/v2\/media\/827"}],"wp:attachment":[{"href":"https:\/\/cpka.pt\/bajattmontesalentejanos\/wp-json\/wp\/v2\/media?parent=826"}],"wp:term":[{"taxonomy":"category","embeddable":true,"href":"https:\/\/cpka.pt\/bajattmontesalentejanos\/wp-json\/wp\/v2\/categories?post=826"},{"taxonomy":"post_tag","embeddable":true,"href":"https:\/\/cpka.pt\/bajattmontesalentejanos\/wp-json\/wp\/v2\/tags?post=826"}],"curies":[{"name":"wp","href":"https:\/\/api.w.org\/{rel}","templated":true}]}}