{"id":830,"date":"2021-02-01T15:51:00","date_gmt":"2021-02-01T15:51:00","guid":{"rendered":"https:\/\/cpka.pt\/bajattmontesalentejanos\/?p=830"},"modified":"2021-02-03T15:54:27","modified_gmt":"2021-02-03T15:54:27","slug":"mundinat-com-arnaldo-monteiro-confirmados-na-baja","status":"publish","type":"post","link":"https:\/\/cpka.pt\/bajattmontesalentejanos\/2021\/02\/01\/mundinat-com-arnaldo-monteiro-confirmados-na-baja\/","title":{"rendered":"Mundinat com Arnaldo Monteiro confirmados na Baja"},"content":{"rendered":"\n<figure class=\"wp-block-image alignwide size-large\"><img loading=\"lazy\" decoding=\"async\" width=\"1024\" height=\"705\" src=\"https:\/\/cpka.pt\/bajattmontesalentejanos\/wp-content\/uploads\/sites\/3\/2021\/02\/Arnaldo-Monteiro-1024x705.jpg\" alt=\"\" class=\"wp-image-831\" srcset=\"https:\/\/cpka.pt\/bajattmontesalentejanos\/wp-content\/uploads\/sites\/3\/2021\/02\/Arnaldo-Monteiro-1024x705.jpg 1024w, https:\/\/cpka.pt\/bajattmontesalentejanos\/wp-content\/uploads\/sites\/3\/2021\/02\/Arnaldo-Monteiro-300x207.jpg 300w, https:\/\/cpka.pt\/bajattmontesalentejanos\/wp-content\/uploads\/sites\/3\/2021\/02\/Arnaldo-Monteiro-768x529.jpg 768w, https:\/\/cpka.pt\/bajattmontesalentejanos\/wp-content\/uploads\/sites\/3\/2021\/02\/Arnaldo-Monteiro-1536x1058.jpg 1536w, https:\/\/cpka.pt\/bajattmontesalentejanos\/wp-content\/uploads\/sites\/3\/2021\/02\/Arnaldo-Monteiro-1170x806.jpg 1170w, https:\/\/cpka.pt\/bajattmontesalentejanos\/wp-content\/uploads\/sites\/3\/2021\/02\/Arnaldo-Monteiro.jpg 1764w\" sizes=\"auto, (max-width: 1024px) 100vw, 1024px\" \/><figcaption>Arnaldo Monteiro (Foto: D.R.)<\/figcaption><\/figure>\n\n\n\n<p>Arnaldo Monteiro e o seu navegador Nuno Morais, da equipa que corre com as cores da Mundimat, j\u00e1 se inscreveram na Baja TT Montes Alentejanos, confirmando assim a participa\u00e7\u00e3o na prova, que tem os estrad\u00f5es mais espetaculares e r\u00e1pidos do Sul do Alentejo.<\/p>\n","protected":false},"excerpt":{"rendered":"<p>Arnaldo Monteiro e o seu navegador Nuno Morais, da equipa que corre com as cores da Mundimat, j\u00e1 se inscreveram na Baja TT Montes Alentejanos,&hellip;<\/p>\n","protected":false},"author":1,"featured_media":831,"comment_status":"closed","ping_status":"closed","sticky":false,"template":"","format":"standard","meta":{"advgb_blocks_editor_width":"","advgb_blocks_columns_visual_guide":"","ngg_post_thumbnail":0,"footnotes":""},"categories":[1],"tags":[14],"class_list":["post-830","post","type-post","status-publish","format-standard","has-post-thumbnail","hentry","category-news2021","tag-ssv"],"gutentor_comment":0,"rise-blocks_total_comments":0,"rise-blocks_categories":[{"term_id":1,"name":"Not\u00edcias 2021","slug":"news2021","term_group":0,"term_taxonomy_id":1,"taxonomy":"category","description":"","parent":0,"count":196,"filter":"raw","cat_ID":1,"category_count":196,"category_description":"","cat_name":"Not\u00edcias 2021","category_nicename":"news2021","category_parent":0}],"rise-blocks_excerpt":"Arnaldo Monteiro e o seu navegador Nuno Morais, da equipa que corre com as cores da Mundimat, j\u00e1 se inscreveram na Baja TT Montes Alentejanos, confirmando assim a participa\u00e7\u00e3o na prova, que tem os estrad\u00f5es mais espetaculares e r\u00e1pidos do Sul do Alentejo.","aioseo_notices":[],"author_meta":{"display_name":"admin","author_link":"https:\/\/cpka.pt\/bajattmontesalentejanos\/author\/admin\/"},"featured_img":"https:\/\/cpka.pt\/bajattmontesalentejanos\/wp-content\/uploads\/sites\/3\/2021\/02\/Arnaldo-Monteiro-300x207.jpg","coauthors":[],"tax_additional":{"categories":{"linked":["<a href=\"https:\/\/cpka.pt\/bajattmontesalentejanos\/category\/news2021\/\" class=\"advgb-post-tax-term\">Not\u00edcias 2021<\/a>"],"unlinked":["<span class=\"advgb-post-tax-term\">Not\u00edcias 2021<\/span>"]},"tags":{"linked":["<a href=\"https:\/\/cpka.pt\/bajattmontesalentejanos\/category\/news2021\/\" class=\"advgb-post-tax-term\">SSV<\/a>"],"unlinked":["<span class=\"advgb-post-tax-term\">SSV<\/span>"]}},"comment_count":"0","relative_dates":{"created":"Posted 5 anos ago","modified":"Updated 5 anos ago"},"absolute_dates":{"created":"Posted on 1 de Fevereiro, 2021","modified":"Updated on 3 de Fevereiro, 2021"},"absolute_dates_time":{"created":"Posted on 1 de Fevereiro, 2021 15:51","modified":"Updated on 3 de Fevereiro, 2021 15:54"},"featured_img_caption":"Arnaldo Monteiro (Foto: D.R.)","series_order":"","_links":{"self":[{"href":"https:\/\/cpka.pt\/bajattmontesalentejanos\/wp-json\/wp\/v2\/posts\/830","targetHints":{"allow":["GET"]}}],"collection":[{"href":"https:\/\/cpka.pt\/bajattmontesalentejanos\/wp-json\/wp\/v2\/posts"}],"about":[{"href":"https:\/\/cpka.pt\/bajattmontesalentejanos\/wp-json\/wp\/v2\/types\/post"}],"author":[{"embeddable":true,"href":"https:\/\/cpka.pt\/bajattmontesalentejanos\/wp-json\/wp\/v2\/users\/1"}],"replies":[{"embeddable":true,"href":"https:\/\/cpka.pt\/bajattmontesalentejanos\/wp-json\/wp\/v2\/comments?post=830"}],"version-history":[{"count":1,"href":"https:\/\/cpka.pt\/bajattmontesalentejanos\/wp-json\/wp\/v2\/posts\/830\/revisions"}],"predecessor-version":[{"id":832,"href":"https:\/\/cpka.pt\/bajattmontesalentejanos\/wp-json\/wp\/v2\/posts\/830\/revisions\/832"}],"wp:featuredmedia":[{"embeddable":true,"href":"https:\/\/cpka.pt\/bajattmontesalentejanos\/wp-json\/wp\/v2\/media\/831"}],"wp:attachment":[{"href":"https:\/\/cpka.pt\/bajattmontesalentejanos\/wp-json\/wp\/v2\/media?parent=830"}],"wp:term":[{"taxonomy":"category","embeddable":true,"href":"https:\/\/cpka.pt\/bajattmontesalentejanos\/wp-json\/wp\/v2\/categories?post=830"},{"taxonomy":"post_tag","embeddable":true,"href":"https:\/\/cpka.pt\/bajattmontesalentejanos\/wp-json\/wp\/v2\/tags?post=830"}],"curies":[{"name":"wp","href":"https:\/\/api.w.org\/{rel}","templated":true}]}}