{"id":833,"date":"2021-02-03T09:46:00","date_gmt":"2021-02-03T09:46:00","guid":{"rendered":"https:\/\/cpka.pt\/bajattmontesalentejanos\/?p=833"},"modified":"2021-02-09T09:53:52","modified_gmt":"2021-02-09T09:53:52","slug":"equipa-bp-ultimate-confirmou-luis-portela-de-morais-no-alentejo","status":"publish","type":"post","link":"https:\/\/cpka.pt\/bajattmontesalentejanos\/2021\/02\/03\/equipa-bp-ultimate-confirmou-luis-portela-de-morais-no-alentejo\/","title":{"rendered":"Equipa BP Ultimate confirmou Lu\u00eds Portela de Morais no Alentejo"},"content":{"rendered":"\n<figure class=\"wp-block-image alignwide size-large\"><img loading=\"lazy\" decoding=\"async\" width=\"1024\" height=\"683\" src=\"https:\/\/cpka.pt\/bajattmontesalentejanos\/wp-content\/uploads\/sites\/3\/2021\/02\/Luis-Portela-1024x683.jpg\" alt=\"\" class=\"wp-image-834\" srcset=\"https:\/\/cpka.pt\/bajattmontesalentejanos\/wp-content\/uploads\/sites\/3\/2021\/02\/Luis-Portela-1024x683.jpg 1024w, https:\/\/cpka.pt\/bajattmontesalentejanos\/wp-content\/uploads\/sites\/3\/2021\/02\/Luis-Portela-300x200.jpg 300w, https:\/\/cpka.pt\/bajattmontesalentejanos\/wp-content\/uploads\/sites\/3\/2021\/02\/Luis-Portela-768x512.jpg 768w, https:\/\/cpka.pt\/bajattmontesalentejanos\/wp-content\/uploads\/sites\/3\/2021\/02\/Luis-Portela-1200x800.jpg 1200w, https:\/\/cpka.pt\/bajattmontesalentejanos\/wp-content\/uploads\/sites\/3\/2021\/02\/Luis-Portela-1170x781.jpg 1170w, https:\/\/cpka.pt\/bajattmontesalentejanos\/wp-content\/uploads\/sites\/3\/2021\/02\/Luis-Portela.jpg 1334w\" sizes=\"auto, (max-width: 1024px) 100vw, 1024px\" \/><figcaption>Lu\u00eds Portela de Morais (Foto: D.R.)<\/figcaption><\/figure>\n\n\n\n<p>A equipa BP Ultimate j\u00e1 inscreveu e confirmou a dupla Lu\u00eds Portela de Morais \/ Tom\u00e1s Neves, na Baja TT Montes Alentejanos,<\/p>\n\n\n\n<p>Na Baja do Baixo Alentejo, Lu\u00eds Portela de Morais, pode mesmo dizer que ira correr em casa devido \u00e1s fortes liga\u00e7\u00f5es a Beja.<\/p>\n","protected":false},"excerpt":{"rendered":"<p>A equipa BP Ultimate j\u00e1 inscreveu e confirmou a dupla Lu\u00eds Portela de Morais \/ Tom\u00e1s Neves, na Baja TT Montes Alentejanos, Na Baja do&hellip;<\/p>\n","protected":false},"author":1,"featured_media":834,"comment_status":"closed","ping_status":"closed","sticky":false,"template":"","format":"standard","meta":{"advgb_blocks_editor_width":"","advgb_blocks_columns_visual_guide":"","ngg_post_thumbnail":0,"footnotes":""},"categories":[1],"tags":[14],"class_list":["post-833","post","type-post","status-publish","format-standard","has-post-thumbnail","hentry","category-news2021","tag-ssv"],"gutentor_comment":0,"rise-blocks_total_comments":0,"rise-blocks_categories":[{"term_id":1,"name":"Not\u00edcias 2021","slug":"news2021","term_group":0,"term_taxonomy_id":1,"taxonomy":"category","description":"","parent":0,"count":196,"filter":"raw","cat_ID":1,"category_count":196,"category_description":"","cat_name":"Not\u00edcias 2021","category_nicename":"news2021","category_parent":0}],"rise-blocks_excerpt":"A equipa BP Ultimate j\u00e1 inscreveu e confirmou a dupla Lu\u00eds Portela de Morais \/ Tom\u00e1s Neves, na Baja TT Montes Alentejanos, Na Baja do Baixo Alentejo, Lu\u00eds Portela de Morais, pode mesmo dizer que ira correr em casa devido \u00e1s fortes liga\u00e7\u00f5es a Beja.","aioseo_notices":[],"author_meta":{"display_name":"admin","author_link":"https:\/\/cpka.pt\/bajattmontesalentejanos\/author\/admin\/"},"featured_img":"https:\/\/cpka.pt\/bajattmontesalentejanos\/wp-content\/uploads\/sites\/3\/2021\/02\/Luis-Portela-300x200.jpg","coauthors":[],"tax_additional":{"categories":{"linked":["<a href=\"https:\/\/cpka.pt\/bajattmontesalentejanos\/category\/news2021\/\" class=\"advgb-post-tax-term\">Not\u00edcias 2021<\/a>"],"unlinked":["<span class=\"advgb-post-tax-term\">Not\u00edcias 2021<\/span>"]},"tags":{"linked":["<a href=\"https:\/\/cpka.pt\/bajattmontesalentejanos\/category\/news2021\/\" class=\"advgb-post-tax-term\">SSV<\/a>"],"unlinked":["<span class=\"advgb-post-tax-term\">SSV<\/span>"]}},"comment_count":"0","relative_dates":{"created":"Posted 5 anos ago","modified":"Updated 5 anos ago"},"absolute_dates":{"created":"Posted on 3 de Fevereiro, 2021","modified":"Updated on 9 de Fevereiro, 2021"},"absolute_dates_time":{"created":"Posted on 3 de Fevereiro, 2021 9:46","modified":"Updated on 9 de Fevereiro, 2021 9:53"},"featured_img_caption":"Lu\u00eds Portela de Morais (Foto: D.R.)","series_order":"","_links":{"self":[{"href":"https:\/\/cpka.pt\/bajattmontesalentejanos\/wp-json\/wp\/v2\/posts\/833","targetHints":{"allow":["GET"]}}],"collection":[{"href":"https:\/\/cpka.pt\/bajattmontesalentejanos\/wp-json\/wp\/v2\/posts"}],"about":[{"href":"https:\/\/cpka.pt\/bajattmontesalentejanos\/wp-json\/wp\/v2\/types\/post"}],"author":[{"embeddable":true,"href":"https:\/\/cpka.pt\/bajattmontesalentejanos\/wp-json\/wp\/v2\/users\/1"}],"replies":[{"embeddable":true,"href":"https:\/\/cpka.pt\/bajattmontesalentejanos\/wp-json\/wp\/v2\/comments?post=833"}],"version-history":[{"count":1,"href":"https:\/\/cpka.pt\/bajattmontesalentejanos\/wp-json\/wp\/v2\/posts\/833\/revisions"}],"predecessor-version":[{"id":835,"href":"https:\/\/cpka.pt\/bajattmontesalentejanos\/wp-json\/wp\/v2\/posts\/833\/revisions\/835"}],"wp:featuredmedia":[{"embeddable":true,"href":"https:\/\/cpka.pt\/bajattmontesalentejanos\/wp-json\/wp\/v2\/media\/834"}],"wp:attachment":[{"href":"https:\/\/cpka.pt\/bajattmontesalentejanos\/wp-json\/wp\/v2\/media?parent=833"}],"wp:term":[{"taxonomy":"category","embeddable":true,"href":"https:\/\/cpka.pt\/bajattmontesalentejanos\/wp-json\/wp\/v2\/categories?post=833"},{"taxonomy":"post_tag","embeddable":true,"href":"https:\/\/cpka.pt\/bajattmontesalentejanos\/wp-json\/wp\/v2\/tags?post=833"}],"curies":[{"name":"wp","href":"https:\/\/api.w.org\/{rel}","templated":true}]}}