{"id":836,"date":"2021-02-04T09:54:00","date_gmt":"2021-02-04T09:54:00","guid":{"rendered":"https:\/\/cpka.pt\/bajattmontesalentejanos\/?p=836"},"modified":"2021-02-09T10:04:23","modified_gmt":"2021-02-09T10:04:23","slug":"vitor-santos-com-a-speedfreak-na-baja-tt","status":"publish","type":"post","link":"https:\/\/cpka.pt\/bajattmontesalentejanos\/2021\/02\/04\/vitor-santos-com-a-speedfreak-na-baja-tt\/","title":{"rendered":"V\u00edtor Santos com a Speedfreak na Baja TT"},"content":{"rendered":"\n<figure class=\"wp-block-image alignwide size-large\"><img loading=\"lazy\" decoding=\"async\" width=\"1024\" height=\"682\" src=\"https:\/\/cpka.pt\/bajattmontesalentejanos\/wp-content\/uploads\/sites\/3\/2021\/02\/Vitor-Santos-1024x682.jpg\" alt=\"\" class=\"wp-image-837\" srcset=\"https:\/\/cpka.pt\/bajattmontesalentejanos\/wp-content\/uploads\/sites\/3\/2021\/02\/Vitor-Santos-1024x682.jpg 1024w, https:\/\/cpka.pt\/bajattmontesalentejanos\/wp-content\/uploads\/sites\/3\/2021\/02\/Vitor-Santos-300x200.jpg 300w, https:\/\/cpka.pt\/bajattmontesalentejanos\/wp-content\/uploads\/sites\/3\/2021\/02\/Vitor-Santos-768x512.jpg 768w, https:\/\/cpka.pt\/bajattmontesalentejanos\/wp-content\/uploads\/sites\/3\/2021\/02\/Vitor-Santos-1200x800.jpg 1200w, https:\/\/cpka.pt\/bajattmontesalentejanos\/wp-content\/uploads\/sites\/3\/2021\/02\/Vitor-Santos-1170x780.jpg 1170w, https:\/\/cpka.pt\/bajattmontesalentejanos\/wp-content\/uploads\/sites\/3\/2021\/02\/Vitor-Santos.jpg 1280w\" sizes=\"auto, (max-width: 1024px) 100vw, 1024px\" \/><figcaption>V\u00edtor Santos (Foto: D.R.)<\/figcaption><\/figure>\n\n\n\n<p>O piloto V\u00edtor Santos e o seu navegador Greg\u00f3rio Pereira da equipa Speedfreak, j\u00e1 est\u00e3o inscritos na Baja TT Montes Alentejanos.<\/p>\n\n\n\n<p>O veterano piloto de Vila Nova de Gaia, como sempre, vai ser mais um dos muitos pilotos que lutam pelo p\u00f3dio.<\/p>\n","protected":false},"excerpt":{"rendered":"<p>O piloto V\u00edtor Santos e o seu navegador Greg\u00f3rio Pereira da equipa Speedfreak, j\u00e1 est\u00e3o inscritos na Baja TT Montes Alentejanos. O veterano piloto de&hellip;<\/p>\n","protected":false},"author":1,"featured_media":837,"comment_status":"closed","ping_status":"closed","sticky":false,"template":"","format":"standard","meta":{"advgb_blocks_editor_width":"","advgb_blocks_columns_visual_guide":"","ngg_post_thumbnail":0,"footnotes":""},"categories":[1],"tags":[],"class_list":["post-836","post","type-post","status-publish","format-standard","has-post-thumbnail","hentry","category-news2021"],"gutentor_comment":0,"rise-blocks_total_comments":0,"rise-blocks_categories":[{"term_id":1,"name":"Not\u00edcias 2021","slug":"news2021","term_group":0,"term_taxonomy_id":1,"taxonomy":"category","description":"","parent":0,"count":196,"filter":"raw","cat_ID":1,"category_count":196,"category_description":"","cat_name":"Not\u00edcias 2021","category_nicename":"news2021","category_parent":0}],"rise-blocks_excerpt":"O piloto V\u00edtor Santos e o seu navegador Greg\u00f3rio Pereira da equipa Speedfreak, j\u00e1 est\u00e3o inscritos na Baja TT Montes Alentejanos. O veterano piloto de Vila Nova de Gaia, como sempre, vai ser mais um dos muitos pilotos que lutam pelo p\u00f3dio.","aioseo_notices":[],"author_meta":{"display_name":"admin","author_link":"https:\/\/cpka.pt\/bajattmontesalentejanos\/author\/admin\/"},"featured_img":"https:\/\/cpka.pt\/bajattmontesalentejanos\/wp-content\/uploads\/sites\/3\/2021\/02\/Vitor-Santos-300x200.jpg","coauthors":[],"tax_additional":{"categories":{"linked":["<a href=\"https:\/\/cpka.pt\/bajattmontesalentejanos\/category\/news2021\/\" class=\"advgb-post-tax-term\">Not\u00edcias 2021<\/a>"],"unlinked":["<span class=\"advgb-post-tax-term\">Not\u00edcias 2021<\/span>"]}},"comment_count":"0","relative_dates":{"created":"Posted 5 anos ago","modified":"Updated 5 anos ago"},"absolute_dates":{"created":"Posted on 4 de Fevereiro, 2021","modified":"Updated on 9 de Fevereiro, 2021"},"absolute_dates_time":{"created":"Posted on 4 de Fevereiro, 2021 9:54","modified":"Updated on 9 de Fevereiro, 2021 10:04"},"featured_img_caption":"V\u00edtor Santos (Foto: D.R.)","series_order":"","_links":{"self":[{"href":"https:\/\/cpka.pt\/bajattmontesalentejanos\/wp-json\/wp\/v2\/posts\/836","targetHints":{"allow":["GET"]}}],"collection":[{"href":"https:\/\/cpka.pt\/bajattmontesalentejanos\/wp-json\/wp\/v2\/posts"}],"about":[{"href":"https:\/\/cpka.pt\/bajattmontesalentejanos\/wp-json\/wp\/v2\/types\/post"}],"author":[{"embeddable":true,"href":"https:\/\/cpka.pt\/bajattmontesalentejanos\/wp-json\/wp\/v2\/users\/1"}],"replies":[{"embeddable":true,"href":"https:\/\/cpka.pt\/bajattmontesalentejanos\/wp-json\/wp\/v2\/comments?post=836"}],"version-history":[{"count":1,"href":"https:\/\/cpka.pt\/bajattmontesalentejanos\/wp-json\/wp\/v2\/posts\/836\/revisions"}],"predecessor-version":[{"id":838,"href":"https:\/\/cpka.pt\/bajattmontesalentejanos\/wp-json\/wp\/v2\/posts\/836\/revisions\/838"}],"wp:featuredmedia":[{"embeddable":true,"href":"https:\/\/cpka.pt\/bajattmontesalentejanos\/wp-json\/wp\/v2\/media\/837"}],"wp:attachment":[{"href":"https:\/\/cpka.pt\/bajattmontesalentejanos\/wp-json\/wp\/v2\/media?parent=836"}],"wp:term":[{"taxonomy":"category","embeddable":true,"href":"https:\/\/cpka.pt\/bajattmontesalentejanos\/wp-json\/wp\/v2\/categories?post=836"},{"taxonomy":"post_tag","embeddable":true,"href":"https:\/\/cpka.pt\/bajattmontesalentejanos\/wp-json\/wp\/v2\/tags?post=836"}],"curies":[{"name":"wp","href":"https:\/\/api.w.org\/{rel}","templated":true}]}}