{"id":990,"date":"2021-03-23T10:36:06","date_gmt":"2021-03-23T10:36:06","guid":{"rendered":"https:\/\/cpka.pt\/bajattmontesalentejanos\/?p=990"},"modified":"2021-03-23T10:36:10","modified_gmt":"2021-03-23T10:36:10","slug":"david-vieira-eu-vou","status":"publish","type":"post","link":"https:\/\/cpka.pt\/bajattmontesalentejanos\/2021\/03\/23\/david-vieira-eu-vou\/","title":{"rendered":"David Vieira&#8230; EU VOU!"},"content":{"rendered":"\n<figure class=\"wp-block-embed is-type-video is-provider-youtube wp-block-embed-youtube wp-embed-aspect-16-9 wp-has-aspect-ratio\"><div class=\"wp-block-embed__wrapper\">\n<iframe loading=\"lazy\" title=\"David Vieira\" width=\"843\" height=\"474\" src=\"https:\/\/www.youtube.com\/embed\/1NgiWdoY3x0?feature=oembed\" frameborder=\"0\" allow=\"accelerometer; autoplay; clipboard-write; encrypted-media; gyroscope; picture-in-picture; web-share\" referrerpolicy=\"strict-origin-when-cross-origin\" allowfullscreen><\/iframe>\n<\/div><\/figure>\n","protected":false},"excerpt":{"rendered":"","protected":false},"author":1,"featured_media":991,"comment_status":"closed","ping_status":"closed","sticky":false,"template":"","format":"standard","meta":{"advgb_blocks_editor_width":"","advgb_blocks_columns_visual_guide":"","ngg_post_thumbnail":0,"footnotes":""},"categories":[3,4],"tags":[14],"class_list":["post-990","post","type-post","status-publish","format-standard","has-post-thumbnail","hentry","category-multimedia","category-videos","tag-ssv"],"gutentor_comment":0,"rise-blocks_total_comments":0,"rise-blocks_categories":[{"term_id":3,"name":"Multim\u00e9dia","slug":"multimedia","term_group":0,"term_taxonomy_id":3,"taxonomy":"category","description":"","parent":0,"count":62,"filter":"raw","cat_ID":3,"category_count":62,"category_description":"","cat_name":"Multim\u00e9dia","category_nicename":"multimedia","category_parent":0},{"term_id":4,"name":"V\u00eddeos","slug":"videos","term_group":0,"term_taxonomy_id":4,"taxonomy":"category","description":"","parent":3,"count":48,"filter":"raw","cat_ID":4,"category_count":48,"category_description":"","cat_name":"V\u00eddeos","category_nicename":"videos","category_parent":3}],"rise-blocks_excerpt":"","aioseo_notices":[],"author_meta":{"display_name":"admin","author_link":"https:\/\/cpka.pt\/bajattmontesalentejanos\/author\/admin\/"},"featured_img":"https:\/\/cpka.pt\/bajattmontesalentejanos\/wp-content\/uploads\/sites\/3\/2021\/03\/david-vieira-300x185.jpg","coauthors":[],"tax_additional":{"categories":{"linked":["<a href=\"https:\/\/cpka.pt\/bajattmontesalentejanos\/category\/multimedia\/\" class=\"advgb-post-tax-term\">Multim\u00e9dia<\/a>","<a href=\"https:\/\/cpka.pt\/bajattmontesalentejanos\/category\/multimedia\/videos\/\" class=\"advgb-post-tax-term\">V\u00eddeos<\/a>"],"unlinked":["<span class=\"advgb-post-tax-term\">Multim\u00e9dia<\/span>","<span class=\"advgb-post-tax-term\">V\u00eddeos<\/span>"]},"tags":{"linked":["<a href=\"https:\/\/cpka.pt\/bajattmontesalentejanos\/category\/multimedia\/videos\/\" class=\"advgb-post-tax-term\">SSV<\/a>"],"unlinked":["<span class=\"advgb-post-tax-term\">SSV<\/span>"]}},"comment_count":"0","relative_dates":{"created":"Posted 5 anos ago","modified":"Updated 5 anos ago"},"absolute_dates":{"created":"Posted on 23 de Mar\u00e7o, 2021","modified":"Updated on 23 de Mar\u00e7o, 2021"},"absolute_dates_time":{"created":"Posted on 23 de Mar\u00e7o, 2021 10:36","modified":"Updated on 23 de Mar\u00e7o, 2021 10:36"},"featured_img_caption":"","series_order":"","_links":{"self":[{"href":"https:\/\/cpka.pt\/bajattmontesalentejanos\/wp-json\/wp\/v2\/posts\/990","targetHints":{"allow":["GET"]}}],"collection":[{"href":"https:\/\/cpka.pt\/bajattmontesalentejanos\/wp-json\/wp\/v2\/posts"}],"about":[{"href":"https:\/\/cpka.pt\/bajattmontesalentejanos\/wp-json\/wp\/v2\/types\/post"}],"author":[{"embeddable":true,"href":"https:\/\/cpka.pt\/bajattmontesalentejanos\/wp-json\/wp\/v2\/users\/1"}],"replies":[{"embeddable":true,"href":"https:\/\/cpka.pt\/bajattmontesalentejanos\/wp-json\/wp\/v2\/comments?post=990"}],"version-history":[{"count":1,"href":"https:\/\/cpka.pt\/bajattmontesalentejanos\/wp-json\/wp\/v2\/posts\/990\/revisions"}],"predecessor-version":[{"id":992,"href":"https:\/\/cpka.pt\/bajattmontesalentejanos\/wp-json\/wp\/v2\/posts\/990\/revisions\/992"}],"wp:featuredmedia":[{"embeddable":true,"href":"https:\/\/cpka.pt\/bajattmontesalentejanos\/wp-json\/wp\/v2\/media\/991"}],"wp:attachment":[{"href":"https:\/\/cpka.pt\/bajattmontesalentejanos\/wp-json\/wp\/v2\/media?parent=990"}],"wp:term":[{"taxonomy":"category","embeddable":true,"href":"https:\/\/cpka.pt\/bajattmontesalentejanos\/wp-json\/wp\/v2\/categories?post=990"},{"taxonomy":"post_tag","embeddable":true,"href":"https:\/\/cpka.pt\/bajattmontesalentejanos\/wp-json\/wp\/v2\/tags?post=990"}],"curies":[{"name":"wp","href":"https:\/\/api.w.org\/{rel}","templated":true}]}}